{"id":13979,"date":"2020-10-29T13:58:12","date_gmt":"2020-10-29T16:58:12","guid":{"rendered":"https:\/\/www.sertsc.org.br\/site\/?p=13979"},"modified":"2020-10-29T13:58:12","modified_gmt":"2020-10-29T16:58:12","slug":"tse-reforca-combate-a-desinformacao-mas-disparos-eleitorais-em-massa-continuam","status":"publish","type":"post","link":"https:\/\/sertsc.org.br\/site\/tse-reforca-combate-a-desinformacao-mas-disparos-eleitorais-em-massa-continuam\/","title":{"rendered":"TSE refor\u00e7a combate \u00e0 desinforma\u00e7\u00e3o, mas disparos eleitorais em massa continuam"},"content":{"rendered":"<div class=\"uk-margin-remove-vertical\">\n<p style=\"text-align: justify;\">Ag\u00eancias de checagem de not\u00edcias, ve\u00edculos de comunica\u00e7\u00e3o, redes sociais e plataformas de internet est\u00e3o entre as 52 entidades que, no in\u00edcio de outubro, assinaram acordo com o Tribunal Superior Eleitoral (TSE) para &#8220;levar ao eleitor brasileiro informa\u00e7\u00f5es confi\u00e1veis&#8221; sobre os pleitos municipais de 15 de novembro.<\/p>\n<p style=\"text-align: justify;\">Entre as principais iniciativas do acordo est\u00e1 a capacita\u00e7\u00e3o dos participantes para identifica\u00e7\u00e3o e checagem de desinforma\u00e7\u00e3o envolvendo o processo eleitoral, al\u00e9m de uma capacita\u00e7\u00e3o espec\u00edfica sobre o funcionamento da urna eletr\u00f4nica.<\/p>\n<p style=\"text-align: justify;\">A iniciativa faz parte do Programa de Enfrentamento \u00e0 Desinforma\u00e7\u00e3o, apresentado pelo TSE como &#8220;um dos principais pilares do combate \u00e0 desinforma\u00e7\u00e3o para as Elei\u00e7\u00f5es 2020&#8221;.<\/p>\n<p style=\"text-align: justify;\">Para o presidente da corte, ministro Lu\u00eds Roberto Barroso, o objetivo do programa, concebido h\u00e1 pouco mais de um ano, \u00e9 &#8220;coibir a dissemina\u00e7\u00e3o de not\u00edcias falsas n\u00e3o pelo controle de conte\u00fado, mas mediante esclarecimentos, conscientiza\u00e7\u00e3o e informa\u00e7\u00f5es de qualidade&#8221;.<\/p>\n<p style=\"text-align: justify;\">&#8220;Liberdade de express\u00e3o n\u00e3o \u00e9 liberdade para difundir a mentira e o \u00f3dio\u201d, sustentou Barroso.<\/p>\n<p style=\"text-align: justify;\"><strong>Disparos em massa<\/strong><\/p>\n<p style=\"text-align: justify;\">Apesar dessa iniciativa promissora de combate \u00e0 desinforma\u00e7\u00e3o, o processo eleitoral brasileiro continua enfrentando problemas com a proibida pr\u00e1tica de disparos em massa de mensagem pol\u00edtica por celular.<\/p>\n<p style=\"text-align: justify;\">As mensagens em massa disparadas por celular est\u00e3o entre os principais canais para a circula\u00e7\u00e3o de fake news e boatos eleitorais.<\/p>\n<p style=\"text-align: justify;\">Depois de ter denunciado o problema em um s\u00e9rie de reportagens publicada nas elei\u00e7\u00f5es de 2018, que lhe valeram uma dura persegui\u00e7\u00e3o por parte de apoiadores do ent\u00e3o candidato Jair Bolsonaro, a jornalista da Folha de S\u00e3o Paulo Patr\u00edcia Campos Mello fez recentemente uma nova reportagem mostrando que diferentes empresas continuam oferecendo servi\u00e7os de disparo de mensagens eleitorais por WhatsApp e extra\u00e7\u00e3o de dados pessoais de eleitores por Instagram e Facebook.<\/p>\n<p style=\"text-align: justify;\">Proibida pelo TSE h\u00e1 cerca de um ano, exatamente por ser um dos principais vetores de desinforma\u00e7\u00e3o nas elei\u00e7\u00f5es, a pr\u00e1tica pode resultar em multa ou em uma a\u00e7\u00e3o de investiga\u00e7\u00e3o judicial eleitoral.<\/p>\n<\/div>\n<div class=\"uk-margin-small\" style=\"text-align: justify;\"><span class=\"prefix\">Fonte:<\/span>\u00a0Portal Imprensa<\/div>\n","protected":false},"excerpt":{"rendered":"<p>Ag\u00eancias de checagem de not\u00edcias, ve\u00edculos de comunica\u00e7\u00e3o, redes sociais&hellip;<\/p>\n<p> <a class=\"more-link\" href=\"https:\/\/sertsc.org.br\/site\/tse-reforca-combate-a-desinformacao-mas-disparos-eleitorais-em-massa-continuam\/\">Leia mais<\/a><\/p>\n","protected":false},"author":1,"featured_media":13980,"comment_status":"open","ping_status":"open","sticky":false,"template":"","format":"standard","meta":{"footnotes":""},"categories":[3],"tags":[],"class_list":{"0":"post-13979","1":"post","2":"type-post","3":"status-publish","4":"format-standard","5":"has-post-thumbnail","7":"category-noticias"},"_links":{"self":[{"href":"https:\/\/sertsc.org.br\/site\/wp-json\/wp\/v2\/posts\/13979","targetHints":{"allow":["GET"]}}],"collection":[{"href":"https:\/\/sertsc.org.br\/site\/wp-json\/wp\/v2\/posts"}],"about":[{"href":"https:\/\/sertsc.org.br\/site\/wp-json\/wp\/v2\/types\/post"}],"author":[{"embeddable":true,"href":"https:\/\/sertsc.org.br\/site\/wp-json\/wp\/v2\/users\/1"}],"replies":[{"embeddable":true,"href":"https:\/\/sertsc.org.br\/site\/wp-json\/wp\/v2\/comments?post=13979"}],"version-history":[{"count":0,"href":"https:\/\/sertsc.org.br\/site\/wp-json\/wp\/v2\/posts\/13979\/revisions"}],"wp:featuredmedia":[{"embeddable":true,"href":"https:\/\/sertsc.org.br\/site\/wp-json\/"}],"wp:attachment":[{"href":"https:\/\/sertsc.org.br\/site\/wp-json\/wp\/v2\/media?parent=13979"}],"wp:term":[{"taxonomy":"category","embeddable":true,"href":"https:\/\/sertsc.org.br\/site\/wp-json\/wp\/v2\/categories?post=13979"},{"taxonomy":"post_tag","embeddable":true,"href":"https:\/\/sertsc.org.br\/site\/wp-json\/wp\/v2\/tags?post=13979"}],"curies":[{"name":"wp","href":"https:\/\/api.w.org\/{rel}","templated":true}]}}