{"id":13971,"date":"2020-10-29T08:43:53","date_gmt":"2020-10-29T11:43:53","guid":{"rendered":"https:\/\/www.sertsc.org.br\/site\/?p=13971"},"modified":"2020-10-29T08:43:53","modified_gmt":"2020-10-29T11:43:53","slug":"anatel-abre-consulta-publica-sobre-canais-da-migracao-do-am-para-fm","status":"publish","type":"post","link":"https:\/\/sertsc.org.br\/site\/anatel-abre-consulta-publica-sobre-canais-da-migracao-do-am-para-fm\/","title":{"rendered":"Anatel abre Consulta P\u00fablica sobre canais da migra\u00e7\u00e3o do AM para FM"},"content":{"rendered":"<p style=\"text-align: justify;\">Est\u00e1 aberta at\u00e9 o dia 9 de novembro a\u00a0<a href=\"https:\/\/sistemas.anatel.gov.br\/SACP\/Contribuicoes\/TextoConsulta.asp?CodProcesso=C2404&amp;Tipo=1&amp;Opcao=andamento\" target=\"_blank\" rel=\"noreferrer noopener\">Consulta P\u00fablica (CP) 70<\/a>\u00a0da Anatel, coma a proposta de alterar o Plano B\u00e1sico de Canais de Frequ\u00eancia Modulada (PBFM). Ao todo, est\u00e3o para consulta 360 canais de FM em todo o territ\u00f3rio nacional, que ser\u00e3o disponibilizados para a migra\u00e7\u00e3o AM-FM.<\/p>\n<p style=\"text-align: justify;\">A proposta apresentada pela Anatel j\u00e1 traz os requisitos t\u00e9cnicos previstos no Ato n\u00ba 3.115\/2020, que estabelece novas rela\u00e7\u00f5es de prote\u00e7\u00e3o que aumentam as possibilidades do uso do espectro e possibilitam que mais emissoras possam prestar o servi\u00e7o de r\u00e1dio.<\/p>\n<p style=\"text-align: justify;\">Segundo a ag\u00eancia, a consulta atende a 17,45% das emissoras do servi\u00e7o de radiodifus\u00e3o sonora em Ondas M\u00e9dias (OM) existentes e amplia o servi\u00e7o de FM em 4,7%. Com a conclus\u00e3o desse trabalho, todo o estoque de demandas que aguardavam a an\u00e1lise e decis\u00e3o da Anatel ser\u00e1 conclu\u00eddo.<\/p>\n<p style=\"text-align: justify;\">O texto completo da proposta est\u00e1 dispon\u00edvel na\u00a0<a href=\"http:\/\/sistemas.anatel.gov.br\/sacp\" target=\"_blank\" rel=\"noreferrer noopener\">p\u00e1gina da Anatel na Internet<\/a>.<\/p>\n<p>&nbsp;<\/p>\n<p>Fonte: Telaviva<\/p>\n","protected":false},"excerpt":{"rendered":"<p>Est\u00e1 aberta at\u00e9 o dia 9 de novembro a\u00a0Consulta P\u00fablica&hellip;<\/p>\n<p> <a class=\"more-link\" href=\"https:\/\/sertsc.org.br\/site\/anatel-abre-consulta-publica-sobre-canais-da-migracao-do-am-para-fm\/\">Leia mais<\/a><\/p>\n","protected":false},"author":1,"featured_media":13973,"comment_status":"open","ping_status":"open","sticky":false,"template":"","format":"standard","meta":{"footnotes":""},"categories":[33],"tags":[],"class_list":{"0":"post-13971","1":"post","2":"type-post","3":"status-publish","4":"format-standard","5":"has-post-thumbnail","7":"category-destaques"},"_links":{"self":[{"href":"https:\/\/sertsc.org.br\/site\/wp-json\/wp\/v2\/posts\/13971","targetHints":{"allow":["GET"]}}],"collection":[{"href":"https:\/\/sertsc.org.br\/site\/wp-json\/wp\/v2\/posts"}],"about":[{"href":"https:\/\/sertsc.org.br\/site\/wp-json\/wp\/v2\/types\/post"}],"author":[{"embeddable":true,"href":"https:\/\/sertsc.org.br\/site\/wp-json\/wp\/v2\/users\/1"}],"replies":[{"embeddable":true,"href":"https:\/\/sertsc.org.br\/site\/wp-json\/wp\/v2\/comments?post=13971"}],"version-history":[{"count":0,"href":"https:\/\/sertsc.org.br\/site\/wp-json\/wp\/v2\/posts\/13971\/revisions"}],"wp:featuredmedia":[{"embeddable":true,"href":"https:\/\/sertsc.org.br\/site\/wp-json\/"}],"wp:attachment":[{"href":"https:\/\/sertsc.org.br\/site\/wp-json\/wp\/v2\/media?parent=13971"}],"wp:term":[{"taxonomy":"category","embeddable":true,"href":"https:\/\/sertsc.org.br\/site\/wp-json\/wp\/v2\/categories?post=13971"},{"taxonomy":"post_tag","embeddable":true,"href":"https:\/\/sertsc.org.br\/site\/wp-json\/wp\/v2\/tags?post=13971"}],"curies":[{"name":"wp","href":"https:\/\/api.w.org\/{rel}","templated":true}]}}