{"id":13964,"date":"2020-10-28T08:45:43","date_gmt":"2020-10-28T11:45:43","guid":{"rendered":"https:\/\/www.sertsc.org.br\/site\/?p=13964"},"modified":"2020-10-28T08:45:43","modified_gmt":"2020-10-28T11:45:43","slug":"em-enquete-ouvintes-afirmam-que-e-preciso-ter-responsabilidade-com-declaracoes-publicas-para-evitar-violencia","status":"publish","type":"post","link":"https:\/\/sertsc.org.br\/site\/em-enquete-ouvintes-afirmam-que-e-preciso-ter-responsabilidade-com-declaracoes-publicas-para-evitar-violencia\/","title":{"rendered":"Em enquete, ouvintes afirmam que \u00e9 preciso ter responsabilidade com declara\u00e7\u00f5es p\u00fablicas para evitar viol\u00eancia"},"content":{"rendered":"<p style=\"text-align: justify;\">Um assunto muito comum no Brasil \u00e9 a viol\u00eancia contra profissionais e ve\u00edculos de comunica\u00e7\u00e3o, algo antag\u00f4nico com o que se espera de uma sociedade que vive um regime democr\u00e1tico. E a sensa\u00e7\u00e3o de que existem dificuldades no exerc\u00edcio da imprensa no pa\u00eds \u00e9 percebida pelos ouvintes de r\u00e1dio que responderam \u00e0 enquete feita pelo\u00a0tudoradio.com\u00a0sobre esse cen\u00e1rio. Entre os votantes, a grande maioria acredita que declara\u00e7\u00f5es de autoridades ou pessoas p\u00fablicas podem incentivar pr\u00e1ticas violentas contra profissionais e meios de comunica\u00e7\u00e3o.<\/p>\n<p style=\"text-align: justify;\">O\u00a0tudoradio.com\u00a0questionou os radionautas (visitantes do portal) da seguinte forma: &#8220;as declara\u00e7\u00f5es de uma autoridade ou pessoa p\u00fablica podem incentivar a viol\u00eancia contra meios e profissionais de comunica\u00e7\u00e3o?&#8221;. Para 81% dos participantes, a resposta \u00e9 sim e &#8220;\u00e9 preciso ter responsabilidade com as declara\u00e7\u00f5es p\u00fablicas&#8221;.<\/p>\n<p style=\"text-align: justify;\">J\u00e1 para 19%, a viol\u00eancia contra os profissionais e meios de comunica\u00e7\u00e3o n\u00e3o \u00e9 incentivada por declara\u00e7\u00f5es de autoridades e figuras p\u00fablicas, sendo causada por outros motivos.<\/p>\n<p style=\"text-align: justify;\">Vale ressaltar que a enquete n\u00e3o conta com processo cient\u00edfico de avalia\u00e7\u00e3o, sendo apenas uma forma de saber como foi o comportamento dos visitantes do portal perante o tema proposto.<\/p>\n<p style=\"text-align: justify;\">A enquete esteve em vig\u00eancia entre a segunda quinzena de julho e a primeira quinzena de outubro. E o n\u00famero total de votos foi de 314.<\/p>\n<p style=\"text-align: justify;\"><img fetchpriority=\"high\" decoding=\"async\" class=\"aligncenter size-full wp-image-13965\" src=\"https:\/\/www.sertsc.org.br\/site\/wp-content\/uploads\/2020\/10\/5f98e724cb07f.png\" alt=\"\" width=\"500\" height=\"236\" \/><\/p>\n<p style=\"text-align: justify;\">\n<p style=\"text-align: justify;\"><strong>A pr\u00f3xima enquete: elei\u00e7\u00f5es municipais de 2020<\/strong><\/p>\n<p style=\"text-align: justify;\">A internet tem sido um grande campo para discuss\u00f5es pol\u00edticas, seja durante e fora os per\u00edodos eleitorais recentes. No pleito de 2018, h\u00e1 quem afirme que o peso da propaganda eleitoral em r\u00e1dio e TV n\u00e3o foi t\u00e3o determinante para os resultados vistos ap\u00f3s a apura\u00e7\u00e3o das urnas.<\/p>\n<p style=\"text-align: justify;\">Mas e agora? O consumo de m\u00eddia como r\u00e1dio e televis\u00e3o est\u00e3o em alta e o processo eleitoral de 2020 \u00e9 municipal, com dura\u00e7\u00e3o mais curta e uma s\u00e9rie de modifica\u00e7\u00f5es devido a pandemia do novo coronav\u00edrus. Pensando isso, o tudoradio.com pergunta &#8220;qual ser\u00e1 o papel do r\u00e1dio nas elei\u00e7\u00f5es municipais de 2020&#8221;.<\/p>\n<p style=\"text-align: justify;\">Para participar basta acessar\u00a0<strong><a href=\"https:\/\/tudoradio.com\/enquetes\">tudoradio.com\/enquetes<\/a><\/strong>\u00a0ou responder no menu do portal, localizado na lateral esquerda para quem acessa via desktop e tablets.<\/p>\n<p style=\"text-align: justify;\">Fonte: Tudor\u00e1dio<\/p>\n","protected":false},"excerpt":{"rendered":"<p>Um assunto muito comum no Brasil \u00e9 a viol\u00eancia contra&hellip;<\/p>\n<p> <a class=\"more-link\" href=\"https:\/\/sertsc.org.br\/site\/em-enquete-ouvintes-afirmam-que-e-preciso-ter-responsabilidade-com-declaracoes-publicas-para-evitar-violencia\/\">Leia mais<\/a><\/p>\n","protected":false},"author":1,"featured_media":13966,"comment_status":"open","ping_status":"open","sticky":false,"template":"","format":"standard","meta":{"footnotes":""},"categories":[3],"tags":[],"class_list":{"0":"post-13964","1":"post","2":"type-post","3":"status-publish","4":"format-standard","5":"has-post-thumbnail","7":"category-noticias"},"_links":{"self":[{"href":"https:\/\/sertsc.org.br\/site\/wp-json\/wp\/v2\/posts\/13964","targetHints":{"allow":["GET"]}}],"collection":[{"href":"https:\/\/sertsc.org.br\/site\/wp-json\/wp\/v2\/posts"}],"about":[{"href":"https:\/\/sertsc.org.br\/site\/wp-json\/wp\/v2\/types\/post"}],"author":[{"embeddable":true,"href":"https:\/\/sertsc.org.br\/site\/wp-json\/wp\/v2\/users\/1"}],"replies":[{"embeddable":true,"href":"https:\/\/sertsc.org.br\/site\/wp-json\/wp\/v2\/comments?post=13964"}],"version-history":[{"count":0,"href":"https:\/\/sertsc.org.br\/site\/wp-json\/wp\/v2\/posts\/13964\/revisions"}],"wp:featuredmedia":[{"embeddable":true,"href":"https:\/\/sertsc.org.br\/site\/wp-json\/"}],"wp:attachment":[{"href":"https:\/\/sertsc.org.br\/site\/wp-json\/wp\/v2\/media?parent=13964"}],"wp:term":[{"taxonomy":"category","embeddable":true,"href":"https:\/\/sertsc.org.br\/site\/wp-json\/wp\/v2\/categories?post=13964"},{"taxonomy":"post_tag","embeddable":true,"href":"https:\/\/sertsc.org.br\/site\/wp-json\/wp\/v2\/tags?post=13964"}],"curies":[{"name":"wp","href":"https:\/\/api.w.org\/{rel}","templated":true}]}}