{"id":13957,"date":"2020-10-26T16:55:21","date_gmt":"2020-10-26T19:55:21","guid":{"rendered":"https:\/\/www.sertsc.org.br\/site\/?p=13957"},"modified":"2020-10-26T16:55:21","modified_gmt":"2020-10-26T19:55:21","slug":"levantamento-socialbakers-aponta-que-o-numero-de-mencoes-sobre-podcast-e-destaque-durante-a-pandemia","status":"publish","type":"post","link":"https:\/\/sertsc.org.br\/site\/levantamento-socialbakers-aponta-que-o-numero-de-mencoes-sobre-podcast-e-destaque-durante-a-pandemia\/","title":{"rendered":"Levantamento Socialbakers aponta que o n\u00famero de men\u00e7\u00f5es sobre podcast \u00e9 destaque durante a pandemia"},"content":{"rendered":"<p style=\"text-align: justify;\">De acordo com um estudo da Socialbakers, plataforma l\u00edder global em solu\u00e7\u00f5es para a otimiza\u00e7\u00e3o de performance corporativa em redes sociais, o n\u00famero total de marcas mencionando a plataforma podcast atingiu seu pico em abril de 2020. O n\u00famero de novos podcasts vem aumentando juntamente com a quantidade de ouvintes deste tipo de conte\u00fado, o que faz com que as marcas possam escolher o podcast mais adequado para represent\u00e1-las e que esteja diretamente ligado ao seu p\u00fablico.<\/p>\n<p style=\"text-align: justify;\">O\u00a0<strong><a href=\"https:\/\/tudoradio.com\/noticias\/ver\/24252-radio-show-2020-consumo-de-podcast-segue-aumentando-e-tornou-se-oportunidade-de-atrair-ouvintes-e-anunciantes\">Socialbakers ratifica o que foi divulgado durante a vers\u00e3o virtual do Radio Show,<\/a><\/strong>\u00a0que abordou um painel dedicado a podcast. O co-fundador da Tenderfoot TV, Donald Albright, disse que a pandemia do novo coronav\u00edrus afetou a produ\u00e7\u00e3o de novos programas que exigem entrevistas cara a cara, e v\u00e1rios outros na prancheta foram adiados para 2021. A audi\u00eancia manteve-se est\u00e1vel ou, em outros casos em que houve quedas, ela se recuperou costas. Mas a publicidade ainda n\u00e3o refletiu isso.<\/p>\n<p style=\"text-align: justify;\">O estudo tcheco apontou que a possibilidade de executar os arquivos de \u00e1udio em diferentes aplicativos e sites, sem a necessidade de visualizar imagens, como \u00e9 o caso do YouTube, por exemplo, tornam o formato mais f\u00e1cil de ser consumido no transporte, trabalho e at\u00e9 no banho ou lavando a lou\u00e7a. Com isso, a ferramenta passou a ser mais usada por criadores de conte\u00fado e vem conquistando mais ouvintes, ainda mais por permitir a segmenta\u00e7\u00e3o de assuntos e a busca por podcasts espec\u00edficos de cada tema. Percebendo essa nova postura mundial, ele se tornou um formato de destaque para as marcas durante a pandemia.<\/p>\n<p style=\"text-align: justify;\">Ainda segundo o levantamento, as marcas que mais falaram sobre podcasts este ano pertencem ao setor de Servi\u00e7os, que \u00e9 l\u00edder tanto no Facebook quanto no Instagram com um total de 40% de suas publica\u00e7\u00f5es citando os podcasts. E o segundo lugar no ranking fica com o Com\u00e9rcio Eletr\u00f4nico, no Instagram, e com o Financeiro, no Facebook. Em ambos os setores, cerca de 9% dos perfis de marcas mencionaram podcasts e destes cerca de 15% de suas postagens s\u00e3o sobre o assunto.<\/p>\n<p style=\"text-align: justify;\"><strong>Metodologia do relat\u00f3rio<\/strong><\/p>\n<p style=\"text-align: justify;\">Os Social Media Trends Reports refletem o banco de dados da Socialbakers no in\u00edcio do trimestre seguinte ao trimestre do relat\u00f3rio. Os dados s\u00e3o extra\u00eddos uma vez e n\u00e3o s\u00e3o atualizados entre as libera\u00e7\u00f5es.<\/p>\n<p style=\"text-align: justify;\">Fonte: Tudor\u00e1dio<\/p>\n","protected":false},"excerpt":{"rendered":"<p>De acordo com um estudo da Socialbakers, plataforma l\u00edder global&hellip;<\/p>\n<p> <a class=\"more-link\" href=\"https:\/\/sertsc.org.br\/site\/levantamento-socialbakers-aponta-que-o-numero-de-mencoes-sobre-podcast-e-destaque-durante-a-pandemia\/\">Leia mais<\/a><\/p>\n","protected":false},"author":1,"featured_media":13958,"comment_status":"open","ping_status":"open","sticky":false,"template":"","format":"standard","meta":{"footnotes":""},"categories":[3],"tags":[],"class_list":{"0":"post-13957","1":"post","2":"type-post","3":"status-publish","4":"format-standard","5":"has-post-thumbnail","7":"category-noticias"},"_links":{"self":[{"href":"https:\/\/sertsc.org.br\/site\/wp-json\/wp\/v2\/posts\/13957","targetHints":{"allow":["GET"]}}],"collection":[{"href":"https:\/\/sertsc.org.br\/site\/wp-json\/wp\/v2\/posts"}],"about":[{"href":"https:\/\/sertsc.org.br\/site\/wp-json\/wp\/v2\/types\/post"}],"author":[{"embeddable":true,"href":"https:\/\/sertsc.org.br\/site\/wp-json\/wp\/v2\/users\/1"}],"replies":[{"embeddable":true,"href":"https:\/\/sertsc.org.br\/site\/wp-json\/wp\/v2\/comments?post=13957"}],"version-history":[{"count":0,"href":"https:\/\/sertsc.org.br\/site\/wp-json\/wp\/v2\/posts\/13957\/revisions"}],"wp:featuredmedia":[{"embeddable":true,"href":"https:\/\/sertsc.org.br\/site\/wp-json\/"}],"wp:attachment":[{"href":"https:\/\/sertsc.org.br\/site\/wp-json\/wp\/v2\/media?parent=13957"}],"wp:term":[{"taxonomy":"category","embeddable":true,"href":"https:\/\/sertsc.org.br\/site\/wp-json\/wp\/v2\/categories?post=13957"},{"taxonomy":"post_tag","embeddable":true,"href":"https:\/\/sertsc.org.br\/site\/wp-json\/wp\/v2\/tags?post=13957"}],"curies":[{"name":"wp","href":"https:\/\/api.w.org\/{rel}","templated":true}]}}