{"id":13954,"date":"2020-10-26T16:46:19","date_gmt":"2020-10-26T19:46:19","guid":{"rendered":"https:\/\/www.sertsc.org.br\/site\/?p=13954"},"modified":"2020-10-26T16:46:19","modified_gmt":"2020-10-26T19:46:19","slug":"anatel-publica-consulta-publica-com-a-canalizacao-do-fm-estendido-para-migracao-am-fm-em-todo-o-brasil","status":"publish","type":"post","link":"https:\/\/sertsc.org.br\/site\/anatel-publica-consulta-publica-com-a-canalizacao-do-fm-estendido-para-migracao-am-fm-em-todo-o-brasil\/","title":{"rendered":"Anatel publica Consulta P\u00fablica com a canaliza\u00e7\u00e3o do FM estendido para migra\u00e7\u00e3o AM-FM em todo o Brasil"},"content":{"rendered":"<p style=\"text-align: justify;\"><em>Atualizado \u00e0s 16h12<\/em>\u00a0&#8211; A\u00a0Ag\u00eancia Nacional de Telecomunica\u00e7\u00f5es (Anatel) publicou nesta segunda-feira (26) a\u00a0<strong><a href=\"https:\/\/sistemas.anatel.gov.br\/SACP\/Contribuicoes\/TextoConsulta.asp?CodProcesso=C2404&amp;Tipo=1&amp;Opcao=andamento\" target=\"_blank\" rel=\"noopener noreferrer\">Consulta P\u00fablica n\u00ba 70 de 20 de outubro de 2020<\/a><\/strong>\u00a0para coment\u00e1rios p\u00fablicos referentes a centenas de canais que ser\u00e3o utilizados para a migra\u00e7\u00e3o AM-FM. A maioria deles s\u00e3o destinados \u00e0 canaliza\u00e7\u00e3o do chamado dial FM estendido incluindo diversas capitais, como S\u00e3o Paulo, Rio de Janeiro, Bras\u00edlia, Belo Horizonte, Curitiba, Fortaleza, Recife, Porto Alegre, al\u00e9m de grandes cidades como Campinas, S\u00e3o Jos\u00e9 dos Campos, Ribeir\u00e3o Preto, Sorocaba,\u00a0Joinville, Londrina, entre outras.\u00a0<strong><em>Confira logo abaixo a lista de frequ\u00eancias de FMe (faixa\u00a0estendido) nas capitais e em algumas das principais cidades do interior<\/em><\/strong>.<\/p>\n<p style=\"text-align: justify;\">Ao todo, s\u00e3o 365 canais (na maioria em dial estendido) em 14 estados. Entre as cidades que foram contempladas nesta consulta est\u00e3o S\u00e3o Paulo, Salvador, Fortaleza, Bras\u00edlia, Goi\u00e2nia, Belo Horizonte, Recife, Curitiba, Rio de Janeiro, Porto Alegre, Aracaju, Florian\u00f3polis e as cidades das respectivas regi\u00f5es metropolitanas. Al\u00e9m disso, h\u00e1 cidades no interior do pa\u00eds, como Blumenau, Crici\u00fama, Joinville, Campinas, Sorocaba, Ribeir\u00e3o Preto, S\u00e3o Jos\u00e9 do Rio Preto, Presidente Prudente, Santos, S\u00e3o Jose dos Campos.<\/p>\n<p style=\"text-align: justify;\">A consulta tamb\u00e9m apresentou canaliza\u00e7\u00e3o para a cidade de Foz do Igua\u00e7u, onde poder\u00e1 ocorrer conflitos com canais de outros pa\u00edses. Neste caso, segundo a consulta p\u00fablica, os canais que est\u00e3o localizados em zona de fronteira, indicados com &#8220;(ZC)&#8221; no campo observa\u00e7\u00f5es, somente ser\u00e3o efetivados ap\u00f3s a necess\u00e1ria coordena\u00e7\u00e3o com as administra\u00e7\u00f5es do Mercosul.<\/p>\n<p style=\"text-align: justify;\">As contribui\u00e7\u00f5es e sugest\u00f5es fundamentadas e devidamente identificadas devem ser encaminhadas por meio do formul\u00e1rio eletr\u00f4nico do Sistema Interativo de Acompanhamento de Consulta P\u00fablica (SACP), at\u00e9 \u00e0s 23 horas e 59 minutos do d\u00e9cimo quinto dia da publica\u00e7\u00e3o do seu extrato no Di\u00e1rio Oficial da Uni\u00e3o, ou seja, at\u00e9 o dia 17 de novembro.<\/p>\n<p style=\"text-align: justify;\">Na mesma consulta tamb\u00e9m h\u00e1 a libera\u00e7\u00e3o de canais em FM convencional (88.1 FM a 107.9 FM) que foram destinados para a migra\u00e7\u00e3o AM-FM em algumas pra\u00e7as, caso de Uberl\u00e2ndia (MG) que contar\u00e1 com uma nova r\u00e1dio de classe E3 (<a href=\"http:\/\/tudoradio.com\/conteudo\/ver\/1-O-Radio-Tecnica\"><strong>saiba mais<\/strong><\/a>\u00a0sobre a classifica\u00e7\u00e3o das esta\u00e7\u00f5es).<\/p>\n<p style=\"text-align: justify;\"><strong>Novo regulamento sobre canaliza\u00e7\u00e3o entre em vigor no dia 3<\/strong><\/p>\n<p style=\"text-align: justify;\">O\u00a0<strong><a href=\"https:\/\/tudoradio.com\/noticias\/ver\/24336-regulamento-que-viabiliza-migracao-am-fm-com-disponibilizacao-da-faixa-estendida-passa-a-valer-no-dia-3\">novo Regulamento sobre Canaliza\u00e7\u00e3o e Uso de Radiofrequ\u00eancias, aprovado pela Anatel\u00a0<\/a><\/strong>vai entrar em vigor na pr\u00f3xima ter\u00e7a-feira (3). Esse novo regulamento vai levar diversas mudan\u00e7as na regulamenta\u00e7\u00e3o do setor da radiodifus\u00e3o, como a viabiliza\u00e7\u00e3o da migra\u00e7\u00e3o AM-FM e a disponibiliza\u00e7\u00e3o da faixa estendida, que ser\u00e1 operada de 76.1 FM a 87.5 FM.<\/p>\n<p style=\"text-align: justify;\"><strong>Frequ\u00eancias em FMe nas capitais e suas respectivas\u00a0<a href=\"https:\/\/tudoradio.com\/conteudo\/ver\/1-O-Radio-Tecnica\">classes de opera\u00e7\u00e3o<\/a>\u00a0(porte t\u00e9cnico), segundo consulta p\u00fablica:<\/strong><\/p>\n<p style=\"text-align: justify;\"><strong>S\u00e3o Paulo:<\/strong>\u00a076.7 FM (E2), 77.1 FM (E2), 77.5 FM (E2), 77.9 FM (A1), 78.7 FM (A2), 79.5 FM (A4), 83.5 FM (A4), 84.3 FM (A4), 85.1 FM (A4), 85.9 FM (A1) e 86.3 FM (A1)<\/p>\n<p style=\"text-align: justify;\"><strong>Grande S\u00e3o Paulo:<\/strong>\u00a0Guarulhos (84.7 FM &#8211; A4 \/ 85.5 FM &#8211; A4), Mau\u00e1 (81.5 FM &#8211; A4), Mogi das Cruzes (78.3 FM &#8211; A3 \/ 83.9 FM &#8211; A4), Osasco (79.1 FM &#8211; A4 \/ 79.9 FM &#8211; A3), Santa Isabel (81.7 FM &#8211; A1 \/ 82.1 FM &#8211; E3), Santo Andr\u00e9 (80.3 FM &#8211; A1 \/ 81.9 FM &#8211; A4), S\u00e3o Bernardo do Campo (81.1 FM &#8211; A4), S\u00e3o Caetano do Sul (80.7 FM &#8211; A3),<\/p>\n<p style=\"text-align: justify;\"><strong>Rio de Janeiro<\/strong>\u00a0&#8211; 77.3 FM (A4), 78.1 FM (A4), 78.9 FM (A4), 80.5 FM (A3), 81.3 FM (A2), 82.1 FM (A2), 82.9 FM (A1), 83.7 FM (A1), 84.5 FM (E3), 84.9 FM (E2), 85.3 FM (E2), 85.7 FM (E2), 86.1 FM (E2), 86.5 FM (E2)<\/p>\n<p style=\"text-align: justify;\"><strong>Grande Rio de Janeiro:<\/strong>\u00a0\u00a0Niter\u00f3i (76.5 FM &#8211; E3 \/ 76.9 FM &#8211; A1), Nova Igua\u00e7u (80.1 FM &#8211; A1), S\u00e3o Gon\u00e7alo (81.7 FM &#8211; A1), S\u00e3o Jo\u00e3o de Meriti (80.9 FM &#8211; A4).<\/p>\n<p style=\"text-align: justify;\"><strong>Bras\u00edlia:<\/strong>\u00a076.1 FM (A1), 76.9 FM (A1), 77.7 FM (A2), 78.5 FM (A3), 79.3 FM (A4), 80.1 FM (A3)<\/p>\n<div class=\"pp-box-adunit pp-ad-loading pp-type-intext\">\n<div class=\"pp-adunit\">\n<div class=\"pp-ad\" style=\"text-align: justify;\">\n<div id=\"P_TUDO_RADIO_INTEXT_03_0\" data-premium=\"\" data-adunit=\"TUDO_RADIO_INTEXT_03\" data-sizes-mobile=\"[[336,280],[300,250]] \" data-sizes-desktop=\"[[336,280],[300,250]]\" data-type=\"intext\" data-premium-load=\"\" data-fetch=\"true\" data-google-query-id=\"CNeanaeB0-wCFdAGuQYdjLsNyA\">\n<p><strong>Entorno do DF \/ Bras\u00edlia:<\/strong>\u00a0Santo Ant\u00f4nio do Descoberto (82.1 FM &#8211; A4 \/ 86.1 FM &#8211; A3)<\/p>\n<p><strong>Belo Horizonte:<\/strong>\u00a078.5 FM (A3), 79.3 FM (A2), 80.1 FM (A1), 80.9 FM (E3), 81.7 FM (E2)<\/p>\n<p><strong>Grande Belo Horizonte:<\/strong>\u00a0Nova Lima (76.1 FM &#8211; A3 \/ 76.9 FM &#8211; E3), Pedro Leopoldo (78.1 FM &#8211; A3), Sete Lagoas (79.7 FM &#8211; A4 \/ 80.5 FM &#8211; A4), Vespasiano (78.9 FM &#8211; A4)<\/p>\n<p><strong>Salvador:<\/strong>\u00a076.1 FM (A4), 76.9 FM (A4), 77.7 FM (A3), 78.5 FM (A2), 79.3 FM (A2), 80.1 FM (A1), 80.9 FM (E2), 81.7 FM (E3)<\/p>\n<p><strong>Curitiba:<\/strong>\u00a080.1 FM (A4), 80.5 FM (A4), 80.9 FM (A4), 81.3 FM (A4), 83.7 FM (A3), 84.1 FM (A3), 84.5 FM (A3), 85.3 FM (A1), 85.7 FM (A1), 86.1 FM (E3), 86.5 FM (E3).<\/p>\n<p><strong>Grande Curitiba:<\/strong>\u00a0Balsa Nova (79.3 FM &#8211; A4), Campo Largo (82.5 FM &#8211; A1), Colombo (84.9 FM &#8211; A2), S\u00e3o Jos\u00e9 dos Pinhais (82.1 FM &#8211; A3).<\/p>\n<p><strong>Recife:<\/strong>\u00a076.1 FM (A1), 76.9 FM (A4), 77.7 FM (A2), 78.5 FM (A4), 79.3 FM (E2), 80.1 FM (A1), 80.9 FM (E3)<\/p>\n<p><strong>Grande Recife:<\/strong>\u00a0Cabo de Santo Agostinho (82.9 FM &#8211; A4), Paulista (86.5 FM &#8211; A3), S\u00e3o Louren\u00e7o da Mata (82.1 FM &#8211; C)<\/p>\n<p><strong>Porto Alegre:<\/strong>\u00a079.5 FM (A4), 80.3 FM (A3), 81.1 FM (A3), 82.5 FM (A2), 83.3 FM (A1), 84.1 FM (A1), 84.9 FM (A1), 85.7 FM (E2), 86.5 FM (E2)<\/p>\n<p><strong>Grande Porto Alegre:<\/strong>\u00a0Canoas (77.9 FM &#8211; A2 \/ 78.7 FM- B1 \/ 79.1 FM &#8211; A4), Esteio (76.7 FM &#8211; A4 \/ 81.5 FM &#8211; A4), Gravata\u00ed (77.1 FM &#8211; A1 \/ 80.7 FM &#8211; A4), Gua\u00edba (76.3 FM &#8211; A2), S\u00e3o Leopoldo (81.9 FM &#8211; A4)<\/p>\n<p><strong>Fortaleza:<\/strong>\u00a076.9 FM (A4), 77.7 FM (C), 78.5 FM (A2), 79.3 FM (A1), 80.1 FM (A1), 80.9 FM (A1), 81.7 FM (E3)<\/p>\n<p><strong>Grande Fortaleza:<\/strong>\u00a0Caucaia (79.7 FM &#8211; A2), Maracana\u00fa (76.1 FM &#8211; A1 \/ 80.5 FM &#8211; A4), Pacatuba (78.9 FM &#8211; C)<\/p>\n<\/div>\n<\/div>\n<p style=\"text-align: justify;\"><strong>Goi\u00e2nia:<\/strong>\u00a082.5 FM (A3), 83.3 FM (A4), 84.1 FM (E3), 84.9 FM (A1), 85.3 FM (A1), 85.7 FM (A1), 86.5 FM (A2)<\/p>\n<p style=\"text-align: justify;\"><strong>Grande Goi\u00e2nia:<\/strong>\u00a0Aparecida de Goi\u00e2nia (82.9 FM &#8211; A2)<\/p>\n<p style=\"text-align: justify;\"><strong>Florian\u00f3polis:<\/strong>\u00a080.5 FM (C), 81.3 FM (B2), 84.7 FM (A4), 85.5 FM (A3), 86.3 FM (A1)<\/p>\n<p style=\"text-align: justify;\"><strong>Grande Vit\u00f3ria:<\/strong>\u00a0Cariacica (86.1 FM &#8211; A1 \/ 86.5 FM &#8211; A1)<\/p>\n<p style=\"text-align: justify;\"><strong>Mais cidades:<\/strong><\/p>\n<p style=\"text-align: justify;\"><strong>Campinas (SP)<\/strong>:\u00a084.5 FM (A2), 84.9 FM (A4), 85.3 FM (A4), 85.7 FM (A3), 76.3 FM (B1 &#8211; Americana), 82.5 FM (C &#8211; Americana), 78.5 FM (A4 &#8211; Itatiba), 78.1 FM (A1 &#8211; Nova Odessa), 78.9 FM (B1 &#8211; Sumar\u00e9), 79.3 FM (A4 &#8211; Valinhos)<\/p>\n<p style=\"text-align: justify;\"><strong>S\u00e3o Jos\u00e9 dos Campos (SP):<\/strong>\u00a076.5 FM (C), 78.9 FM (A1), 80.5 FM (A3), 84.9 FM (A4 &#8211; Jacare\u00ed)<\/p>\n<p style=\"text-align: justify;\"><strong>Ribeir\u00e3o Preto (SP):<\/strong>\u00a080.1 FM (E3), 82.7 FM (A1), 83.1 FM (A1), 84.9 FM (A4), 85.3 FM (A4),\u00a085.9 FM (E3 &#8211; Sert\u00e3ozinho), 86.5 FM (C &#8211; Sert\u00e3ozinho)<\/p>\n<p style=\"text-align: justify;\"><strong>Sorocaba (SP):<\/strong>\u00a080.1 FM (A4), 82.7 FM (A3), 76.5 FM (A3 &#8211; Votorantim), 78.3 FM (C &#8211; Votorantim)<\/p>\n<p style=\"text-align: justify;\"><strong>Santos (SP):<\/strong>\u00a076.1 FM (E3), 76.9 FM (A1), 77.7 FM (A1), 78.5 FM (A4), 79.3 FM (A4), 77.3 FM (A4 &#8211; Guaruj\u00e1)<\/p>\n<p style=\"text-align: justify;\"><strong>Jundia\u00ed (SP):<\/strong>\u00a082.3 FM (A1), 83.1 FM (A1)<\/p>\n<p style=\"text-align: justify;\"><strong>S\u00e3o Jos\u00e9 do Rio Preto (SP):<\/strong>\u00a082.1 FM (A1), 82.5 FM (A2), 83.3 FM (A4), 83.9 FM (A4)<\/p>\n<p style=\"text-align: justify;\"><strong>Piracicaba (SP):<\/strong>\u00a080.3 FM (A1), 80.9 FM (A2)<\/p>\n<div class=\"pp-box-adunit pp-ad-loading pp-type-intext\" style=\"text-align: justify;\">\n<div class=\"pp-adunit\">\n<div class=\"pp-ad\">\n<div id=\"P_TUDO_RADIO_INTEXT_05_0\" data-premium=\"\" data-adunit=\"TUDO_RADIO_INTEXT_05\" data-sizes-mobile=\"[[336,280],[300,250]] \" data-sizes-desktop=\"[[336,280],[300,250]]\" data-type=\"intext\" data-premium-load=\"\" data-fetch=\"true\" data-google-query-id=\"CJ_Y0_SB0-wCFfgvuQYdhP0AAQ\">\n<p><strong>Taubat\u00e9 (SP):<\/strong>\u00a079.3 FM (A1), 80.1 FM (E3), 80.9 FM (A3)<\/p>\n<p><strong>Franca (SP):<\/strong>\u00a083.9 FM (A2), 84.7 FM (A2), 85.5 FM (A2)<\/p>\n<p><strong>Limeira (SP):<\/strong>\u00a082.9 FM (A1), 83.3 FM (A2)<\/p>\n<p><strong>Mar\u00edlia (SP):<\/strong>\u00a076.7 FM (A1), 77.1 FM (A3)<\/p>\n<p><strong>Presidente Prudente (SP):<\/strong>\u00a076.5 FM (A3), 76.9 FM (A2), 77.7 FM (A4), 78.1 FM (A4)<\/p>\n<p><strong>Rio Claro (SP):<\/strong>\u00a083.9 FM (A1), 85.5 FM (C), 86.1 FM (C)<\/p>\n<p><strong>Petr\u00f3polis (RJ)<\/strong>: 78.5 FM (C), 79.3 FM (A4)<\/p>\n<p><strong>Londrina (PR)<\/strong>\u00a0&#8211; 77.7 FM (B1)<\/p>\n<p><strong>Foz do Igua\u00e7u (PR):<\/strong>\u00a080.5 FM (A4), 80.9 FM (A4)<\/p>\n<p><strong>Caxias do Sul (RS):\u00a0<\/strong>77.5 FM (A4) 82.9 FM (A2), 83.7 FM (A2), 86.1 FM (E3), 79.9 FM (A3 &#8211; Farroupilha)<\/p>\n<p><strong>Joinville (SC):<\/strong>\u00a077.3 FM (C), 78.1 FM (B2), 78.9 FM (A4), 79.7 FM (A4)<\/p>\n<p><strong>Blumenau (SC):<\/strong>\u00a082.1 FM (A4), 82.7 FM (A4), 83.1 FM (A3), 83.9 FM (A1)<\/p>\n<p><strong>Itaja\u00ed (SC):<\/strong>\u00a082.5 FM (C), 83.5 FM (C)<\/p>\n<p><em>Colabora\u00e7\u00f5es de Daniel Starck e Luiz Fernando<\/em><\/p>\n<\/div>\n<p>Fonte: Tudor\u00e1dio<\/p>\n<\/div>\n<\/div>\n<\/div>\n<div class=\"pp-ad\">\n<div id=\"P_TUDO_RADIO_INTEXT_03_0\" data-premium=\"\" data-adunit=\"TUDO_RADIO_INTEXT_03\" data-sizes-mobile=\"[[336,280],[300,250]] \" data-sizes-desktop=\"[[336,280],[300,250]]\" data-type=\"intext\" data-premium-load=\"\" data-fetch=\"true\" data-google-query-id=\"CNeanaeB0-wCFdAGuQYdjLsNyA\">\n<p style=\"text-align: justify;\">\n<\/div>\n<\/div>\n<\/div>\n<\/div>\n","protected":false},"excerpt":{"rendered":"<p>Atualizado \u00e0s 16h12\u00a0&#8211; A\u00a0Ag\u00eancia Nacional de Telecomunica\u00e7\u00f5es (Anatel) publicou nesta&hellip;<\/p>\n<p> <a class=\"more-link\" href=\"https:\/\/sertsc.org.br\/site\/anatel-publica-consulta-publica-com-a-canalizacao-do-fm-estendido-para-migracao-am-fm-em-todo-o-brasil\/\">Leia mais<\/a><\/p>\n","protected":false},"author":1,"featured_media":13955,"comment_status":"open","ping_status":"open","sticky":false,"template":"","format":"standard","meta":{"footnotes":""},"categories":[3],"tags":[],"class_list":{"0":"post-13954","1":"post","2":"type-post","3":"status-publish","4":"format-standard","5":"has-post-thumbnail","7":"category-noticias"},"_links":{"self":[{"href":"https:\/\/sertsc.org.br\/site\/wp-json\/wp\/v2\/posts\/13954","targetHints":{"allow":["GET"]}}],"collection":[{"href":"https:\/\/sertsc.org.br\/site\/wp-json\/wp\/v2\/posts"}],"about":[{"href":"https:\/\/sertsc.org.br\/site\/wp-json\/wp\/v2\/types\/post"}],"author":[{"embeddable":true,"href":"https:\/\/sertsc.org.br\/site\/wp-json\/wp\/v2\/users\/1"}],"replies":[{"embeddable":true,"href":"https:\/\/sertsc.org.br\/site\/wp-json\/wp\/v2\/comments?post=13954"}],"version-history":[{"count":0,"href":"https:\/\/sertsc.org.br\/site\/wp-json\/wp\/v2\/posts\/13954\/revisions"}],"wp:featuredmedia":[{"embeddable":true,"href":"https:\/\/sertsc.org.br\/site\/wp-json\/"}],"wp:attachment":[{"href":"https:\/\/sertsc.org.br\/site\/wp-json\/wp\/v2\/media?parent=13954"}],"wp:term":[{"taxonomy":"category","embeddable":true,"href":"https:\/\/sertsc.org.br\/site\/wp-json\/wp\/v2\/categories?post=13954"},{"taxonomy":"post_tag","embeddable":true,"href":"https:\/\/sertsc.org.br\/site\/wp-json\/wp\/v2\/tags?post=13954"}],"curies":[{"name":"wp","href":"https:\/\/api.w.org\/{rel}","templated":true}]}}