{"id":13864,"date":"2020-10-20T08:39:38","date_gmt":"2020-10-20T11:39:38","guid":{"rendered":"https:\/\/www.sertsc.org.br\/site\/?p=13864"},"modified":"2020-10-20T08:39:38","modified_gmt":"2020-10-20T11:39:38","slug":"nielsen-aponta-que-o-radio-norte-americano-ja-recuperou-97-do-seu-alcance-pre-coronavirus","status":"publish","type":"post","link":"https:\/\/sertsc.org.br\/site\/nielsen-aponta-que-o-radio-norte-americano-ja-recuperou-97-do-seu-alcance-pre-coronavirus\/","title":{"rendered":"Nielsen aponta que o r\u00e1dio norte-americano j\u00e1 recuperou 97% do seu alcance pr\u00e9-coronav\u00edrus"},"content":{"rendered":"<p style=\"text-align: justify;\">O r\u00e1dio norte-americano recebeu boas not\u00edcias da Nielsen, instituto que mede o consumo de diferentes plataformas de m\u00eddia nos Estados Unidos. Segundo os dados mais recentes coletados nos principais mercados de l\u00e1, o r\u00e1dio j\u00e1 recuperou 97% de seu alcance em rela\u00e7\u00e3o ao n\u00edvel que era registrado em maio, ou seja, no per\u00edodo pr\u00e9-pandemia do novo coronav\u00edrus. Esse avan\u00e7o pode ser um sinal positivo para o r\u00e1dio brasileiro conforme as medi\u00e7\u00f5es por aqui sejam atualizadas nesta reta final de 2020.<\/p>\n<p style=\"text-align: justify;\">O r\u00e1dio norte-americano foi mais impactado pela pandemia, n\u00e3o s\u00f3 pela maior oferta de m\u00eddia durante o isolamento social, mas tamb\u00e9m por depender dos deslocamentos di\u00e1rios da popula\u00e7\u00e3o norte-americana. Com essa mudan\u00e7a de rotina durante a pandemia, o\u00a0<strong><a href=\"https:\/\/tudoradio.com\/noticias\/ver\/23498-o-radio-hoje-painel-do-nab-show-express-mostra-forca-do-radio-fora-de-casa-mesmo-com-a-covid-19-e-a-fidelidade-dos-ouvintes-aos-seus-formatos-preferidos\">r\u00e1dio at\u00e9 conseguiu manter um elevado n\u00edvel de escuta<\/a><\/strong>, com um crescimento significativo da audi\u00eancia nas resid\u00eancias. Por\u00e9m, as escutas feitas nos trajetos e fora de casa s\u00e3o fundamentais para o r\u00e1dio nos Estados Unidos.<\/p>\n<p style=\"text-align: justify;\">E, nesse quesito, a Nielsen aponta que na pesquisa PPM de setembro (medi\u00e7\u00e3o eletr\u00f4nica, que vigora nos principais mercados norte-americanos), o alcance \u00e9 agora de 97% de mar\u00e7o e a m\u00e9dia das pessoas no quarto de hora est\u00e1 em 90% dos n\u00edveis de mar\u00e7o. A retomada \u00e9 impulsionada pelo aumento do deslocamento di\u00e1rio e pelo retorno \u00e0s aulas, de acordo com dados do instituto, destacados pela Westwood One.<\/p>\n<p style=\"text-align: justify;\">A Nielsen informa que 61% dos trabalhadores dos Estados Unidos est\u00e3o se deslocando at\u00e9 o local de trabalho, contra 39% no in\u00edcio de maio, ou seja, um aumento de 56%. E essa tend\u00eancia de aumento deve continuar nas pr\u00f3ximas semanas e meses.<\/p>\n<p style=\"text-align: justify;\">O instituto tamb\u00e9m destaca que quase a metade dos alunos (47%) est\u00e3o frequentando a escola presencialmente em algum n\u00edvel. E a Nielsen indica que o r\u00e1dio \u00e9 a trilha sonora para esses deslocamentos di\u00e1rios, com 62% afirmando que o r\u00e1dio AM\/FM est\u00e1 sempre ligado e 35% afirmam que \u00e0s vezes (veja abaixo).<\/p>\n<p style=\"text-align: justify;\">\n<figure style=\"width: 500px\" class=\"wp-caption aligncenter\"><img fetchpriority=\"high\" decoding=\"async\" src=\"https:\/\/tudoradio.com\/img\/uploads\/noticias\/5f8e50481635b.png\" alt=\"\" width=\"500\" height=\"287\" \/><figcaption class=\"wp-caption-text\">Escutas de r\u00e1dio AM \/ FM no deslocamento di\u00e1rio de pais e filhos para as escolas \/ fonte: Nielsen e Westwood One<\/figcaption><\/figure>\n<p style=\"text-align: justify;\">\n<p style=\"text-align: justify;\">A combina\u00e7\u00e3o do deslocamento di\u00e1rio para trabalho e levar os filhos para a escola, fez com que o tempo gasto no carro aumentasse, onde a audi\u00e7\u00e3o de r\u00e1dio \u00e9 mais significativa nos Estados Unidos. A Nielsen aponta que, de maio a outubro, o tempo di\u00e1rio gasto no carro cresceu 81%, de 36 minutos em maio para 65 minutos em outubro. J\u00e1 entre os ouvintes mais ass\u00edduos de r\u00e1dio AM \/ FM, o tempo di\u00e1rio passado no carro dobrou de 1h06min por dia para 2h11min.<\/p>\n<p style=\"text-align: justify;\">\n<figure style=\"width: 500px\" class=\"wp-caption aligncenter\"><img decoding=\"async\" src=\"https:\/\/tudoradio.com\/img\/uploads\/noticias\/5f8e504817f2b.png\" alt=\"\" width=\"500\" height=\"285\" \/><figcaption class=\"wp-caption-text\">Tempo destinado pelos ouvintes ass\u00edduo de r\u00e1dio em seus ve\u00edculos \/ fonte: Nielsen e Westwood One<\/figcaption><\/figure>\n<p style=\"text-align: justify;\">\n<p style=\"text-align: justify;\"><strong>R\u00e1dio: a trilha sonora da recupera\u00e7\u00e3o econ\u00f4mica\u00a0<\/strong><\/p>\n<p style=\"text-align: justify;\">Ao apresentar os dados da Nielsen, a Westwood One afirmou que &#8220;O r\u00e1dio AM \/ FM \u00e9 a trilha sonora da recupera\u00e7\u00e3o econ\u00f4mica americana&#8221;.<\/p>\n<p style=\"text-align: justify;\">Uma reportagem veiculada pelo Inside Radio sobre o assunto, o portal indica que em seus \u00faltimos quatro estudos com consumidores, a Nielsen descobriu que ouvintes intensos de r\u00e1dio AM \/ FM &#8220;s\u00e3o o motor da recupera\u00e7\u00e3o econ\u00f4mica da Am\u00e9rica&#8221;.<\/p>\n<p style=\"text-align: justify;\">De acordo com a Nielsen, uma propor\u00e7\u00e3o maior de ouvintes intensos de r\u00e1dio AM \/ FM (28%) vai comprar ou alugar um ve\u00edculo no pr\u00f3ximo ano em compara\u00e7\u00e3o com os telespectadores de TV mais ass\u00edduos (20%).<\/p>\n<p style=\"text-align: justify;\">Outro ponto destacado pela reportagem do Inside Radio \u00e9 que algumas das principais categorias em que os ouvintes de r\u00e1dio AM \/ FM mostram fortes inten\u00e7\u00f5es de compra incluem: pedido de entrega (80%); fazer compras fora do mercado (76%); comprar roupas em loja de departamentos (57%); e visitar cafeterias \/ caf\u00e9s (50%). Dados relativos ao mercado norte-americano.<\/p>\n<p style=\"text-align: justify;\"><strong>E no Brasil? O que esperar?<\/strong><\/p>\n<p style=\"text-align: justify;\">A maior flexibiliza\u00e7\u00e3o de atividades nos principais mercados consumidores ocorre neste momento no Brasil, com destaque para a entrada da fase verde do Plano S\u00e3o Paulo contra o novo coronav\u00edrus, onde as medidas menos restritivas atingem cerca de 76% da popula\u00e7\u00e3o paulista (incluindo a capital). E o aumento do movimento j\u00e1 \u00e9 percebido nas ruas e avenidas das principais cidades brasileiras.<\/p>\n<p style=\"text-align: justify;\">Forte nas resid\u00eancias, o r\u00e1dio brasileiro foi menos impactado com o isolamento, segundo dados do\u00a0<strong><a href=\"https:\/\/tudoradio.com\/noticias\/ver\/24185-o-radio-hoje-radio-e-ouvido-por-78-da-populacao-nas-13-regioes-metropolitanas-pesquisas-pela-kantar-ibope-media-diz-inside-radio-2020\">Inside Radio 2020 da Kantar Ibope Media<\/a><\/strong>. Por\u00e9m, o deslocamento di\u00e1rio \u00e9 importante para as emissoras, principalmente nos grandes centros. A expectativa, segundo gestores ouvidos pelo tudoradio.com, \u00e9 de que a maior circula\u00e7\u00e3o deve ampliar novamente o alcance do meio e tamb\u00e9m auxiliar na recupera\u00e7\u00e3o econ\u00f4mica, j\u00e1 que o r\u00e1dio brasileiro \u00e9 dependente dos setores de com\u00e9rcio e servi\u00e7os.<\/p>\n<p style=\"text-align: justify;\">A volta dos pesquisadores da Kantar Ibope Media \u00e0s ruas, na medi\u00e7\u00e3o conhecida como face to face, tamb\u00e9m deve auxiliar nessa amplia\u00e7\u00e3o do universo. Esse retorno ocorreu a partir da medi\u00e7\u00e3o de setembro.<\/p>\n<p style=\"text-align: justify;\"><em>Com informa\u00e7\u00f5es da Nielsen, Westwood One, Inside Radio e Kantar Ibope Media<\/em><\/p>\n<p style=\"text-align: justify;\">\n<p style=\"text-align: justify;\">Fonte: Tudor\u00e1dio<\/p>\n","protected":false},"excerpt":{"rendered":"<p>O r\u00e1dio norte-americano recebeu boas not\u00edcias da Nielsen, instituto que&hellip;<\/p>\n<p> <a class=\"more-link\" href=\"https:\/\/sertsc.org.br\/site\/nielsen-aponta-que-o-radio-norte-americano-ja-recuperou-97-do-seu-alcance-pre-coronavirus\/\">Leia mais<\/a><\/p>\n","protected":false},"author":1,"featured_media":13865,"comment_status":"open","ping_status":"open","sticky":false,"template":"","format":"standard","meta":{"footnotes":""},"categories":[3],"tags":[],"class_list":{"0":"post-13864","1":"post","2":"type-post","3":"status-publish","4":"format-standard","5":"has-post-thumbnail","7":"category-noticias"},"_links":{"self":[{"href":"https:\/\/sertsc.org.br\/site\/wp-json\/wp\/v2\/posts\/13864","targetHints":{"allow":["GET"]}}],"collection":[{"href":"https:\/\/sertsc.org.br\/site\/wp-json\/wp\/v2\/posts"}],"about":[{"href":"https:\/\/sertsc.org.br\/site\/wp-json\/wp\/v2\/types\/post"}],"author":[{"embeddable":true,"href":"https:\/\/sertsc.org.br\/site\/wp-json\/wp\/v2\/users\/1"}],"replies":[{"embeddable":true,"href":"https:\/\/sertsc.org.br\/site\/wp-json\/wp\/v2\/comments?post=13864"}],"version-history":[{"count":0,"href":"https:\/\/sertsc.org.br\/site\/wp-json\/wp\/v2\/posts\/13864\/revisions"}],"wp:featuredmedia":[{"embeddable":true,"href":"https:\/\/sertsc.org.br\/site\/wp-json\/"}],"wp:attachment":[{"href":"https:\/\/sertsc.org.br\/site\/wp-json\/wp\/v2\/media?parent=13864"}],"wp:term":[{"taxonomy":"category","embeddable":true,"href":"https:\/\/sertsc.org.br\/site\/wp-json\/wp\/v2\/categories?post=13864"},{"taxonomy":"post_tag","embeddable":true,"href":"https:\/\/sertsc.org.br\/site\/wp-json\/wp\/v2\/tags?post=13864"}],"curies":[{"name":"wp","href":"https:\/\/api.w.org\/{rel}","templated":true}]}}