{"id":13844,"date":"2020-10-16T08:48:48","date_gmt":"2020-10-16T11:48:48","guid":{"rendered":"https:\/\/www.sertsc.org.br\/site\/?p=13844"},"modified":"2020-10-16T08:48:48","modified_gmt":"2020-10-16T11:48:48","slug":"radio-desinformacao-aumenta-credibilidade-do-meio","status":"publish","type":"post","link":"https:\/\/sertsc.org.br\/site\/radio-desinformacao-aumenta-credibilidade-do-meio\/","title":{"rendered":"R\u00e1dio: desinforma\u00e7\u00e3o aumenta credibilidade do meio"},"content":{"rendered":"<p style=\"text-align: justify;\">Mais da metade dos brasileiros j\u00e1 compartilhou not\u00edcias falsas sem saber, e tr\u00eas de cada quatro j\u00e1 foram atingidos por algum tipo de desinforma\u00e7\u00e3o. A grande maioria desses dados inver\u00eddicos, em torno de 80%, circula por plataformas digitais, como Facebook e WhatsApp, abordando, via de regra, temas relacionados a pol\u00edtica ou sa\u00fade.<\/p>\n<p style=\"text-align: justify;\">As estat\u00edsticas, divulgadas pelo laborat\u00f3rio de seguran\u00e7a digital da PSafe, apontam que quem recebe essas informa\u00e7\u00f5es de contatos conhecidos, como familiares, amigos pr\u00f3ximos ou c\u00f4njuges, est\u00e1 mais propenso a acreditar nelas, compartilhando a mensagem sem realizar uma checagem pr\u00e9via.<\/p>\n<p style=\"text-align: justify;\">Com a continua\u00e7\u00e3o da pandemia e a chegada do per\u00edodo eleitoral, a tend\u00eancia \u00e9 que a circula\u00e7\u00e3o de not\u00edcias falsas aumente, alerta o laborat\u00f3rio.<\/p>\n<p style=\"text-align: justify;\">Para verificar o conte\u00fado, especialistas sugerem aten\u00e7\u00e3o ao tom alarmista de t\u00edtulos e par\u00e1grafos, conte\u00fado sensacionalista e a cita\u00e7\u00e3o a especialistas desconhecidos ou ignorados na mat\u00e9ria, ou textos sem assinatura de autor. Antes de enviar um link adiante, \u00e9 preciso conferir a credibilidade dos sites que o veiculam, al\u00e9m de checar datas e contextos.<\/p>\n<p style=\"text-align: justify;\"><strong>Leitor respons\u00e1vel<\/strong><\/p>\n<p style=\"text-align: justify;\">Para coibir a dissemina\u00e7\u00e3o de not\u00edcias falsas que prejudicam a lisura do processo eleitoral, a ABERT fez uma parceria com o Tribunal Superior Eleitoral (TSE), para apoiar o compartilhamento de informa\u00e7\u00f5es verificadas e checadas com credibilidade. Desde o ano passado, o Tribunal vem publicando conte\u00fado educativo em rela\u00e7\u00e3o ao pleito.<\/p>\n<p style=\"text-align: justify;\">Para saber mais, acesse o site\u00a0<a href=\"https:\/\/www.tse.jus.br\/\">www.tse.jus.br<\/a><\/p>\n<p style=\"text-align: justify;\"><strong>R\u00e1dio na pandemia<\/strong><\/p>\n<p style=\"text-align: justify;\">Diante da enxurrada de dados falsos em circula\u00e7\u00e3o, cresce a audi\u00eancia e a confian\u00e7a nos ve\u00edculos profissionais de comunica\u00e7\u00e3o.<\/p>\n<p style=\"text-align: justify;\">Durante encontro virtual realizado pela Associa\u00e7\u00e3o das Emissoras de Radiodifus\u00e3o do Paran\u00e1 (AERP), a diretora comercial da regi\u00e3o sul e sudeste do Kantar IBOPE Media, Giovana Alc\u00e2ntara, destacou o aumento na audi\u00eancia do r\u00e1dio durante a crise sanit\u00e1ria internacional causada pelo novo coronav\u00edrus. Segundo ela, a expans\u00e3o do meio se deve \u00e0 capacidade de adapta\u00e7\u00e3o da m\u00eddia ao aumento cont\u00ednuo de acessos digitais.<\/p>\n<p style=\"text-align: justify;\">Do total de entrevistados, 78% se identificaram como consumidores de r\u00e1dio. Na grande Curitiba (PR), o n\u00famero salta para 83%, sendo que 81% de ouvintes continuam sintonizando pelo r\u00e1dio comum<\/p>\n<p style=\"text-align: justify;\">Nas 13 regi\u00f5es metropolitanas brasileiras contempladas no estudo, o tempo m\u00e9dio de consumo di\u00e1rio tamb\u00e9m aumentou de 2h40 para 2h55. Entre os internautas, constatou-se que uma parcela significativa, de 57%, escuta r\u00e1dio. E destes, 16% sintonizam alguma emissora enquanto navegam, o que indica p\u00fablico e oportunidades nos diversos formatos.<\/p>\n<p style=\"text-align: justify;\">Segundo o ranking das 50 marcas mais valiosas na Am\u00e9rica Latina neste ano, metade delas anunciou em r\u00e1dio, no primeiro semestre de 2020. Os destaques s\u00e3o os servi\u00e7os ao consumidor, com\u00e9rcio, financeiro e securit\u00e1rio, que, juntos, concentram 68% do investimento.<\/p>\n<p>&nbsp;<\/p>\n<p>&nbsp;<\/p>\n<p><img fetchpriority=\"high\" decoding=\"async\" class=\"aligncenter\" src=\"https:\/\/www.abert.org.br\/web\/images\/atila_fake_news.png\" alt=\"atila fake news\" width=\"680\" height=\"259\" \/><\/p>\n<p>&nbsp;<\/p>\n<p>Fonte: ABERT<\/p>\n","protected":false},"excerpt":{"rendered":"<p>Mais da metade dos brasileiros j\u00e1 compartilhou not\u00edcias falsas sem&hellip;<\/p>\n<p> <a class=\"more-link\" href=\"https:\/\/sertsc.org.br\/site\/radio-desinformacao-aumenta-credibilidade-do-meio\/\">Leia mais<\/a><\/p>\n","protected":false},"author":1,"featured_media":13845,"comment_status":"open","ping_status":"open","sticky":false,"template":"","format":"standard","meta":{"footnotes":""},"categories":[3],"tags":[],"class_list":{"0":"post-13844","1":"post","2":"type-post","3":"status-publish","4":"format-standard","5":"has-post-thumbnail","7":"category-noticias"},"_links":{"self":[{"href":"https:\/\/sertsc.org.br\/site\/wp-json\/wp\/v2\/posts\/13844","targetHints":{"allow":["GET"]}}],"collection":[{"href":"https:\/\/sertsc.org.br\/site\/wp-json\/wp\/v2\/posts"}],"about":[{"href":"https:\/\/sertsc.org.br\/site\/wp-json\/wp\/v2\/types\/post"}],"author":[{"embeddable":true,"href":"https:\/\/sertsc.org.br\/site\/wp-json\/wp\/v2\/users\/1"}],"replies":[{"embeddable":true,"href":"https:\/\/sertsc.org.br\/site\/wp-json\/wp\/v2\/comments?post=13844"}],"version-history":[{"count":0,"href":"https:\/\/sertsc.org.br\/site\/wp-json\/wp\/v2\/posts\/13844\/revisions"}],"wp:featuredmedia":[{"embeddable":true,"href":"https:\/\/sertsc.org.br\/site\/wp-json\/"}],"wp:attachment":[{"href":"https:\/\/sertsc.org.br\/site\/wp-json\/wp\/v2\/media?parent=13844"}],"wp:term":[{"taxonomy":"category","embeddable":true,"href":"https:\/\/sertsc.org.br\/site\/wp-json\/wp\/v2\/categories?post=13844"},{"taxonomy":"post_tag","embeddable":true,"href":"https:\/\/sertsc.org.br\/site\/wp-json\/wp\/v2\/tags?post=13844"}],"curies":[{"name":"wp","href":"https:\/\/api.w.org\/{rel}","templated":true}]}}