{"id":13824,"date":"2020-10-13T13:35:31","date_gmt":"2020-10-13T16:35:31","guid":{"rendered":"https:\/\/www.sertsc.org.br\/site\/?p=13824"},"modified":"2020-10-13T13:35:31","modified_gmt":"2020-10-13T16:35:31","slug":"tv-brasileira-aposta-na-convergencia-para-expansao","status":"publish","type":"post","link":"https:\/\/sertsc.org.br\/site\/tv-brasileira-aposta-na-convergencia-para-expansao\/","title":{"rendered":"TV brasileira aposta na converg\u00eancia para expans\u00e3o"},"content":{"rendered":"<p style=\"text-align: justify;\">Mesmo com a lideran\u00e7a consolidada como m\u00eddia, com curva ascendente de consumo desde o s\u00e9culo passado, a televis\u00e3o aberta aposta na converg\u00eancia com novas plataformas para potencializar ainda mais suas mensagens e vislumbrar novos horizontes. \u00c9 o que defende artigo publicado pelo portal Tela Viva.<\/p>\n<p style=\"text-align: justify;\">Neste ano de retra\u00e7\u00e3o econ\u00f4mica decorrente da pandemia de COVID-19, a venda mensal de aparelhos voltou \u00e0 casa de um milh\u00e3o de unidades, totalizando 5,56 milh\u00f5es de unidades vendidas no primeiro semestre de 2020.<\/p>\n<p style=\"text-align: justify;\">Para o presidente da Abap (Associa\u00e7\u00e3o Brasileira das Ag\u00eancias de Publicidade), M\u00e1rio D&#8217;Andrea, a TV aberta \u00e9 ainda o grande ve\u00edculo, o de maior penetra\u00e7\u00e3o e de maior for\u00e7a junto ao consumidor brasileiro. &#8220;Grande parte dos acontecimentos que passa pelos outros meios, inclusive o pr\u00f3prio digital, tem um cord\u00e3o umbilical bem grande com a TV&#8221;, afirma.<\/p>\n<p style=\"text-align: justify;\">Na vis\u00e3o de D&#8217;Andrea, o jornalismo, um dos pilares da TV brasileira \u2014 ao lado da teledramaturgia e do entretenimento \u2013, mant\u00e9m a for\u00e7a e, do ponto de vista t\u00e9cnico, mant\u00e9m a credibilidade com o consumidor, o que assegura o interesse do mercado publicit\u00e1rio. &#8220;Nosso mercado \u00e9 altamente profissionalizado, inclusive nas medi\u00e7\u00f5es. No digital, tem-se a aferi\u00e7\u00e3o, mas na TV tamb\u00e9m sempre se soube o que est\u00e1 acontecendo. H\u00e1 medi\u00e7\u00f5es antes, durante e depois das veicula\u00e7\u00f5es&#8221;, garante.<\/p>\n<p style=\"text-align: justify;\">Para ele, o futuro da TV est\u00e1 ligado a seu cruzamento com o ambiente digital. \u201cFazer comerciais diferentes para diferentes segmentos, com a individualiza\u00e7\u00e3o da mensagem. A hora em que a TV conseguir isso, n\u00f3s profissionais do marketing teremos muito mais gera\u00e7\u00e3o de potenciais clientes&#8221;, completa.<\/p>\n<p style=\"text-align: justify;\">O portal Tela Viva aborda temas relacionados \u00e0 m\u00eddia, televis\u00e3o e produ\u00e7\u00e3o audiovisual. Em celebra\u00e7\u00e3o aos 70 anos da televis\u00e3o no pa\u00eds, lan\u00e7ou um portal com reportagens e reflex\u00f5es sobre o ve\u00edculo.<\/p>\n<p style=\"text-align: justify;\">Para acessar, clique\u00a0<a href=\"https:\/\/telaviva.com.br\/tv70anos\/\">AQUI<\/a><\/p>\n<p>&nbsp;<\/p>\n<p><img fetchpriority=\"high\" decoding=\"async\" class=\"aligncenter size-full wp-image-13825\" src=\"https:\/\/www.sertsc.org.br\/site\/wp-content\/uploads\/2020\/10\/dandrea.png\" alt=\"\" width=\"640\" height=\"640\" \/><\/p>\n<p>&nbsp;<\/p>\n<p>Fonte: ABERT<\/p>\n","protected":false},"excerpt":{"rendered":"<p>Mesmo com a lideran\u00e7a consolidada como m\u00eddia, com curva ascendente&hellip;<\/p>\n<p> <a class=\"more-link\" href=\"https:\/\/sertsc.org.br\/site\/tv-brasileira-aposta-na-convergencia-para-expansao\/\">Leia mais<\/a><\/p>\n","protected":false},"author":1,"featured_media":13825,"comment_status":"open","ping_status":"open","sticky":false,"template":"","format":"standard","meta":{"footnotes":""},"categories":[1],"tags":[],"class_list":{"0":"post-13824","1":"post","2":"type-post","3":"status-publish","4":"format-standard","5":"has-post-thumbnail","7":"category-geral"},"_links":{"self":[{"href":"https:\/\/sertsc.org.br\/site\/wp-json\/wp\/v2\/posts\/13824","targetHints":{"allow":["GET"]}}],"collection":[{"href":"https:\/\/sertsc.org.br\/site\/wp-json\/wp\/v2\/posts"}],"about":[{"href":"https:\/\/sertsc.org.br\/site\/wp-json\/wp\/v2\/types\/post"}],"author":[{"embeddable":true,"href":"https:\/\/sertsc.org.br\/site\/wp-json\/wp\/v2\/users\/1"}],"replies":[{"embeddable":true,"href":"https:\/\/sertsc.org.br\/site\/wp-json\/wp\/v2\/comments?post=13824"}],"version-history":[{"count":0,"href":"https:\/\/sertsc.org.br\/site\/wp-json\/wp\/v2\/posts\/13824\/revisions"}],"wp:featuredmedia":[{"embeddable":true,"href":"https:\/\/sertsc.org.br\/site\/wp-json\/"}],"wp:attachment":[{"href":"https:\/\/sertsc.org.br\/site\/wp-json\/wp\/v2\/media?parent=13824"}],"wp:term":[{"taxonomy":"category","embeddable":true,"href":"https:\/\/sertsc.org.br\/site\/wp-json\/wp\/v2\/categories?post=13824"},{"taxonomy":"post_tag","embeddable":true,"href":"https:\/\/sertsc.org.br\/site\/wp-json\/wp\/v2\/tags?post=13824"}],"curies":[{"name":"wp","href":"https:\/\/api.w.org\/{rel}","templated":true}]}}