{"id":13821,"date":"2020-10-13T11:03:40","date_gmt":"2020-10-13T14:03:40","guid":{"rendered":"https:\/\/www.sertsc.org.br\/site\/?p=13821"},"modified":"2020-10-13T11:03:40","modified_gmt":"2020-10-13T14:03:40","slug":"representantes-do-governo-e-do-congresso-discutem-lgpd-com-setor-de-comunicacao","status":"publish","type":"post","link":"https:\/\/sertsc.org.br\/site\/representantes-do-governo-e-do-congresso-discutem-lgpd-com-setor-de-comunicacao\/","title":{"rendered":"Representantes do governo e do Congresso discutem LGPD com setor de Comunica\u00e7\u00e3o"},"content":{"rendered":"<p style=\"text-align: justify;\">A Coaliz\u00e3o da Comunica\u00e7\u00e3o Social convidou representantes do Senado, da C\u00e2mara e da Presid\u00eancia da Rep\u00fablica para discutir o impacto da Lei Geral de Prote\u00e7\u00e3o de Dados (LGPD) sobre a ind\u00fastria da Comunica\u00e7\u00e3o. O evento ser\u00e1 transmitido pelo YouTube na pr\u00f3xima ter\u00e7a-feira (13), a partir das 17h.<\/p>\n<p style=\"text-align: justify;\">Representando a Secretaria Geral da Presid\u00eancia da Rep\u00fablica estar\u00e1 Daniela Ferreira Marques, assessora-especial da subchefia para assuntos jur\u00eddicos. Fabr\u00edcio da Motta Alves ser\u00e1 o representante do Senado e Danilo Doneda, da C\u00e2mara. Ambos foram escolhidos pelo Congresso como conselheiros da Autoridade Nacional de Prote\u00e7\u00e3o de Dados (ANPD), \u00f3rg\u00e3o que ser\u00e1 respons\u00e1vel pela fiscaliza\u00e7\u00e3o das empresas na adequa\u00e7\u00e3o \u00e0 LGPD.<\/p>\n<p style=\"text-align: justify;\">Tamb\u00e9m comp\u00f5e a mesa Vitor Morais de Andrade, professor de Direito da PUC-SP e representante da Coaliz\u00e3o.<\/p>\n<p style=\"text-align: justify;\">O link do debate j\u00e1 est\u00e1 dispon\u00edvel.<\/p>\n<p style=\"text-align: justify;\"><a href=\"https:\/\/youtu.be\/1UQ7MaCaW3g\">https:\/\/youtu.be\/1UQ7MaCaW3g<\/a><\/p>\n<p style=\"text-align: justify;\"><strong>A Coaliz\u00e3o<\/strong><\/p>\n<p style=\"text-align: justify;\">A ind\u00fastria da comunica\u00e7\u00e3o reuniu um grupo de 14 associa\u00e7\u00f5es, dentre elas, a ABERT, para discutir a tem\u00e1tica da prote\u00e7\u00e3o de dados, defendendo a cria\u00e7\u00e3o da Lei Geral de Prote\u00e7\u00e3o de Dados e a de estruturas que possam dar sustenta\u00e7\u00e3o \u00e0 Lei, concentradas na figura da autoridade nacional.<\/p>\n<p style=\"text-align: justify;\">Para as empresas do setor, a cria\u00e7\u00e3o da autoridade vai ajudar a estabelecer normas e diretrizes, analisar e validar c\u00f3digos de boas pr\u00e1ticas e conduta. A Coaliz\u00e3o se posiciona em prol da composi\u00e7\u00e3o t\u00e9cnica do Conselho da ANPD, que possui 23 cadeiras, a maior parte delas, ainda vaga.<\/p>\n<p style=\"text-align: justify;\">Para o grupo de associa\u00e7\u00f5es, os setores respons\u00e1veis por manipular o maior n\u00famero de dados precisam integrar a discuss\u00e3o para que sejam n\u00e3o s\u00f3 objetos de an\u00e1lise p\u00fablica, mas tamb\u00e9m cases de aplica\u00e7\u00e3o da Lei para os demais setores da economia nacional.<\/p>\n<p style=\"text-align: justify;\">\n<p style=\"text-align: justify;\"><strong>ANPD<\/strong><\/p>\n<p style=\"text-align: justify;\">A ANPD foi criada por meio de um decreto presidencial no ano passado, por\u00e9m, mesmo depois da san\u00e7\u00e3o presidencial, a autoridade ainda n\u00e3o foi regulamentada para dar \u00e0s empresas diretrizes sobre como as empresas devem agir diante das novas exig\u00eancias.<\/p>\n<p style=\"text-align: justify;\">\n<p style=\"text-align: justify;\"><strong>Saiba mais<\/strong><\/p>\n<p style=\"text-align: justify;\">O evento:\u00a0<strong>\u201cA Efetiva\u00e7\u00e3o da Autoridade Nacional de Prote\u00e7\u00e3o de Dados e a Ind\u00fastria da Comunica\u00e7\u00e3o\u201d<\/strong><\/p>\n<p style=\"text-align: justify;\">ter\u00e7a-feira, a partir das 17h<\/p>\n<p style=\"text-align: justify;\">Transmiss\u00e3o pelo YouTube, no link\u00a0<a href=\"https:\/\/youtu.be\/1UQ7MaCaW3g\">https:\/\/youtu.be\/1UQ7MaCaW3g<\/a><\/p>\n<p style=\"text-align: justify;\">\n<p>&nbsp;<\/p>\n<p><img fetchpriority=\"high\" decoding=\"async\" class=\"aligncenter\" src=\"https:\/\/www.abert.org.br\/web\/images\/Banner_YouTube_Webinar_LGPD.jpg\" alt=\"Banner YouTube Webinar LGPD\" width=\"500\" height=\"281\" \/><\/p>\n<p>&nbsp;<\/p>\n<p>Fonte: ABERT<\/p>\n","protected":false},"excerpt":{"rendered":"<p>A Coaliz\u00e3o da Comunica\u00e7\u00e3o Social convidou representantes do Senado, da&hellip;<\/p>\n<p> <a class=\"more-link\" href=\"https:\/\/sertsc.org.br\/site\/representantes-do-governo-e-do-congresso-discutem-lgpd-com-setor-de-comunicacao\/\">Leia mais<\/a><\/p>\n","protected":false},"author":1,"featured_media":13822,"comment_status":"open","ping_status":"open","sticky":false,"template":"","format":"standard","meta":{"footnotes":""},"categories":[3],"tags":[],"class_list":{"0":"post-13821","1":"post","2":"type-post","3":"status-publish","4":"format-standard","5":"has-post-thumbnail","7":"category-noticias"},"_links":{"self":[{"href":"https:\/\/sertsc.org.br\/site\/wp-json\/wp\/v2\/posts\/13821","targetHints":{"allow":["GET"]}}],"collection":[{"href":"https:\/\/sertsc.org.br\/site\/wp-json\/wp\/v2\/posts"}],"about":[{"href":"https:\/\/sertsc.org.br\/site\/wp-json\/wp\/v2\/types\/post"}],"author":[{"embeddable":true,"href":"https:\/\/sertsc.org.br\/site\/wp-json\/wp\/v2\/users\/1"}],"replies":[{"embeddable":true,"href":"https:\/\/sertsc.org.br\/site\/wp-json\/wp\/v2\/comments?post=13821"}],"version-history":[{"count":0,"href":"https:\/\/sertsc.org.br\/site\/wp-json\/wp\/v2\/posts\/13821\/revisions"}],"wp:featuredmedia":[{"embeddable":true,"href":"https:\/\/sertsc.org.br\/site\/wp-json\/"}],"wp:attachment":[{"href":"https:\/\/sertsc.org.br\/site\/wp-json\/wp\/v2\/media?parent=13821"}],"wp:term":[{"taxonomy":"category","embeddable":true,"href":"https:\/\/sertsc.org.br\/site\/wp-json\/wp\/v2\/categories?post=13821"},{"taxonomy":"post_tag","embeddable":true,"href":"https:\/\/sertsc.org.br\/site\/wp-json\/wp\/v2\/tags?post=13821"}],"curies":[{"name":"wp","href":"https:\/\/api.w.org\/{rel}","templated":true}]}}