{"id":13815,"date":"2020-10-09T08:31:03","date_gmt":"2020-10-09T11:31:03","guid":{"rendered":"https:\/\/www.sertsc.org.br\/site\/?p=13815"},"modified":"2020-10-09T08:31:03","modified_gmt":"2020-10-09T11:31:03","slug":"propaganda-eleitoral-gratuita-no-radio-e-tv-comeca-nesta-sexta-feira","status":"publish","type":"post","link":"https:\/\/sertsc.org.br\/site\/propaganda-eleitoral-gratuita-no-radio-e-tv-comeca-nesta-sexta-feira\/","title":{"rendered":"Propaganda eleitoral gratuita no r\u00e1dio e TV come\u00e7a nesta sexta-feira"},"content":{"rendered":"<p style=\"text-align: justify;\">As emissoras de r\u00e1dio e televis\u00e3o dever\u00e3o transmitir, a partir desta sexta-feira (9), a propaganda eleitoral gratuita. A transmiss\u00e3o \u00e9 obrigat\u00f3ria para todas as emissoras de radiodifus\u00e3o, inclusive comunit\u00e1rias e educativas, na localidade da outorga.<\/p>\n<p style=\"text-align: justify;\">\n<p style=\"text-align: justify;\">As veicula\u00e7\u00f5es das propagandas no 1\u00ba turno das elei\u00e7\u00f5es ser\u00e3o at\u00e9 o dia 12 de novembro.<\/p>\n<p style=\"text-align: justify;\">\n<p style=\"text-align: justify;\">No 2\u00ba turno, as veicula\u00e7\u00f5es ser\u00e3o do dia 20 a 27 de novembro.<\/p>\n<p style=\"text-align: justify;\">\n<p style=\"text-align: justify;\">As regras para divulga\u00e7\u00e3o da propaganda eleitoral gratuita est\u00e3o previstas na Resolu\u00e7\u00e3o do TSE n\u00ba 23.610, de 2019, que determina que os programas ser\u00e3o transmitidos em dois formatos: em bloco e inser\u00e7\u00f5es.<\/p>\n<p style=\"text-align: justify;\">\n<p style=\"text-align: justify;\">Os programas em bloco para prefeitos ter\u00e3o o tempo total de 20 minutos di\u00e1rios, transmitidos de segunda-feira a s\u00e1bado, em dois hor\u00e1rios: no r\u00e1dio, das 7h \u00e0s 7h10 e das 12h \u00e0s 12h10; e na TV, das 13h \u00e0s 13h10 e das 20h30 \u00e0s 20h40.<\/p>\n<p style=\"text-align: justify;\">\n<p style=\"text-align: justify;\">As inser\u00e7\u00f5es ser\u00e3o exibidas ao longo da programa\u00e7\u00e3o das emissoras, de segunda-feira a domingo, com tempo total de 70 minutos di\u00e1rios, no 1\u00ba turno, e 25 minutos, no 2\u00ba turno. Esse conte\u00fado dever\u00e1 ir ao ar dividido em tr\u00eas blocos de audi\u00eancia: entre 5h e 11h; 11h e 18h; e 18h e 0h.<\/p>\n<p style=\"text-align: justify;\">\n<p style=\"text-align: justify;\">Para a transmiss\u00e3o dos programas em bloco e inser\u00e7\u00f5es, as emissoras dever\u00e3o considerar o plano de m\u00eddia disponibilizado pela Justi\u00e7a Eleitoral de cada localidade.<\/p>\n<p style=\"text-align: justify;\">\n<p style=\"text-align: justify;\">A ABERT preparou a Cartilha das Elei\u00e7\u00f5es 2020 com detalhes sobre a gera\u00e7\u00e3o do hor\u00e1rio eleitoral gratuito <a href=\"http:\/\/mkt.abert.org.br\/go\/fd9923-de47984c-8b8f791f18417-4d37b148af3e699c02-a40edewZheII6WeV4e8BdYF\" target=\"_blank\" rel=\"noopener noreferrer\">(AQUI).<\/a><\/p>\n<p style=\"text-align: justify;\">\n<p style=\"text-align: justify;\"><strong>Orienta\u00e7\u00f5es adicionais sobre as m\u00eddias que substituir\u00e3o os slides<\/strong><\/p>\n<p style=\"text-align: justify;\">\n<p style=\"text-align: justify;\">O TSE divulgou, nesta quinta-feira (8), orienta\u00e7\u00f5es adicionais sobre as m\u00eddias da Justi\u00e7a Eleitoral que substituir\u00e3o os slides.<\/p>\n<p style=\"text-align: justify;\">\n<p style=\"text-align: justify;\">No Of\u00edcio-Circular ASCOM n\u00ba 419\/2020 <a href=\"http:\/\/mkt.abert.org.br\/go\/fd9923-de47984c-8b8f791f18417-4d37b148af3e699c02-a40edewZheII6WeV4e8BdYG\" target=\"_blank\" rel=\"noopener noreferrer\">(AQUI)<\/a>, al\u00e9m de o TSE refor\u00e7ar a orienta\u00e7\u00e3o de que as emissoras devem obrigatoriamente utilizar os materiais em substitui\u00e7\u00e3o aos slides (televis\u00e3o) e spots padr\u00f5es (r\u00e1dio), o Tribunal tamb\u00e9m informa que disponibilizou os novos materiais para serem utilizados especificamente nos casos de <strong>perda de tempo ou suspens\u00e3o tempor\u00e1ria <\/strong>da propaganda pelos partidos e candidatos, em raz\u00e3o de infra\u00e7\u00e3o eleitoral reconhecida por decis\u00e3o judicial.<\/p>\n<p style=\"text-align: justify;\">\n<p style=\"text-align: justify;\">\n<p style=\"text-align: justify;\">Os novos materiais est\u00e3o dispon\u00edveis no portal: http:\/\/www.tse.jus.br\/imprensa\/campanhas-publicitarias, sob o\u00a0t\u00edtulo \u201cHOR\u00c1RIO ELEITORAL GRATUITO\u201d.<\/p>\n<p style=\"text-align: justify;\">Fonte: ABERT<\/p>\n","protected":false},"excerpt":{"rendered":"<p>As emissoras de r\u00e1dio e televis\u00e3o dever\u00e3o transmitir, a partir&hellip;<\/p>\n<p> <a class=\"more-link\" href=\"https:\/\/sertsc.org.br\/site\/propaganda-eleitoral-gratuita-no-radio-e-tv-comeca-nesta-sexta-feira\/\">Leia mais<\/a><\/p>\n","protected":false},"author":1,"featured_media":13816,"comment_status":"open","ping_status":"open","sticky":false,"template":"","format":"standard","meta":{"footnotes":""},"categories":[3],"tags":[],"class_list":{"0":"post-13815","1":"post","2":"type-post","3":"status-publish","4":"format-standard","5":"has-post-thumbnail","7":"category-noticias"},"_links":{"self":[{"href":"https:\/\/sertsc.org.br\/site\/wp-json\/wp\/v2\/posts\/13815","targetHints":{"allow":["GET"]}}],"collection":[{"href":"https:\/\/sertsc.org.br\/site\/wp-json\/wp\/v2\/posts"}],"about":[{"href":"https:\/\/sertsc.org.br\/site\/wp-json\/wp\/v2\/types\/post"}],"author":[{"embeddable":true,"href":"https:\/\/sertsc.org.br\/site\/wp-json\/wp\/v2\/users\/1"}],"replies":[{"embeddable":true,"href":"https:\/\/sertsc.org.br\/site\/wp-json\/wp\/v2\/comments?post=13815"}],"version-history":[{"count":0,"href":"https:\/\/sertsc.org.br\/site\/wp-json\/wp\/v2\/posts\/13815\/revisions"}],"wp:featuredmedia":[{"embeddable":true,"href":"https:\/\/sertsc.org.br\/site\/wp-json\/"}],"wp:attachment":[{"href":"https:\/\/sertsc.org.br\/site\/wp-json\/wp\/v2\/media?parent=13815"}],"wp:term":[{"taxonomy":"category","embeddable":true,"href":"https:\/\/sertsc.org.br\/site\/wp-json\/wp\/v2\/categories?post=13815"},{"taxonomy":"post_tag","embeddable":true,"href":"https:\/\/sertsc.org.br\/site\/wp-json\/wp\/v2\/tags?post=13815"}],"curies":[{"name":"wp","href":"https:\/\/api.w.org\/{rel}","templated":true}]}}