{"id":13799,"date":"2020-10-07T16:27:47","date_gmt":"2020-10-07T19:27:47","guid":{"rendered":"https:\/\/www.sertsc.org.br\/site\/?p=13799"},"modified":"2020-10-07T16:27:47","modified_gmt":"2020-10-07T19:27:47","slug":"entidades-e-empresarios-apresentam-rede-regional-de-noticias-ao-presidente-jair-bolsonaro","status":"publish","type":"post","link":"https:\/\/sertsc.org.br\/site\/entidades-e-empresarios-apresentam-rede-regional-de-noticias-ao-presidente-jair-bolsonaro\/","title":{"rendered":"Entidades e empres\u00e1rios apresentam Rede Regional de Not\u00edcias ao presidente Jair Bolsonaro"},"content":{"rendered":"<p style=\"text-align: justify;\">Iniciativa capitaneada pela ACAERT vai produzir e distribuir conte\u00fado para emissoras regionais de R\u00e1dio e TV de todo o Brasil<\/p>\n<p><img fetchpriority=\"high\" decoding=\"async\" class=\"size-full wp-image-13800 aligncenter\" src=\"https:\/\/www.sertsc.org.br\/site\/wp-content\/uploads\/2020\/10\/50432156823_932723f542_z.jpg\" alt=\"\" width=\"639\" height=\"416\" \/><\/p>\n<p style=\"text-align: justify;\"><a href=\"https:\/\/www.flickr.com\/photos\/146348491@N05\/albums\/72157716296506263\">Clique no \u00e1lbum acima para ver as imagens &#8211; Fotos: Marcos Corr\u00eaa\/PR\u200b<\/a><\/p>\n<p style=\"text-align: justify;\">O presidente da Rep\u00fablica Jair Bolsonaro recebeu na manh\u00e3 desta quarta-feira (07) um grupo com representantes do segmento da comunica\u00e7\u00e3o formado por presidentes de entidades e empres\u00e1rios. O encontro teve o objetivo de apresentar a Rede Regional de Not\u00edcias \u2013 RRN, que vai produzir e distribuir conte\u00fado a partir da capital federal para emissoras regionais de R\u00e1dio e TV de todo o Brasil.<\/p>\n<p style=\"text-align: justify;\">A reuni\u00e3o contou com a presen\u00e7a do ministro das Comunica\u00e7\u00f5es, F\u00e1bio Faria, e do secret\u00e1rio-executivo do MINICOM, Fabio Wajngarten. A Iniciativa \u00e9 capitaneada pela Associa\u00e7\u00e3o Catarinense de Emissoras de R\u00e1dio e TV \u2013 ACAERT e conta com apoio do Sindicato das Empresas de R\u00e1dio e TV \u2013 SERT\/SC, do Grupo ND (SC), da Rede Pampa (RS), do Grupo RIC (PR) e da Rede Massa (PR), que s\u00e3o considerados os membros fundadores do projeto.<\/p>\n<p style=\"text-align: justify;\">A Rede Regional de Not\u00edcias \u2013 RRN vai ter uma estrutura pr\u00f3pria instalada em Bras\u00edlia, com jornalistas de R\u00e1dio, TV e meios digitais. A ideia \u00e9 oferecer um conte\u00fado multim\u00eddia com cobertura do dia a dia de todos os poderes da Rep\u00fablica, com foco em atender as necessidades dos grupos de comunica\u00e7\u00e3o regional. O servi\u00e7o ser\u00e1 oferecido de gra\u00e7a aos ve\u00edculos que quiserem fazer parte do projeto.<\/p>\n<p style=\"text-align: justify;\">\u201cTemos a expertise de fazer isso em Santa Catarina h\u00e1 mais de 10 anos e n\u00f3s queremos compartilhar essa experi\u00eancia para o restante do Brasil, aproveitando a capilaridade das emissoras regionais. A ideia \u00e9 fortalecer a produ\u00e7\u00e3o de conte\u00fado regional atrav\u00e9s das emissoras que est\u00e3o distribu\u00eddas em todo Brasil, valorizando a M\u00eddia Regional e criando uma presen\u00e7a f\u00edsica e na mem\u00f3ria dos l\u00edderes dos poderes da Rep\u00fablica\u201d, afirma o presidente da ACAERT, Silvano Silva.<\/p>\n<p style=\"text-align: justify;\">O coordenador do GSUL, grupo de entidades de radiodifus\u00e3o do sul do Brasil, e presidente do Grupo ND, Marcello Corr\u00eaa Petrelli, explica que um grande diferencial do projeto s\u00e3o as caracter\u00edsticas da M\u00eddia Regional. \u201cOs comunicadores e empres\u00e1rios da M\u00eddia Regional t\u00eam um perfil diferenciado porque chegam l\u00e1 ponta com influ\u00eancia, audi\u00eancia e credibilidade. Al\u00e9m disso, t\u00eam um relacionamento direto com a sociedade que \u00e9 capaz de criar um c\u00edrculo virtuoso levando ao p\u00fablico as informa\u00e7\u00f5es que realmente impactam e interessam em seu dia a dia\u201d, destacou.<\/p>\n<p style=\"text-align: justify;\">Para a diretora da Rede Pampa, Christina Gadret, a cria\u00e7\u00e3o da RRN \u00e9 um marco na comunica\u00e7\u00e3o brasileira. \u201cTodas as emissoras de R\u00e1dio, TV, jornais e portais de not\u00edcias ter\u00e3o uma nova fonte de informa\u00e7\u00f5es. Com esse novo modelo que est\u00e1 sendo criado, a popula\u00e7\u00e3o ser\u00e1 a maior beneficiada com informa\u00e7\u00e3o de qualidade e a agilidade que hoje o mundo precisa\u201d.<\/p>\n<p style=\"text-align: justify;\">J\u00e1 a presidente do SERT\/SC, Ana Paula Melo, destaca os resultados positivos para todo o segmento da radiodifus\u00e3o. \u201cA RNN vai trazer informa\u00e7\u00f5es exclusivas, imparciais e relevantes, fortalecendo ainda mais o nosso setor. Esse conte\u00fado ser\u00e1 um diferencial paras as emissoras, agregando valor \u00e0 programa\u00e7\u00e3o e ao jornalismo\u201d, ressaltou.<\/p>\n<p style=\"text-align: justify;\">Al\u00e9m dos presidentes da ACAERT, do SERT\/SC e do Grupo ND, os membros fundadores tamb\u00e9m estavam representados por M\u00e1rio Petrelli Neto, do Grupo RIC, Gabriel Massa, Presidente do Grupo Massa, e Alexandre Gadret, presidente da Rede Pampa. O encontro contou ainda com a presen\u00e7a dos representantes do conselho superior da ACAERT, Marise Westphal Hartke e Ranieri Moacir Bertoli.<\/p>\n<p style=\"text-align: justify;\"><strong>Lan\u00e7amento<\/strong><\/p>\n<p style=\"text-align: justify;\">A Rede Regional de Not\u00edcias \u2013 RRN ser\u00e1 lan\u00e7ada oficialmente em Bras\u00edlia no final de outubro, eventos de lan\u00e7amento ser\u00e3o realizados no Pal\u00e1cio do Planalto, na C\u00e2mara dos Deputado e Senado Federal.<\/p>\n<p>Fonte: Acaert<\/p>\n","protected":false},"excerpt":{"rendered":"<p>Iniciativa capitaneada pela ACAERT vai produzir e distribuir conte\u00fado para&hellip;<\/p>\n<p> <a class=\"more-link\" href=\"https:\/\/sertsc.org.br\/site\/entidades-e-empresarios-apresentam-rede-regional-de-noticias-ao-presidente-jair-bolsonaro\/\">Leia mais<\/a><\/p>\n","protected":false},"author":1,"featured_media":13801,"comment_status":"open","ping_status":"open","sticky":false,"template":"","format":"standard","meta":{"footnotes":""},"categories":[33],"tags":[],"class_list":{"0":"post-13799","1":"post","2":"type-post","3":"status-publish","4":"format-standard","5":"has-post-thumbnail","7":"category-destaques"},"_links":{"self":[{"href":"https:\/\/sertsc.org.br\/site\/wp-json\/wp\/v2\/posts\/13799","targetHints":{"allow":["GET"]}}],"collection":[{"href":"https:\/\/sertsc.org.br\/site\/wp-json\/wp\/v2\/posts"}],"about":[{"href":"https:\/\/sertsc.org.br\/site\/wp-json\/wp\/v2\/types\/post"}],"author":[{"embeddable":true,"href":"https:\/\/sertsc.org.br\/site\/wp-json\/wp\/v2\/users\/1"}],"replies":[{"embeddable":true,"href":"https:\/\/sertsc.org.br\/site\/wp-json\/wp\/v2\/comments?post=13799"}],"version-history":[{"count":0,"href":"https:\/\/sertsc.org.br\/site\/wp-json\/wp\/v2\/posts\/13799\/revisions"}],"wp:featuredmedia":[{"embeddable":true,"href":"https:\/\/sertsc.org.br\/site\/wp-json\/"}],"wp:attachment":[{"href":"https:\/\/sertsc.org.br\/site\/wp-json\/wp\/v2\/media?parent=13799"}],"wp:term":[{"taxonomy":"category","embeddable":true,"href":"https:\/\/sertsc.org.br\/site\/wp-json\/wp\/v2\/categories?post=13799"},{"taxonomy":"post_tag","embeddable":true,"href":"https:\/\/sertsc.org.br\/site\/wp-json\/wp\/v2\/tags?post=13799"}],"curies":[{"name":"wp","href":"https:\/\/api.w.org\/{rel}","templated":true}]}}