{"id":13792,"date":"2020-10-07T09:05:19","date_gmt":"2020-10-07T12:05:19","guid":{"rendered":"https:\/\/www.sertsc.org.br\/site\/?p=13792"},"modified":"2020-10-07T09:05:19","modified_gmt":"2020-10-07T12:05:19","slug":"eleicoes-2020-campanha-eleitoral-do-1o-turno-no-radio-tem-inicio-nesta-sexta-feira-9","status":"publish","type":"post","link":"https:\/\/sertsc.org.br\/site\/eleicoes-2020-campanha-eleitoral-do-1o-turno-no-radio-tem-inicio-nesta-sexta-feira-9\/","title":{"rendered":"Elei\u00e7\u00f5es 2020: Campanha eleitoral do 1\u00ba turno no R\u00e1dio"},"content":{"rendered":"<p style=\"text-align: justify;\">Campanha eleitoral do 1\u00ba turno no R\u00e1dio tem in\u00edcio nesta sexta-feira (9)<\/p>\n<p style=\"text-align: justify;\">As emissoras de r\u00e1dio de todo o Brasil devem ficar atentas ao calend\u00e1rio eleitoral. A\u00a0<a href=\"https:\/\/tudoradio.com\/noticias\/ver\/24165-propaganda-eleitoral-gratuita-no-radio-e-tv-do-primeiro-turno-comeca-no-dia-9-de-outubro\"><strong>propaganda eleitoral de 2020 tem in\u00edcio nesta sexta-feira (9)<\/strong><\/a> e deve ser transmitida por todas as emissoras, inclusive educativas e comunit\u00e1rias, sob pena de receberem puni\u00e7\u00f5es pela n\u00e3o transmiss\u00e3o dos programas e das inser\u00e7\u00f5es. Os programas, que ser\u00e3o veiculados em dois blocos, ter\u00e3o dura\u00e7\u00e3o de dez minutos cada, al\u00e9m de 70 minutos di\u00e1rios em inser\u00e7\u00f5es.<\/p>\n<p style=\"text-align: justify;\">A propaganda eleitoral gratuita em r\u00e1dio ser\u00e1 divulgada em dois formatos: nos blocos de 10 minutos, que v\u00e3o ao ar de segunda-feira a s\u00e1bado, duas vezes ao dia (das 7h \u00e0s 7h10 e das 12h \u00e0s 12h10), e ser\u00e3o usados para mostrar os candidatos a prefeito; e tamb\u00e9m por meio de comerciais, de 30 segundos ou um minuto cada, que ser\u00e3o exibidos ao longo do dia. Nesta elei\u00e7\u00e3o, n\u00e3o h\u00e1 programa eleitoral para vereadores, que ir\u00e3o se promover por meio das inser\u00e7\u00f5es.<\/p>\n<p style=\"text-align: justify;\">Para as inser\u00e7\u00f5es, cada emissora de r\u00e1dio vai destinar 70 minutos di\u00e1rios. As inser\u00e7\u00f5es ser\u00e3o divididas na propor\u00e7\u00e3o de 60% para prefeito (42 minutos) e de 40% para vereador (28 minutos). A distribui\u00e7\u00e3o deste tempo levar\u00e1 em conta os blocos de audi\u00eancia entre \u00e0s 5h \u00e0s 11h; das 11h \u00e0s 18h; e das 18h \u00e0 0h.<\/p>\n<p style=\"text-align: justify;\">Os cart\u00f3rios eleitorais de cada regi\u00e3o j\u00e1 est\u00e3o distribuindo todo o Mapa de M\u00eddia que dever\u00e1 ser seguido pelas emissoras e pelas coliga\u00e7\u00f5es que est\u00e3o na disputa eleitoral. Al\u00e9m disso, cada coliga\u00e7\u00e3o j\u00e1 deve ter indicado os respons\u00e1veis pelas entregas das m\u00eddias com os programas \u00e0s emissoras.<\/p>\n<p style=\"text-align: justify;\">As elei\u00e7\u00f5es municipais tiveram suas datas adiadas pelo Tribunal Superior Eleitoral (TSE) devido a pandemia do coronav\u00edrus. Com isso, o 1\u00ba turno ficou marcado para o dia 15 de novembro, enquanto as cidades acima de 200 mil eleitores poder\u00e3o ter segundo turno, que est\u00e1 marcado para o dia 29 do mesmo m\u00eas.<\/p>\n<p style=\"text-align: justify;\"><strong>Veicula\u00e7\u00e3o da propaganda eleitoral \u00e9 obrigat\u00f3ria apenas no R\u00e1dio<\/strong><\/p>\n<p style=\"text-align: justify;\">A veicula\u00e7\u00e3o da propaganda eleitoral \u00e9 obrigat\u00f3ria para todas as emissoras de r\u00e1dio, tanto as comerciais como tamb\u00e9m as educativas e comunit\u00e1rias. A n\u00e3o veicula\u00e7\u00e3o pode acarretar em san\u00e7\u00f5es previstas na legisla\u00e7\u00e3o eleitoral. Por\u00e9m, as transmiss\u00f5es via streaming (site) podem continuar com a programa\u00e7\u00e3o normal das emissoras.<\/p>\n<p style=\"text-align: justify;\">Outro fato importante a ser lembrado \u00e9 que, como se trata de elei\u00e7\u00e3o municipal, a emissora deve veicular a propaganda eleitoral referente ao munic\u00edpio em que est\u00e1 registrada sua concess\u00e3o. Por exemplo: se a emissora tem seu est\u00fadio em S\u00e3o Paulo, mas tem sua concess\u00e3o em Osasco, os programas devem ser dos candidatos de Osasco.<\/p>\n<p style=\"text-align: justify;\">Fonte: Tudor\u00e1dio<\/p>\n","protected":false},"excerpt":{"rendered":"<p>Campanha eleitoral do 1\u00ba turno no R\u00e1dio tem in\u00edcio nesta&hellip;<\/p>\n<p> <a class=\"more-link\" href=\"https:\/\/sertsc.org.br\/site\/eleicoes-2020-campanha-eleitoral-do-1o-turno-no-radio-tem-inicio-nesta-sexta-feira-9\/\">Leia mais<\/a><\/p>\n","protected":false},"author":1,"featured_media":13635,"comment_status":"open","ping_status":"open","sticky":false,"template":"","format":"standard","meta":{"footnotes":""},"categories":[3],"tags":[],"class_list":{"0":"post-13792","1":"post","2":"type-post","3":"status-publish","4":"format-standard","5":"has-post-thumbnail","7":"category-noticias"},"_links":{"self":[{"href":"https:\/\/sertsc.org.br\/site\/wp-json\/wp\/v2\/posts\/13792","targetHints":{"allow":["GET"]}}],"collection":[{"href":"https:\/\/sertsc.org.br\/site\/wp-json\/wp\/v2\/posts"}],"about":[{"href":"https:\/\/sertsc.org.br\/site\/wp-json\/wp\/v2\/types\/post"}],"author":[{"embeddable":true,"href":"https:\/\/sertsc.org.br\/site\/wp-json\/wp\/v2\/users\/1"}],"replies":[{"embeddable":true,"href":"https:\/\/sertsc.org.br\/site\/wp-json\/wp\/v2\/comments?post=13792"}],"version-history":[{"count":0,"href":"https:\/\/sertsc.org.br\/site\/wp-json\/wp\/v2\/posts\/13792\/revisions"}],"wp:featuredmedia":[{"embeddable":true,"href":"https:\/\/sertsc.org.br\/site\/wp-json\/"}],"wp:attachment":[{"href":"https:\/\/sertsc.org.br\/site\/wp-json\/wp\/v2\/media?parent=13792"}],"wp:term":[{"taxonomy":"category","embeddable":true,"href":"https:\/\/sertsc.org.br\/site\/wp-json\/wp\/v2\/categories?post=13792"},{"taxonomy":"post_tag","embeddable":true,"href":"https:\/\/sertsc.org.br\/site\/wp-json\/wp\/v2\/tags?post=13792"}],"curies":[{"name":"wp","href":"https:\/\/api.w.org\/{rel}","templated":true}]}}