{"id":13783,"date":"2020-10-05T09:09:35","date_gmt":"2020-10-05T12:09:35","guid":{"rendered":"https:\/\/www.sertsc.org.br\/site\/?p=13783"},"modified":"2020-10-05T09:09:35","modified_gmt":"2020-10-05T12:09:35","slug":"eleicoes-2020-justica-eleitoral-de-sc-da-inicio-as-reunioes-sobre-planos-de-midias","status":"publish","type":"post","link":"https:\/\/sertsc.org.br\/site\/eleicoes-2020-justica-eleitoral-de-sc-da-inicio-as-reunioes-sobre-planos-de-midias\/","title":{"rendered":"Elei\u00e7\u00f5es 2020: Justi\u00e7a Eleitoral de SC d\u00e1 in\u00edcio \u00e0s reuni\u00f5es sobre planos de m\u00eddias"},"content":{"rendered":"<p style=\"text-align: justify;\">O\u00a0<strong>juiz Jeferson Osvaldo Vieira<\/strong>, da 94\u00aa Zona Eleitoral de Santa Catarina, promoveu na quinta-feira (01) a primeira reuni\u00e3o virtual sobre plano de m\u00eddias e hor\u00e1rio eleitoral gratuito nas elei\u00e7\u00f5es municipais deste ano. Com o apoio da Ejesc &#8211; Escola Judiciaria Eleitoral de Santa Catarina \u2013 foi inaugurada a utiliza\u00e7\u00e3o da plataforma zoom para a realiza\u00e7\u00e3o da audi\u00eancia com representantes de\u00a0<strong>emissoras e partidos de Coronel Freitas<\/strong>, no Oeste catarinense, em cumprimento ao calend\u00e1rio eleitoral. A primeira reuni\u00e3o presencial foi em Balne\u00e1rio Cambori\u00fa.<\/p>\n<p style=\"text-align: justify;\">\u201cFoi uma reuni\u00e3o bem proveitosa e produtiva. A nossa orienta\u00e7\u00e3o foi de uma campanha proposita. Que se evite ataques \u00e0 honra e dignidade, vetados pela legisla\u00e7\u00e3o eleitoral. Estaremos acompanhando atentamente \u00e0s den\u00fancias no decorrer da campanha. A nossa expectativa, no entanto, \u00e9 que a campanha se limite a um debate saud\u00e1vel de ideias\u201d, afirmou o juiz Jeferson Osvaldo Vieira, da 94\u00aa Zona Eleitoral.<\/p>\n<p style=\"text-align: justify;\">\u201cFoi um avan\u00e7o porque n\u00e3o houve a necessidade de deslocamento para Chapec\u00f3 para a reuni\u00e3o presencial. Inclusive no modelo virtual foi poss\u00edvel reunir um n\u00famero maior de pessoas\u201d, afirmou o diretor da R\u00e1dio Continental FM de Coronel Freitas e Band FM de Chapec\u00f3, Rodrigo Nardino, vice-presidene de T\u00e9cnicas e Normas da ACAERT.<\/p>\n<p style=\"text-align: justify;\">Est\u00e3o sendo realizadas por 92 Zonas Eleitorais (ZEs) do estado reuni\u00f5es para a elabora\u00e7\u00e3o do plano de m\u00eddia, necess\u00e1rio \u00e0 veicula\u00e7\u00e3o da propaganda eleitoral gratuita das Elei\u00e7\u00f5es 2020. O per\u00edodo de realiza\u00e7\u00e3o dos encontros em Santa Catarina iniciou em 26 de setembro e termina em 6 de outubro. A decis\u00e3o se a reuni\u00e3o ser\u00e1 presencial ou virtual, por conta das restri\u00e7\u00f5es da pandemia da Covid-19, fica a cargo do juiz de cada Zona Eleitoral respons\u00e1vel pela propaganda eleitoral.<\/p>\n<p style=\"text-align: justify;\">S\u00e3o deliberados os seguintes temas durante as reuni\u00f5es: distribui\u00e7\u00e3o do tempo de propaganda eleitoral; apresenta\u00e7\u00e3o do plano de m\u00eddia; sorteio da ordem de veicula\u00e7\u00e3o da propaganda em bloco no primeiro dia (9 de outubro) para r\u00e1dio e TV; sorteio das sobras; gera\u00e7\u00e3o do plano de m\u00eddias; tamanho das m\u00eddias; hor\u00e1rio de entrega; formato do material; defini\u00e7\u00e3o das emissoras geradoras e sorteio da ordem de veicula\u00e7\u00e3o; e lembrete acerca da obrigatoriedade de cadastramento dos respons\u00e1veis pela entrega e recebimento dos programas,via Sistema AUGE.<\/p>\n<p style=\"text-align: justify;\">Neste ano, assim como em elei\u00e7\u00f5es anteriores, ser\u00e1 utilizado o sistema eletr\u00f4nico AUGE para cadastramento das emissoras, partidos e coliga\u00e7\u00f5es. As informa\u00e7\u00f5es sobre o acesso da imprensa est\u00e3o na p\u00e1gina Propaganda Eleitoral &#8211; Elei\u00e7\u00f5es 2020. Os partidos e coliga\u00e7\u00f5es receber\u00e3o as respectivas chaves de acesso por meio do e-mail cadastrado no CAND.<\/p>\n<p style=\"text-align: justify;\">Participam das reuni\u00f5es os partidos pol\u00edticos, as emissoras de r\u00e1dio e TV, ju\u00edzes e servidores das Zonas Eleitorais. Tamb\u00e9m s\u00e3o convidados o Minist\u00e9rio P\u00fablico Eleitoral e ao OAB\/SC. A organiza\u00e7\u00e3o dos planos de m\u00eddias nas Elei\u00e7\u00f5es Municipais \u00e9 de responsabilidade das ZEs do estado, que contam com o suporte da Corregedoria Regional Eleitoral do TRE-SC.<\/p>\n<p style=\"text-align: justify;\">A Escola Judici\u00e1ria Eleitoral de SC, que produziu o treinamento de uso da plataforma Zoom para o TRE-SC, esteve presente para apoiar duas reuni\u00f5es realizadas virtualmente at\u00e9 o momento.<\/p>\n<p class=\"font-11\" style=\"text-align: justify;\">Fonte: Assessoria de Imprensa ACAERT c\/ TRE\/SC<\/p>\n<p style=\"text-align: justify;\">\n","protected":false},"excerpt":{"rendered":"<p>O\u00a0juiz Jeferson Osvaldo Vieira, da 94\u00aa Zona Eleitoral de Santa&hellip;<\/p>\n<p> <a class=\"more-link\" href=\"https:\/\/sertsc.org.br\/site\/eleicoes-2020-justica-eleitoral-de-sc-da-inicio-as-reunioes-sobre-planos-de-midias\/\">Leia mais<\/a><\/p>\n","protected":false},"author":1,"featured_media":13784,"comment_status":"open","ping_status":"open","sticky":false,"template":"","format":"standard","meta":{"footnotes":""},"categories":[3],"tags":[],"class_list":{"0":"post-13783","1":"post","2":"type-post","3":"status-publish","4":"format-standard","5":"has-post-thumbnail","7":"category-noticias"},"_links":{"self":[{"href":"https:\/\/sertsc.org.br\/site\/wp-json\/wp\/v2\/posts\/13783","targetHints":{"allow":["GET"]}}],"collection":[{"href":"https:\/\/sertsc.org.br\/site\/wp-json\/wp\/v2\/posts"}],"about":[{"href":"https:\/\/sertsc.org.br\/site\/wp-json\/wp\/v2\/types\/post"}],"author":[{"embeddable":true,"href":"https:\/\/sertsc.org.br\/site\/wp-json\/wp\/v2\/users\/1"}],"replies":[{"embeddable":true,"href":"https:\/\/sertsc.org.br\/site\/wp-json\/wp\/v2\/comments?post=13783"}],"version-history":[{"count":0,"href":"https:\/\/sertsc.org.br\/site\/wp-json\/wp\/v2\/posts\/13783\/revisions"}],"wp:featuredmedia":[{"embeddable":true,"href":"https:\/\/sertsc.org.br\/site\/wp-json\/"}],"wp:attachment":[{"href":"https:\/\/sertsc.org.br\/site\/wp-json\/wp\/v2\/media?parent=13783"}],"wp:term":[{"taxonomy":"category","embeddable":true,"href":"https:\/\/sertsc.org.br\/site\/wp-json\/wp\/v2\/categories?post=13783"},{"taxonomy":"post_tag","embeddable":true,"href":"https:\/\/sertsc.org.br\/site\/wp-json\/wp\/v2\/tags?post=13783"}],"curies":[{"name":"wp","href":"https:\/\/api.w.org\/{rel}","templated":true}]}}