{"id":13769,"date":"2020-10-02T09:33:20","date_gmt":"2020-10-02T12:33:20","guid":{"rendered":"https:\/\/www.sertsc.org.br\/site\/?p=13769"},"modified":"2020-10-02T09:33:20","modified_gmt":"2020-10-02T12:33:20","slug":"radios-catarinenses-preparam-debates-com-candidatos","status":"publish","type":"post","link":"https:\/\/sertsc.org.br\/site\/radios-catarinenses-preparam-debates-com-candidatos\/","title":{"rendered":"R\u00e1dios catarinenses preparam debates com candidatos"},"content":{"rendered":"<p style=\"text-align: justify;\">Por conta da pandemia da Covid-19, as emissoras de r\u00e1dio de Santa Catarina est\u00e3o adotando protocolos de sa\u00fade para promoverem debates com os candidatos a prefeito. Entre as medidas: placas de acr\u00edlico separando debatedores, equipamento para higienizar cal\u00e7ados na entrada da emissora, limita\u00e7\u00e3o do n\u00famero de assessores, dist\u00e2ncia m\u00ednima, m\u00e1scaras e muito \u00e1lcool em gel.<\/p>\n<p style=\"text-align: justify;\">A Rede de Not\u00edcias ACAERT \u2013 RNA conferiu com cinco emissoras associadas, os preparativos para o encontro dos candidatos.<\/p>\n<p style=\"text-align: justify;\">Em Rio do Sul, o Grupo de Comunica\u00e7\u00e3o Difusora, formada pelas Amanda FM, Jovem Pan Alto Vale e Jovem Pan News Difusora, promover\u00e1 dois debates com os candidatos a prefeito da cidade. Inclusive, o evento ser\u00e1 transmitido tamb\u00e9m em v\u00eddeo para as redes sociais. O debate ser\u00e1 no est\u00fadio maior do grupo. &#8220;Os candidatos ficar\u00e3o separados por placas de acr\u00edlico. Os nossos colaboradores que ficar\u00e3o no est\u00fadio usar\u00e3o m\u00e1scara o todo tempo. Os jornalistas da r\u00e1dio que far\u00e3o as perguntas ficar\u00e3o em outro est\u00fadio. \u00c9 s\u00f3 ser\u00e1 permitida a presen\u00e7a de um assessor&#8221;, explicou o radiodifusor Humberto Ohf de Andrade.<\/p>\n<p style=\"text-align: justify;\">No Oeste, a Belos FM, de Seara, promover\u00e1 sete debates: dois com os candidatos a prefeito do munic\u00edpio e outros cinco com candidatos das cidades vizinhas. O debate com o maior n\u00famero de participantes ser\u00e1 realizado na C\u00e2mara de Vereadores. &#8220;O plen\u00e1rio da C\u00e2mara permite um maior distanciamento dos candidatos, ao contr\u00e1rio dos est\u00fadios. Todas as pessoas envolvidas usar\u00e3o m\u00e1scaras. Al\u00e9m disso, vamos disponibilizar \u00e1lcool em gel e todos os equipamentos ser\u00e3o higienizados&#8221;, afirmou o rep\u00f3rter D\u00e9cio Pandolfi.<\/p>\n<p>No Extremo-Oeste, a Rede Peperi, formada por sete emissoras de r\u00e1dio, tamb\u00e9m far\u00e1 debates. &#8220;Onde o est\u00fadio for pequeno nas emissoras, o debate ser\u00e1 feito num lugar maior da r\u00e1dio. O candidato vir\u00e1 com apenas um assessor, ao contr\u00e1rio dos debates anteriores. J\u00e1 o est\u00fadio da Peperi \u00e9 maior, ent\u00e3o os candidatos n\u00e3o ficar\u00e3o em volta mesa, como de costume. Estar\u00e3o mais separados com microfones sem fio&#8221;, detalhou jornalista Marcos Meller.<\/p>\n<p style=\"text-align: justify;\">No sul do estado, a r\u00e1dio Tuba, de Tubar\u00e3o, promover\u00e1 13 debates. Dois com os candidatos \u00e0 prefeitura de Tubar\u00e3o e onze com os candidatos dos munic\u00edpios da regi\u00e3o. O primeiro ser\u00e1 no pr\u00f3ximo dia 06 de outubro. Os eventos n\u00e3o ser\u00e3o realizados em est\u00fadio. Segundo a jornalista Magda Martins, &#8220;os debates ser\u00e3o promovidos no Centro de Atividades da Catedral de Tubar\u00e3o, que fica ao lado da R\u00e1dio e TV Tuba, que oferece mais espa\u00e7o. Os debates com os candidatos de Tubar\u00e3o ser\u00e3o no est\u00fadio da TV Tuba, com transmiss\u00e3o tamb\u00e9m pela r\u00e1dio e redes sociais&#8221;.<\/p>\n<p style=\"text-align: justify;\">No Meio-Oeste, os candidatos que participar\u00e3o do debate ter\u00e3o que higienizar os cal\u00e7ados antes de entrar na sede da emissora da R\u00e1dio Cultura, de Campos Novos. Ser\u00e3o sete a partir da primeira semana de outubro. A jornalista Rosely Rossi informa que \u201ca emissora tomar\u00e1 todos os cuidados desde a entrada da emissora at\u00e9 aos est\u00fadios. Todo mundo de m\u00e1scara, inclusive quando um candidato n\u00e3o estiver falando\u201d. Novos tempos e o compromisso do R\u00e1dio com a democracia \u00e9 o mesmo.<\/p>\n<p class=\"font-11\" style=\"text-align: justify;\"><em>Fonte: Portal Makingof<\/em><\/p>\n","protected":false},"excerpt":{"rendered":"<p>Por conta da pandemia da Covid-19, as emissoras de r\u00e1dio&hellip;<\/p>\n<p> <a class=\"more-link\" href=\"https:\/\/sertsc.org.br\/site\/radios-catarinenses-preparam-debates-com-candidatos\/\">Leia mais<\/a><\/p>\n","protected":false},"author":1,"featured_media":13770,"comment_status":"open","ping_status":"open","sticky":false,"template":"","format":"standard","meta":{"footnotes":""},"categories":[3],"tags":[],"class_list":{"0":"post-13769","1":"post","2":"type-post","3":"status-publish","4":"format-standard","5":"has-post-thumbnail","7":"category-noticias"},"_links":{"self":[{"href":"https:\/\/sertsc.org.br\/site\/wp-json\/wp\/v2\/posts\/13769","targetHints":{"allow":["GET"]}}],"collection":[{"href":"https:\/\/sertsc.org.br\/site\/wp-json\/wp\/v2\/posts"}],"about":[{"href":"https:\/\/sertsc.org.br\/site\/wp-json\/wp\/v2\/types\/post"}],"author":[{"embeddable":true,"href":"https:\/\/sertsc.org.br\/site\/wp-json\/wp\/v2\/users\/1"}],"replies":[{"embeddable":true,"href":"https:\/\/sertsc.org.br\/site\/wp-json\/wp\/v2\/comments?post=13769"}],"version-history":[{"count":0,"href":"https:\/\/sertsc.org.br\/site\/wp-json\/wp\/v2\/posts\/13769\/revisions"}],"wp:featuredmedia":[{"embeddable":true,"href":"https:\/\/sertsc.org.br\/site\/wp-json\/"}],"wp:attachment":[{"href":"https:\/\/sertsc.org.br\/site\/wp-json\/wp\/v2\/media?parent=13769"}],"wp:term":[{"taxonomy":"category","embeddable":true,"href":"https:\/\/sertsc.org.br\/site\/wp-json\/wp\/v2\/categories?post=13769"},{"taxonomy":"post_tag","embeddable":true,"href":"https:\/\/sertsc.org.br\/site\/wp-json\/wp\/v2\/tags?post=13769"}],"curies":[{"name":"wp","href":"https:\/\/api.w.org\/{rel}","templated":true}]}}