{"id":13766,"date":"2020-10-02T09:28:32","date_gmt":"2020-10-02T12:28:32","guid":{"rendered":"https:\/\/www.sertsc.org.br\/site\/?p=13766"},"modified":"2020-10-02T09:28:32","modified_gmt":"2020-10-02T12:28:32","slug":"canal-b-do-radio-show-2020-discute-o-radio-hibrido-conteudo-on-line-e-carros-conectados","status":"publish","type":"post","link":"https:\/\/sertsc.org.br\/site\/canal-b-do-radio-show-2020-discute-o-radio-hibrido-conteudo-on-line-e-carros-conectados\/","title":{"rendered":"Canal B do Radio Show 2020 discute o r\u00e1dio h\u00edbrido, conte\u00fado on-line e carros conectados"},"content":{"rendered":"<p style=\"text-align: justify;\">A partir da pr\u00f3xima segunda-feira (5), a ind\u00fastria de r\u00e1dio internacional estar\u00e1 com as aten\u00e7\u00f5es voltadas para a edi\u00e7\u00e3o virtual do Radio Show 2020, evento que foi para a internet devido a continuidade da pandemia do novo coronav\u00edrus. Tend\u00eancias sobre os ambientes digital, FM\/AM e a entrega de conte\u00fado multiplataforma estar\u00e3o em destaque na programa\u00e7\u00e3o, com as participa\u00e7\u00f5es dos principais executivos do setor nos Estados Unidos. O Radio Show \u00e9 considerado um dos principais eventos sobre r\u00e1dio no planeta e est\u00e1 organizado em temas por dia.<\/p>\n<p style=\"text-align: justify;\">Segundo a programa\u00e7\u00e3o presente no portal do Radio Show e conforme j\u00e1 noticiado pelo\u00a0<strong>tudoradio.com<\/strong>, a\u00a0<strong><a href=\"https:\/\/tudoradio.com\/noticias\/ver\/24091-radio-show-2020-define-programacao-de-palestrantes-evento-sera-on-line-e-tera-eventos-simultaneos\">edi\u00e7\u00e3o deste ano ter\u00e1 dois &#8216;canais&#8217; online<\/a><\/strong>, com o Canal B dedicado a t\u00f3picos t\u00e9cnicos, apresentados das 16h30 \u00e0s 17h00 (hor\u00e1rio de Bras\u00edlia), entre segunda e sexta-feira da pr\u00f3xima semana.<\/p>\n<p style=\"text-align: justify;\">Os temas de tecnologia presentes no canal B do Radio Show 2020 incluem o r\u00e1dio h\u00edbrido (tecnologia que trabalha com as ondas terrestres e dados de internet, tudo de forma conjunta), transmiss\u00e3o totalmente digital na banda AM (tend\u00eancia nos Estados Unidos, ap\u00f3s as esta\u00e7\u00f5es serem desobrigadas de manter o sinal AM anal\u00f3gico), o carro conectado e a evolu\u00e7\u00e3o da tecnologia de transmiss\u00e3o e workflow.<\/p>\n<p style=\"text-align: justify;\">A programa\u00e7\u00e3o do canal B s\u00e3o programadas por Skip Pizzi, vice-presidente de educa\u00e7\u00e3o e divulga\u00e7\u00e3o de tecnologia da NAB, e David Layer, vice-presidente de engenharia avan\u00e7ada da NAB. Ambos j\u00e1 fizeram participa\u00e7\u00f5es em eventos do setor de r\u00e1dio no Brasil, como SET Expo 2019, 24\u00ba Congresso da AERP e, mais recentemente, no evento virtual Webnab 2020.<\/p>\n<p style=\"text-align: justify;\">&#8220;Eu penso assim: quando voc\u00ea \u00e9 o primeiro na vizinhan\u00e7a a ter um cachorro falante, todo mundo acha incr\u00edvel que ele fale (\u2026) mas assim que o cachorro de todo mundo come\u00e7a a falar, as pessoas come\u00e7am a reclamar de sotaques engra\u00e7ados e gram\u00e1tica ruim&#8221;, afirma Skip ao portal norte-americano Radio World, chamando a aten\u00e7\u00e3o para o desafio de programar um conte\u00fado online, que \u00e9 agravado pelo fato de que todo mundo vem fazendo isso nos \u00faltimos meses durante a pandemia.<\/p>\n<p style=\"text-align: justify;\">O portal Radio World fez um resumo sobre o que ser\u00e1 discutido no Radio World, com destaque para os assuntos t\u00e9cnicos, e o\u00a0<strong>tudoradio.com<\/strong>\u00a0repercute:<\/p>\n<p style=\"text-align: justify;\"><strong>Segunda-feira &#8211; R\u00e1dio H\u00edbrido &#8211; 05\/10<\/strong><\/p>\n<p style=\"text-align: justify;\">Segundo a programa\u00e7\u00e3o do Radio Show, o primeiro pain\u00e9l do Canal B ter\u00e1 como foco \u00a0o r\u00e1dio h\u00edbrido. Nas \u00faltimas semanas o<strong>\u00a0tudoradio.com<\/strong>\u00a0destacou a evolu\u00e7\u00e3o da tecnologia, atrav\u00e9s da implanta\u00e7\u00e3o do sistema em autom\u00f3veis na Europa e nos Estados Unidos. O r\u00e1dio h\u00edbrido \u00e9 visto como um futuro promissor para o r\u00e1dio, j\u00e1 que a tecnologia \u00e9 de f\u00e1cil uso (e intuitiva) para o ouvinte.<\/p>\n<p style=\"text-align: justify;\">O r\u00e1dio h\u00edbrido mescla o sinal terrestre com dados de internet, fornecendo mais possibilidades para os ouvintes, esta\u00e7\u00f5es e tamb\u00e9m anunciantes. O sistema possibilita que o usu\u00e1rio nunca perca a recep\u00e7\u00e3o de sua esta\u00e7\u00e3o favorita, alternando para a internet em caso de aus\u00eancia do sinal em FM, por exemplo.<\/p>\n<p style=\"text-align: justify;\">Recentemente foi fechada<strong><a href=\"https:\/\/tudoradio.com\/noticias\/ver\/24142-tendencias-parceria-entre-audi-e-iheartradio-pode-impulsionar-o-radio-hibrido-na-america-do-norte\">\u00a0uma parceria entre a iHeartMedia e a montadora Audi para ampliar a oferta da tecnologia.<\/a><\/strong><\/p>\n<p style=\"text-align: justify;\"><strong>Ter\u00e7a-feira &#8211; R\u00e1dio AM totalmente digital &#8211; 06\/10<\/strong><\/p>\n<p style=\"text-align: justify;\">No segundo dia, a programa\u00e7\u00e3o contar\u00e1 com um assunto que interessa mais diretamente o mercado norte-americano. L\u00e1 o FCC (que regula o setor)\u00a0<strong><a href=\"https:\/\/tudoradio.com\/noticias\/ver\/22473-tendencias-estados-unidos-pode-contar-apenas-com-sinal-de-am-digital-transmissao-analogica-nao-seria-obrigatoria-em-proposta-da-fcc\">desobriga que as esta\u00e7\u00f5es AMs digitais mantenham a transmiss\u00e3o anal\u00f3gica<\/a><\/strong>. Segundo o Radio World, at\u00e9 o momento, apenas duas esta\u00e7\u00f5es AM dos Estados Unidos adotaram a medida, o que requer autoriza\u00e7\u00e3o experimental tempor\u00e1ria da FCC.<\/p>\n<p style=\"text-align: justify;\">&#8220;Esta sess\u00e3o ser\u00e1 um relat\u00f3rio de progresso \/ atualiza\u00e7\u00e3o do r\u00e1dio AM totalmente digital, que o Radio Show vem cobrindo h\u00e1 algum tempo&#8221;, disse Pizzi. &#8220;Ouviremos do engenheiro chefe do WWFD, Dave Kolesar da Hubbard Radio, que tem sido um verdadeiro campe\u00e3o dessa tecnologia usando o modo de transmiss\u00e3o HD Radio MA3 do Xperi, bem como de Brian Walsh da WIOE em Fort. Wayne, Ind&#8221;, finaliza Skip.<\/p>\n<p style=\"text-align: justify;\"><strong>Quarta-feira &#8211; R\u00e1dio e o carro conectado &#8211; 07\/10<\/strong><\/p>\n<p style=\"text-align: justify;\">No terceiro dia, Joe D&#8217;Angelo (SVP do Xperi) deve discutir a recente fus\u00e3o Xperi \/ TiVo e o papel que o r\u00e1dio pode desempenhar no carro conectado \u00e0 web de hoje e do futuro.<\/p>\n<p style=\"text-align: justify;\">Segundo o portal Radio Show, o Xperi \u00e9 conhecido por parte do setor como o pai do HD Radio e da plataforma de r\u00e1dio h\u00edbrida DTS Connected Radio. Suas marcas tamb\u00e9m incluem DTS, IMAX Enhanced, Invensas e Perceive.<\/p>\n<p style=\"text-align: justify;\">&#8220;Em um momento em que os consumidores desejam acesso personalizado e cont\u00ednuo ao entretenimento em qualquer lugar, a qualquer hora e em qualquer dispositivo, a empresa combinada oferecer\u00e1 aos consumidores uma plataforma de entretenimento digital com uma experi\u00eancia de entretenimento ponta a ponta, da escolha ao consumo&#8221;, afirma o comunicado da empresa sobre a fus\u00e3o, segundo o Radio World.<\/p>\n<p style=\"text-align: justify;\">&#8220;As solu\u00e7\u00f5es que esta fus\u00e3o pretende trazer para as emissoras, montadoras e seus consumidores, levam o r\u00e1dio e o painel digital a um n\u00edvel completamente novo de descoberta e engajamento, oferecendo aos motoristas uma maneira segura, eficiente e mais personalizada de descobrir conte\u00fado de r\u00e1dio, tudo apresentado com a riqueza de texto \/ imagem que exigem em uma plataforma digital&#8221;, publicou o Radio World sobre um depoimento do Xperi, que informa sobre a fus\u00e3o trazer a plataforma de metadados da TiVo para a plataforma de r\u00e1dio h\u00edbrida da empresa.<\/p>\n<p style=\"text-align: justify;\">&#8220;As emissoras de r\u00e1dio mant\u00eam o controle do conte\u00fado, com maior envolvimento e percep\u00e7\u00f5es anal\u00edticas, e as montadoras t\u00eam acesso a uma solu\u00e7\u00e3o global pronta para uso que \u00e9 segura e ter\u00e1 suporte em todo o mundo&#8221;, finaliza.<\/p>\n<p style=\"text-align: justify;\">A expectativa sobre a fus\u00e3o e os efeitos que isso pode causar no mercado \u00e9 grande por causa de algumas mudan\u00e7as de h\u00e1bitos observados na popula\u00e7\u00e3o durante a pandemia. Uma pesquisa sugere que encontrar um lugar em ve\u00edculos conectados \u00e0 web \u00e9 mais importante do que nunca. De acordo com o Spring 2020 Smart Audio Report da Edison Research e NPR, 36% dos propriet\u00e1rios de smart-speakers (caixas de som inteligentes) que est\u00e3o acima dos 18 anos e residem nos Estados Unidos t\u00eam ouvido mais conte\u00fado de m\u00fasica \/ entretenimento em seus dispositivos de streaming desde o surto, com 52% de pessoas com 18 a 34 anos velhos dizendo a mesma coisa.<\/p>\n<p style=\"text-align: justify;\">&#8220;Quando mais pessoas voltam a dirigir para o trabalho, muitas podem continuar ouvindo a transmiss\u00e3o em seus carros em vez de voltar para a transmiss\u00e3o de r\u00e1dio&#8221;, afirma a reportagem do Radio World.<\/p>\n<p style=\"text-align: justify;\"><strong>Quinta e sexta-feira &#8211; A evolu\u00e7\u00e3o das tecnologias de radiodifus\u00e3o &#8211; 08 e 09\/10<\/strong><\/p>\n<p style=\"text-align: justify;\">Segundo a reportagem da Radio World, os dois \u00faltimos pain\u00e9is do Radio Show v\u00e3o considerar a evolu\u00e7\u00e3o das tecnologias de radiodifus\u00e3o.<\/p>\n<p style=\"text-align: justify;\">Na quinta a programa\u00e7\u00e3o vai examinar a transi\u00e7\u00e3o do r\u00e1dio de uma infraestrutura tradicional baseada em hardware para a tecnologia IP, produ\u00e7\u00e3o \/ playout baseada em software e trabalho na nuvem (cloud). J\u00e1 na sexta, o foco ser\u00e1 na tecnologia de HD Radio de pr\u00f3xima gera\u00e7\u00e3o, que \u00e9 o padr\u00e3o de r\u00e1dio AM\/FM digital adotado nos Estados Unidos.<\/p>\n<p style=\"text-align: justify;\">&#8220;A pr\u00f3pria natureza da transmiss\u00e3o de r\u00e1dio est\u00e1 mudando&#8221;, afirma Skip. &#8220;Com tanto indo para a nuvem e o mundo virtual, pode chegar o dia em que a maior parte do investimento t\u00e9cnico de r\u00e1dio ser\u00e1 gasto em op-ex [despesas operacionais com servi\u00e7os] em vez de cap-ex [despesas de capital em hardware e equipamento], e essas sess\u00f5es discutir\u00e3o essa transi\u00e7\u00e3o&#8221;, finaliza Pizzi.<\/p>\n<p style=\"text-align: justify;\">J\u00e1 os pain\u00e9is do canal A, mais voltado ao conte\u00fado, incluir\u00e3o\u00a0<strong><a href=\"https:\/\/tudoradio.com\/noticias\/ver\/24091-radio-show-2020-define-programacao-de-palestrantes-evento-sera-on-line-e-tera-eventos-simultaneos\">a programa\u00e7\u00e3o chamada &#8216;CEO Townhall&#8217;<\/a><\/strong>, que ter\u00e1 executivos como Bob Pittman da iHeartMedia, Mary Berner da Cumulus Media e David Field da Entercom Communications. Na sequ\u00eancia, j\u00e1 na ter\u00e7a, haver\u00e1 o Radio Mercury Awards e um &#8220;One-on-One com Byron Allen&#8221; o fundador, presidente e CEO da Allen Media Group LLC \/ Entertainment Studios.\u00a0<strong><a href=\"https:\/\/tudoradio.com\/noticias\/ver\/24091-radio-show-2020-define-programacao-de-palestrantes-evento-sera-on-line-e-tera-eventos-simultaneos\">A grade do canal A j\u00e1 foi destacada anteriormente pelo tudoradio.com. Confira aqui.\u00a0<\/a><\/strong><\/p>\n<p style=\"text-align: justify;\">Antes da pandemia, o Radio Show 2020 estava marcado para ser em Nashville. E as mudan\u00e7as provocadas pelo coronav\u00edrus n\u00e3o afetaram apenas a edi\u00e7\u00e3o deste ano. O\u00a0<strong><a href=\"https:\/\/tudoradio.com\/noticias\/ver\/24112-radio-show-2021-sera-realizado-em-conjunto-com-o-nab-show-eventos-estao-marcados-para-las-vegas\">Radio Show 2021 dever\u00e1 ser presencial, mas teve sua data e local alterados. O evento acontecer\u00e1 junto com o NAB Show 2021<\/a><\/strong>, com as duas agendas confirmadas para outubro de 2021, em Las Vegas.<\/p>\n<p style=\"text-align: justify;\">Para saber mais sobre a edi\u00e7\u00e3o deste ano e fazer a inscri\u00e7\u00e3o para acompanhar os pain\u00e9is, basta acessar\u00a0<strong><a href=\"https:\/\/radioshowweb.com\/\" target=\"_blank\" rel=\"noopener noreferrer\">https:\/\/radioshowweb.com\/<\/a><\/strong><\/p>\n<p style=\"text-align: justify;\"><em>Com informa\u00e7\u00f5es do portal Radio World e do Radio Show<\/em><\/p>\n<p style=\"text-align: justify;\">\n<p style=\"text-align: justify;\">Fonte: Tudor\u00e1dio<\/p>\n","protected":false},"excerpt":{"rendered":"<p>A partir da pr\u00f3xima segunda-feira (5), a ind\u00fastria de r\u00e1dio&hellip;<\/p>\n<p> <a class=\"more-link\" href=\"https:\/\/sertsc.org.br\/site\/canal-b-do-radio-show-2020-discute-o-radio-hibrido-conteudo-on-line-e-carros-conectados\/\">Leia mais<\/a><\/p>\n","protected":false},"author":1,"featured_media":13767,"comment_status":"open","ping_status":"open","sticky":false,"template":"","format":"standard","meta":{"footnotes":""},"categories":[1],"tags":[],"class_list":{"0":"post-13766","1":"post","2":"type-post","3":"status-publish","4":"format-standard","5":"has-post-thumbnail","7":"category-geral"},"_links":{"self":[{"href":"https:\/\/sertsc.org.br\/site\/wp-json\/wp\/v2\/posts\/13766","targetHints":{"allow":["GET"]}}],"collection":[{"href":"https:\/\/sertsc.org.br\/site\/wp-json\/wp\/v2\/posts"}],"about":[{"href":"https:\/\/sertsc.org.br\/site\/wp-json\/wp\/v2\/types\/post"}],"author":[{"embeddable":true,"href":"https:\/\/sertsc.org.br\/site\/wp-json\/wp\/v2\/users\/1"}],"replies":[{"embeddable":true,"href":"https:\/\/sertsc.org.br\/site\/wp-json\/wp\/v2\/comments?post=13766"}],"version-history":[{"count":0,"href":"https:\/\/sertsc.org.br\/site\/wp-json\/wp\/v2\/posts\/13766\/revisions"}],"wp:featuredmedia":[{"embeddable":true,"href":"https:\/\/sertsc.org.br\/site\/wp-json\/"}],"wp:attachment":[{"href":"https:\/\/sertsc.org.br\/site\/wp-json\/wp\/v2\/media?parent=13766"}],"wp:term":[{"taxonomy":"category","embeddable":true,"href":"https:\/\/sertsc.org.br\/site\/wp-json\/wp\/v2\/categories?post=13766"},{"taxonomy":"post_tag","embeddable":true,"href":"https:\/\/sertsc.org.br\/site\/wp-json\/wp\/v2\/tags?post=13766"}],"curies":[{"name":"wp","href":"https:\/\/api.w.org\/{rel}","templated":true}]}}