{"id":13749,"date":"2020-09-29T08:53:22","date_gmt":"2020-09-29T11:53:22","guid":{"rendered":"https:\/\/www.sertsc.org.br\/site\/?p=13749"},"modified":"2020-09-29T08:53:22","modified_gmt":"2020-09-29T11:53:22","slug":"comunicacao-corporativa-em-empresas-de-comunicacao","status":"publish","type":"post","link":"https:\/\/sertsc.org.br\/site\/comunicacao-corporativa-em-empresas-de-comunicacao\/","title":{"rendered":"Comunica\u00e7\u00e3o corporativa em empresas de comunica\u00e7\u00e3o"},"content":{"rendered":"<p style=\"text-align: justify;\"><em>Por Marinna Protasiewytch<\/em><\/p>\n<p style=\"text-align: justify;\">Independentemente do segmento, toda empresa precisa contar com uma comunica\u00e7\u00e3o eficiente para obter melhores resultados para o neg\u00f3cio, principalmente em tempos de crise. A comunica\u00e7\u00e3o corporativa durante a pandemia acabou evidenciada e teve a sua import\u00e2ncia reafirmada perante as empresas. Mas afinal, qual o papel deste tipo de comunica\u00e7\u00e3o?<\/p>\n<p style=\"text-align: justify;\">Segundo Danielle Blaskievicz, especialista em Gest\u00e3o da Comunica\u00e7\u00e3o Empresarial e diretora de conte\u00fado da Estilo Editorial Comunica\u00e7\u00e3o, \u201ca comunica\u00e7\u00e3o corporativa \u00e9 o departamento que faz o gerenciamento da imagem da empresa. \u00c9 respons\u00e1vel por comunica\u00e7\u00f5es integradas, desde comunica\u00e7\u00e3o interna, assessoria de imprensa, marketing a at\u00e9 propaganda, servi\u00e7os que s\u00e3o realizados de forma estrat\u00e9gica para repassar ao mercado a mensagem que a institui\u00e7\u00e3o quer\u201d.<\/p>\n<p style=\"text-align: justify;\">Este tipo de setor dentro de uma institui\u00e7\u00e3o acaba exercendo um papel fundamental perante n\u00e3o s\u00f3 ao publico externo, mas tamb\u00e9m aos colaboradores. \u00c9 pela comunica\u00e7\u00e3o corporativa que se alinha o discurso e valores da empresa e realiza a integra\u00e7\u00e3o dele com todas as partes envolvidas. A comunica\u00e7\u00e3o corporativa se divide em duas vertentes principais: interna e externa.<\/p>\n<p style=\"text-align: justify;\">\u201cA comunica\u00e7\u00e3o interna promove o di\u00e1logo entre a administra\u00e7\u00e3o e o p\u00fablico ligado ao neg\u00f3cio, como colaboradores e prestadores de servi\u00e7o e tem por objetivo fazer com que todos saibam de forma clara quais s\u00e3o as propostas, os fluxos e os processos da empresa. S\u00e3o os colaboradores e demais envolvidos que fazem a empresa funcionar e por isso o discurso precisa estar alinhado\u201d, explica Danielle.<\/p>\n<p style=\"text-align: justify;\">A especialista em Comunica\u00e7\u00e3o Empresarial ainda exemplifica o que \u00e9 a comunica\u00e7\u00e3o externa de uma institui\u00e7\u00e3o. \u201cEla se divide entre a comunica\u00e7\u00e3o com o mercado e a comunica\u00e7\u00e3o institucional. O mercado tem como foco os clientes, onde mostramos o que a empresa oferece e quais os servi\u00e7os. J\u00e1 a informa\u00e7\u00e3o institucional busca promover um di\u00e1logo com a imprensa e toda a sociedade, mostrando o posicionamento da marca\u201d destaca Danielle Blaskievicz.<\/p>\n<p style=\"text-align: justify;\"><strong>Emissoras de r\u00e1dio e a comunica\u00e7\u00e3o corporativa<\/strong><\/p>\n<p style=\"text-align: justify;\">Ve\u00edculos de comunica\u00e7\u00e3o como o r\u00e1dio, apesar de promoverem uma comunica\u00e7\u00e3o eficaz com seus ouvintes tamb\u00e9m precisam estar atentos aos caminhos da comunica\u00e7\u00e3o corporativa. \u201cAntes de ser um ve\u00edculo de comunica\u00e7\u00e3o, a r\u00e1dio tamb\u00e9m \u00e9 uma empresa e precisa se comunicar adequadamente com seu p\u00fablico interno e externo. Precisa informar qual \u00e9 o seu posicionamento no mercado, m\u00eddia kit, com quem a r\u00e1dio est\u00e1 alinhada, at\u00e9 para atrair os anunciantes certos\u201d, afirma Danielle.<\/p>\n<p>&nbsp;<\/p>\n<p>Fonte: AERP<\/p>\n","protected":false},"excerpt":{"rendered":"<p>Por Marinna Protasiewytch Independentemente do segmento, toda empresa precisa contar&hellip;<\/p>\n<p> <a class=\"more-link\" href=\"https:\/\/sertsc.org.br\/site\/comunicacao-corporativa-em-empresas-de-comunicacao\/\">Leia mais<\/a><\/p>\n","protected":false},"author":1,"featured_media":13750,"comment_status":"open","ping_status":"open","sticky":false,"template":"","format":"standard","meta":{"footnotes":""},"categories":[3],"tags":[],"class_list":{"0":"post-13749","1":"post","2":"type-post","3":"status-publish","4":"format-standard","5":"has-post-thumbnail","7":"category-noticias"},"_links":{"self":[{"href":"https:\/\/sertsc.org.br\/site\/wp-json\/wp\/v2\/posts\/13749","targetHints":{"allow":["GET"]}}],"collection":[{"href":"https:\/\/sertsc.org.br\/site\/wp-json\/wp\/v2\/posts"}],"about":[{"href":"https:\/\/sertsc.org.br\/site\/wp-json\/wp\/v2\/types\/post"}],"author":[{"embeddable":true,"href":"https:\/\/sertsc.org.br\/site\/wp-json\/wp\/v2\/users\/1"}],"replies":[{"embeddable":true,"href":"https:\/\/sertsc.org.br\/site\/wp-json\/wp\/v2\/comments?post=13749"}],"version-history":[{"count":0,"href":"https:\/\/sertsc.org.br\/site\/wp-json\/wp\/v2\/posts\/13749\/revisions"}],"wp:featuredmedia":[{"embeddable":true,"href":"https:\/\/sertsc.org.br\/site\/wp-json\/"}],"wp:attachment":[{"href":"https:\/\/sertsc.org.br\/site\/wp-json\/wp\/v2\/media?parent=13749"}],"wp:term":[{"taxonomy":"category","embeddable":true,"href":"https:\/\/sertsc.org.br\/site\/wp-json\/wp\/v2\/categories?post=13749"},{"taxonomy":"post_tag","embeddable":true,"href":"https:\/\/sertsc.org.br\/site\/wp-json\/wp\/v2\/tags?post=13749"}],"curies":[{"name":"wp","href":"https:\/\/api.w.org\/{rel}","templated":true}]}}