{"id":13746,"date":"2020-09-28T14:14:24","date_gmt":"2020-09-28T17:14:24","guid":{"rendered":"https:\/\/www.sertsc.org.br\/site\/?p=13746"},"modified":"2020-09-28T14:14:24","modified_gmt":"2020-09-28T17:14:24","slug":"edital-de-convocacao-eleitoral-2","status":"publish","type":"post","link":"https:\/\/sertsc.org.br\/site\/edital-de-convocacao-eleitoral-2\/","title":{"rendered":"EDITAL DE CONVOCA\u00c7\u00c3O ELEITORAL"},"content":{"rendered":"<p style=\"text-align: justify;\">Nos termos das suas atribui\u00e7\u00f5es regimentais, o presidente do <strong>N\u00facleo de Jovens Radiodifusores de Santa Catarina \u2013 SERT\/SC Jovem<\/strong> convoca os filiados do n\u00facleo para a ado\u00e7\u00e3o dos procedimentos do processo eleitoral.<\/p>\n<p style=\"text-align: justify;\">A elei\u00e7\u00e3o ocorrer\u00e1 <strong>no dia 30 de outubro de 2020, \u00e0s 15h<\/strong>. <strong>A reuni\u00e3o ser\u00e1 virtual, via Google Meet.<\/strong><\/p>\n<p style=\"text-align: justify;\">Na oportunidade ser\u00e1 <strong>ESCOLHIDA A NOVA DIRETORIA<\/strong> (presidente, vice-presidente e secret\u00e1rio), nos termos do Regimento Interno do N\u00facleo de Jovens Radiodifusores, para o exerc\u00edcio do ano de 2021, observando os limites dos artigos 2\u00b0 e 14 par\u00e1grafo \u00fanico do mencionado regimento, quanto as idades m\u00ednima (18) e m\u00e1xima (35).<\/p>\n<p style=\"text-align: justify;\">Florian\u00f3polis, 26 de setembro de 2020.<\/p>\n<p style=\"text-align: justify;\"><strong>Romildo Titon<\/strong><br \/>\nPresidente<\/p>\n","protected":false},"excerpt":{"rendered":"<p>Nos termos das suas atribui\u00e7\u00f5es regimentais, o presidente do N\u00facleo&hellip;<\/p>\n<p> <a class=\"more-link\" href=\"https:\/\/sertsc.org.br\/site\/edital-de-convocacao-eleitoral-2\/\">Leia mais<\/a><\/p>\n","protected":false},"author":1,"featured_media":13747,"comment_status":"open","ping_status":"open","sticky":false,"template":"","format":"standard","meta":{"footnotes":""},"categories":[33],"tags":[],"class_list":{"0":"post-13746","1":"post","2":"type-post","3":"status-publish","4":"format-standard","5":"has-post-thumbnail","7":"category-destaques"},"_links":{"self":[{"href":"https:\/\/sertsc.org.br\/site\/wp-json\/wp\/v2\/posts\/13746","targetHints":{"allow":["GET"]}}],"collection":[{"href":"https:\/\/sertsc.org.br\/site\/wp-json\/wp\/v2\/posts"}],"about":[{"href":"https:\/\/sertsc.org.br\/site\/wp-json\/wp\/v2\/types\/post"}],"author":[{"embeddable":true,"href":"https:\/\/sertsc.org.br\/site\/wp-json\/wp\/v2\/users\/1"}],"replies":[{"embeddable":true,"href":"https:\/\/sertsc.org.br\/site\/wp-json\/wp\/v2\/comments?post=13746"}],"version-history":[{"count":0,"href":"https:\/\/sertsc.org.br\/site\/wp-json\/wp\/v2\/posts\/13746\/revisions"}],"wp:featuredmedia":[{"embeddable":true,"href":"https:\/\/sertsc.org.br\/site\/wp-json\/"}],"wp:attachment":[{"href":"https:\/\/sertsc.org.br\/site\/wp-json\/wp\/v2\/media?parent=13746"}],"wp:term":[{"taxonomy":"category","embeddable":true,"href":"https:\/\/sertsc.org.br\/site\/wp-json\/wp\/v2\/categories?post=13746"},{"taxonomy":"post_tag","embeddable":true,"href":"https:\/\/sertsc.org.br\/site\/wp-json\/wp\/v2\/tags?post=13746"}],"curies":[{"name":"wp","href":"https:\/\/api.w.org\/{rel}","templated":true}]}}