{"id":13743,"date":"2020-09-28T08:49:57","date_gmt":"2020-09-28T11:49:57","guid":{"rendered":"https:\/\/www.sertsc.org.br\/site\/?p=13743"},"modified":"2020-09-28T08:49:57","modified_gmt":"2020-09-28T11:49:57","slug":"senador-mantem-isencao-de-fistel-condecine-e-cfrp-para-dispositivos-de-iot","status":"publish","type":"post","link":"https:\/\/sertsc.org.br\/site\/senador-mantem-isencao-de-fistel-condecine-e-cfrp-para-dispositivos-de-iot\/","title":{"rendered":"Senador mant\u00e9m isen\u00e7\u00e3o de Fistel, Condecine e CFRP para dispositivos de IoT"},"content":{"rendered":"<p style=\"text-align: justify;\">O senador Vanderlan Cardoso (PSD-GO) publicou nesta quinta-feira, 24, seu relat\u00f3rio do\u00a0<a href=\"https:\/\/www25.senado.leg.br\/web\/atividade\/materias\/-\/materia\/140285\" target=\"_blank\" rel=\"noreferrer noopener nofollow external\" data-wpel-link=\"external\">PL 6.549\/2019<\/a>, mantendo a proposta de isentar de pagamento de Fistel, Condecine e CFRP os dispositivos de Internet da Coisas (IoT) e m\u00e1quina a m\u00e1quina (M2M). Com a publica\u00e7\u00e3o do relat\u00f3rio, resta aguardar a vota\u00e7\u00e3o da mat\u00e9ria na Comiss\u00e3o de Ci\u00eancia e Tecnologia (CCT) do Senado.<\/p>\n<p style=\"text-align: justify;\">O texto do projeto de lei, que j\u00e1 veio da C\u00e2mara dos Deputados, \u00e9 de autoria do deputado Vitor Lippi (PSDB-SP) e tamb\u00e9m prop\u00f5e a dispensa do licenciamento pr\u00e9vio destes dispositivos para o seu funcionamento, o que tamb\u00e9m foi mantido no relat\u00f3rio publicado por Cardoso nesta quinta-feira.<\/p>\n<p style=\"text-align: justify;\">&#8220;O cadastro com finalidade t\u00e9cnica para dispositivos de IoT, contudo, n\u00e3o se far\u00e1 necess\u00e1rio, pois essas esta\u00e7\u00f5es utilizam frequ\u00eancias e servi\u00e7os de telecomunica\u00e7\u00f5es existentes, para os quais o \u00f3rg\u00e3o regulador j\u00e1 expediu regulamenta\u00e7\u00e3o. No que se refere \u00e0 fiscaliza\u00e7\u00e3o tribut\u00e1ria, o pr\u00f3prio projeto prop\u00f5e desonerar integralmente os dispositivos de M2M, de forma que a forma\u00e7\u00e3o de cadastro proporcionada pelo licenciamento pr\u00e9vio das esta\u00e7\u00f5es perde o prop\u00f3sito. Em outra perspectiva, a dispensa de licenciamento descaracteriza o fato gerador da taxa de fiscaliza\u00e7\u00e3o para esses terminais, o que refor\u00e7a o argumento&#8221;, finaliza Vanderlan.<\/p>\n<p style=\"text-align: justify;\"><strong>Mudan\u00e7a de destina\u00e7\u00e3o<\/strong><\/p>\n<p style=\"text-align: justify;\">Vanderlan Cardoso resolveu manter a proposta original do projeto de lei originado na C\u00e2mara porque tamb\u00e9m observa que existe por parte do governo uma mudan\u00e7a de destina\u00e7\u00e3o para estes tributos arrecadados, levando cerca de 90% da arrecada\u00e7\u00e3o do Fistel \u00a0como fonte para pagamento do servi\u00e7o da d\u00edvida ou redirecionada para outras aplica\u00e7\u00f5es.<\/p>\n<p style=\"text-align: justify;\">&#8220;O fato \u00e9 que parte desse excesso de arrecada\u00e7\u00e3o do Fistel [originada pela atual base de celulares ativos no pa\u00eds] com taxas de fiscaliza\u00e7\u00e3o foi transformada em contribui\u00e7\u00f5es dos servi\u00e7os de telecomunica\u00e7\u00f5es a outras atividades. Registre-se que a maior parcela desses recursos tem sido objeto de contingenciamento or\u00e7ament\u00e1rio, com vistas a preservar o equil\u00edbrio fiscal&#8221;, diz o senador na justificativa do projeto.<\/p>\n<p style=\"text-align: justify;\"><strong>Soma<\/strong><\/p>\n<p style=\"text-align: justify;\">Pela regulamenta\u00e7\u00e3o setorial vigente, cada dispositivo conectado \u00e9 considerado como uma esta\u00e7\u00e3o de telecomunica\u00e7\u00f5es, e sua ativa\u00e7\u00e3o e seu funcionamento s\u00e3o fatos geradores das mencionadas taxas e contribui\u00e7\u00f5es. &#8220;Quando se ativa um dispositivo de IoT, por exemplo, a operadora ao qual ele est\u00e1 vinculado dever\u00e1 recolher aos cofres p\u00fablicos os seguintes valores: R$ 5,68 de Fistel; R$ 3,22 de Condecine e R$ 1,34 de CFRP&#8221;, argumenta o senador.<\/p>\n<p style=\"text-align: justify;\">Somado os valores das contribui\u00e7\u00f5es, chega-se ao total de R$ 10,24 anuais. Na avalia\u00e7\u00e3o do senador, a anuidade parece irrelevante, mas a partir do momento que ela \u00e9 aplicada a uma base de centenas de milh\u00f5es de esta\u00e7\u00f5es, no caso, os milhares de dispositivos de IoT,\u00a0<a href=\"https:\/\/teletime.com.br\/23\/09\/2020\/sem-fistel-brasil-venderia-tres-vezes-mais-modulos-m2m-diz-datora\/\" target=\"_blank\" rel=\"noreferrer noopener follow\" data-wpel-link=\"internal\">torna-se extremamente onerosa \u00e0 atividade econ\u00f4mica<\/a>\u00a0e, ao mesmo tempo, desnecessariamente elevada como fonte de receita para as atividades de fiscaliza\u00e7\u00e3o e de fomento \u00e0s quais deveria se destinar. A\u00a0<a href=\"https:\/\/teletime.com.br\/15\/09\/2020\/anatel-esta-finalizando-nova-derrubada-de-barreiras-a-internet-das-coisas\/\" target=\"_blank\" rel=\"noreferrer noopener follow\" data-wpel-link=\"internal\">Anatel est\u00e1 discutindo maneiras de retirar barreiras regulat\u00f3rias<\/a>\u00a0para estes dispositivos.<\/p>\n<p>&nbsp;<\/p>\n<p>Fonte: Teletime<\/p>\n","protected":false},"excerpt":{"rendered":"<p>O senador Vanderlan Cardoso (PSD-GO) publicou nesta quinta-feira, 24, seu&hellip;<\/p>\n<p> <a class=\"more-link\" href=\"https:\/\/sertsc.org.br\/site\/senador-mantem-isencao-de-fistel-condecine-e-cfrp-para-dispositivos-de-iot\/\">Leia mais<\/a><\/p>\n","protected":false},"author":1,"featured_media":13744,"comment_status":"open","ping_status":"open","sticky":false,"template":"","format":"standard","meta":{"footnotes":""},"categories":[3],"tags":[],"class_list":{"0":"post-13743","1":"post","2":"type-post","3":"status-publish","4":"format-standard","5":"has-post-thumbnail","7":"category-noticias"},"_links":{"self":[{"href":"https:\/\/sertsc.org.br\/site\/wp-json\/wp\/v2\/posts\/13743","targetHints":{"allow":["GET"]}}],"collection":[{"href":"https:\/\/sertsc.org.br\/site\/wp-json\/wp\/v2\/posts"}],"about":[{"href":"https:\/\/sertsc.org.br\/site\/wp-json\/wp\/v2\/types\/post"}],"author":[{"embeddable":true,"href":"https:\/\/sertsc.org.br\/site\/wp-json\/wp\/v2\/users\/1"}],"replies":[{"embeddable":true,"href":"https:\/\/sertsc.org.br\/site\/wp-json\/wp\/v2\/comments?post=13743"}],"version-history":[{"count":0,"href":"https:\/\/sertsc.org.br\/site\/wp-json\/wp\/v2\/posts\/13743\/revisions"}],"wp:featuredmedia":[{"embeddable":true,"href":"https:\/\/sertsc.org.br\/site\/wp-json\/"}],"wp:attachment":[{"href":"https:\/\/sertsc.org.br\/site\/wp-json\/wp\/v2\/media?parent=13743"}],"wp:term":[{"taxonomy":"category","embeddable":true,"href":"https:\/\/sertsc.org.br\/site\/wp-json\/wp\/v2\/categories?post=13743"},{"taxonomy":"post_tag","embeddable":true,"href":"https:\/\/sertsc.org.br\/site\/wp-json\/wp\/v2\/tags?post=13743"}],"curies":[{"name":"wp","href":"https:\/\/api.w.org\/{rel}","templated":true}]}}