{"id":13715,"date":"2020-09-24T08:11:29","date_gmt":"2020-09-24T11:11:29","guid":{"rendered":"https:\/\/www.sertsc.org.br\/site\/?p=13715"},"modified":"2020-09-24T08:11:29","modified_gmt":"2020-09-24T11:11:29","slug":"aprovada-no-senado-mp-que-cria-ministerio-das-comunicacoes","status":"publish","type":"post","link":"https:\/\/sertsc.org.br\/site\/aprovada-no-senado-mp-que-cria-ministerio-das-comunicacoes\/","title":{"rendered":"Aprovada no Senado MP que cria Minist\u00e9rio das Comunica\u00e7\u00f5es"},"content":{"rendered":"<p style=\"text-align: justify;\">O Senado Federal aprovou nesta quarta-feira, 23, a Medida Provis\u00f3ria 980\/2020, que cria a estrutura do novo Minist\u00e9rio das Comunica\u00e7\u00f5es. Pelo texto aprovado, o Minicom conta com at\u00e9 quatro secretarias e a secretaria-executiva. A vota\u00e7\u00e3o no Senado aconteceu dois dias\u00a0<a href=\"https:\/\/telaviva.com.br\/21\/09\/2020\/camara-aprova-mp-que-cria-minicom\/\" target=\"_blank\" rel=\"noreferrer noopener\">ap\u00f3s a aprova\u00e7\u00e3o da mat\u00e9ria pela C\u00e2mara dos Deputados<\/a>. O texto aprovado segue para san\u00e7\u00e3o presidencial.<\/p>\n<p style=\"text-align: justify;\">A Medida Provis\u00f3ria aprovada garante que, at\u00e9 31 de dezembro de 2021, as requisi\u00e7\u00f5es de servidores de qualquer \u00f3rg\u00e3o ou entidade da administra\u00e7\u00e3o p\u00fablica federal para compor o quadro do novo minist\u00e9rio s\u00e3o irrecus\u00e1veis, a exemplo do que acontece com as requisi\u00e7\u00f5es feitas pela Presid\u00eancia da Rep\u00fablica.<\/p>\n<p style=\"text-align: justify;\">O Minist\u00e9rio das Comunica\u00e7\u00f5es ter\u00e1 sob sua responsabilidade as seguintes \u00e1reas:<\/p>\n<ul style=\"text-align: justify;\">\n<li>pol\u00edtica nacional de telecomunica\u00e7\u00f5es;<\/li>\n<li>pol\u00edtica nacional de radiodifus\u00e3o;<\/li>\n<li>servi\u00e7os postais, telecomunica\u00e7\u00f5es e radiodifus\u00e3o;<\/li>\n<li>pol\u00edtica de comunica\u00e7\u00e3o e divulga\u00e7\u00e3o do governo federal;<\/li>\n<li>relacionamento do governo federal com a imprensa regional, nacional e internacional;<\/li>\n<li>convoca\u00e7\u00e3o de redes obrigat\u00f3rias de r\u00e1dio e televis\u00e3o;<\/li>\n<li>pesquisa de opini\u00e3o p\u00fablica; e<\/li>\n<li>sistema brasileiro de televis\u00e3o p\u00fablica.<\/li>\n<\/ul>\n<p style=\"text-align: justify;\">Pelo Twitter o ministro comemorou a aprova\u00e7\u00e3o no Senado.<\/p>\n<figure style=\"text-align: justify;\"><iframe class=\"\" src=\"https:\/\/platform.twitter.com\/embed\/index.html?dnt=true&amp;embedId=twitter-widget-0&amp;frame=false&amp;hideCard=false&amp;hideThread=false&amp;id=1308796294123728899&amp;lang=pt&amp;origin=https%3A%2F%2Fteletime.com.br%2F23%2F09%2F2020%2Faprovada-no-senado-mp-que-cria-ministerio-das-comunicacoes%2F&amp;theme=light&amp;widgetsVersion=219d021%3A1598982042171&amp;width=550px\" allowfullscreen=\"allowfullscreen\" data-mce-fragment=\"1\"><\/iframe><\/figure>\n<p style=\"text-align: justify;\">Na pr\u00e1tica,\u00a0<a href=\"https:\/\/telaviva.com.br\/21\/09\/2020\/camara-aprova-mp-que-cria-minicom\/\" target=\"_blank\" rel=\"noreferrer noopener\">tanto a C\u00e2mara<\/a>\u00a0quanto o Senado aprovaram a\u00a0<a href=\"https:\/\/teletime.com.br\/11\/09\/2020\/minicom-publica-regimento-interno-e-nomeacoes-dos-cargos-estrategicos\/\" target=\"_blank\" rel=\"noreferrer noopener\">estrutura<\/a>\u00a0na qual o Minicom j\u00e1 funciona atualmente, ap\u00f3s a\u00a0<a href=\"https:\/\/telaviva.com.br\/10\/06\/2020\/bolsonaro-recria-ministerio-das-comunicacoes-e-nomeia-o-deputado-fabio-faria\/\" target=\"_blank\" rel=\"noreferrer noopener\">recria\u00e7\u00e3o em junho<\/a>, quando foi anunciado o nome de F\u00e1bio Faria como ministro.<\/p>\n<p style=\"text-align: justify;\">\n<p style=\"text-align: justify;\">Fonte: Telaviva<\/p>\n","protected":false},"excerpt":{"rendered":"<p>O Senado Federal aprovou nesta quarta-feira, 23, a Medida Provis\u00f3ria&hellip;<\/p>\n<p> <a class=\"more-link\" href=\"https:\/\/sertsc.org.br\/site\/aprovada-no-senado-mp-que-cria-ministerio-das-comunicacoes\/\">Leia mais<\/a><\/p>\n","protected":false},"author":1,"featured_media":13717,"comment_status":"open","ping_status":"open","sticky":false,"template":"","format":"standard","meta":{"footnotes":""},"categories":[3],"tags":[],"class_list":{"0":"post-13715","1":"post","2":"type-post","3":"status-publish","4":"format-standard","5":"has-post-thumbnail","7":"category-noticias"},"_links":{"self":[{"href":"https:\/\/sertsc.org.br\/site\/wp-json\/wp\/v2\/posts\/13715","targetHints":{"allow":["GET"]}}],"collection":[{"href":"https:\/\/sertsc.org.br\/site\/wp-json\/wp\/v2\/posts"}],"about":[{"href":"https:\/\/sertsc.org.br\/site\/wp-json\/wp\/v2\/types\/post"}],"author":[{"embeddable":true,"href":"https:\/\/sertsc.org.br\/site\/wp-json\/wp\/v2\/users\/1"}],"replies":[{"embeddable":true,"href":"https:\/\/sertsc.org.br\/site\/wp-json\/wp\/v2\/comments?post=13715"}],"version-history":[{"count":0,"href":"https:\/\/sertsc.org.br\/site\/wp-json\/wp\/v2\/posts\/13715\/revisions"}],"wp:featuredmedia":[{"embeddable":true,"href":"https:\/\/sertsc.org.br\/site\/wp-json\/"}],"wp:attachment":[{"href":"https:\/\/sertsc.org.br\/site\/wp-json\/wp\/v2\/media?parent=13715"}],"wp:term":[{"taxonomy":"category","embeddable":true,"href":"https:\/\/sertsc.org.br\/site\/wp-json\/wp\/v2\/categories?post=13715"},{"taxonomy":"post_tag","embeddable":true,"href":"https:\/\/sertsc.org.br\/site\/wp-json\/wp\/v2\/tags?post=13715"}],"curies":[{"name":"wp","href":"https:\/\/api.w.org\/{rel}","templated":true}]}}