{"id":13702,"date":"2020-09-23T08:50:49","date_gmt":"2020-09-23T11:50:49","guid":{"rendered":"https:\/\/www.sertsc.org.br\/site\/?p=13702"},"modified":"2020-09-23T08:50:49","modified_gmt":"2020-09-23T11:50:49","slug":"publicidade-em-smart-speakers-avanco-do-digital-na-europa-e-chip-fm-em-celulares-estao-no-radar-do-radio","status":"publish","type":"post","link":"https:\/\/sertsc.org.br\/site\/publicidade-em-smart-speakers-avanco-do-digital-na-europa-e-chip-fm-em-celulares-estao-no-radar-do-radio\/","title":{"rendered":"Publicidade em smart-speakers, avan\u00e7o do digital na Europa e chip FM em celulares est\u00e3o no radar do r\u00e1dio"},"content":{"rendered":"<p style=\"text-align: justify;\">Tr\u00eas movimentos importantes relacionados \u00e0s tend\u00eancias que interessam diretamente a ind\u00fastria de r\u00e1dio tem tomado as pautas dos ve\u00edculos especializados, como o tudoradio.com. Nos Estados Unidos, uma pesquisa avaliou a percep\u00e7\u00e3o do p\u00fablico em rela\u00e7\u00e3o \u00e0 publicidade em \u00e1udio nas smart-speakers. J\u00e1 na Europa, h\u00e1 uma forte movimenta\u00e7\u00e3o da organiza\u00e7\u00e3o WorldDAB para a expans\u00e3o do r\u00e1dio digital. E no Brasil, o Minicom voltou a se posicionar de forma favor\u00e1vel \u00e0 presen\u00e7a de chip de FM em celulares.<\/p>\n<p style=\"text-align: justify;\">Com a audi\u00eancia ainda migrando para a transmiss\u00e3o digital, a organiza\u00e7\u00e3o WorldDAB tem provocado os pa\u00edses europeus \u00e0 cumprirem os prazos estabelecidos para a expans\u00e3o de receptores e transmiss\u00e3o. Para se ter uma ideia dessa movimenta\u00e7\u00e3o, o C\u00f3digo Europeu de Comunica\u00e7\u00f5es Eletr\u00f4nicas, em vigor desde o fim de 2018, prev\u00ea que todos os novos r\u00e1dios automotivos possuam recep\u00e7\u00e3o de r\u00e1dio digital.<\/p>\n<p style=\"text-align: justify;\">Segundo o portal Radio World, os pa\u00edses que s\u00e3o membros da Uni\u00e3o Europeia precisam transformar o c\u00f3digo europeu em legisla\u00e7\u00e3o nacional at\u00e9 21 de dezembro deste ano, o que deve ampliar significativamente a expans\u00e3o do sinal digital no continente.<\/p>\n<p style=\"text-align: justify;\">A organiza\u00e7\u00e3o detalhou essa movimenta\u00e7\u00e3o em alguns pa\u00edses. Na Alemanha, todos os receptores de r\u00e1dio em carros novos ser\u00e3o obrigados a incluir recursos de r\u00e1dio digital a partir de 21 de dezembro de 2020. J\u00e1 no Reino Unido, todos os receptores automotivos vir\u00e3o com r\u00e1dio digital como padr\u00e3o a partir de 2021.<\/p>\n<p style=\"text-align: justify;\">Na It\u00e1lia, todos os novos receptores de r\u00e1dio (port\u00e1teis e automotivos) vendidos a partir de janeiro de 2020 contam com o DAB + (digital). Na Fran\u00e7a, uma proposta exigindo que todos os novos r\u00e1dios automotivos incluam recursos de r\u00e1dio digital est\u00e1 em discuss\u00e3o no parlamento neste m\u00eas de setembro. Demais pa\u00edses do bloco, como Espanha, Holanda, B\u00e9lgica, entre outros, tamb\u00e9m j\u00e1 discutem a inclus\u00e3o da regra europeia como lei nacional.<\/p>\n<p style=\"text-align: justify;\">Recep\u00e7\u00e3o de sinal FM em celulares<\/p>\n<p style=\"text-align: justify;\">No Brasil, um dos movimentos mais aguardados pelo setor \u00e9 a obrigatoriedade da ativa\u00e7\u00e3o (ou implanta\u00e7\u00e3o) do chip de FM em celulares fabricados no pa\u00eds. Em encontro organizado pela ABERT nesta ter\u00e7a-feira (22), o ministro das comunica\u00e7\u00f5es F\u00e1bio Faria voltou a defender a medida.<\/p>\n<p style=\"text-align: justify;\">&#8220;J\u00e1 estamos trabalhando com a evolu\u00e7\u00e3o da TV e nosso pr\u00f3ximo foco \u00e9 a inclus\u00e3o do chip de r\u00e1dio nos celulares. Nada mais justo do que darmos para o cidad\u00e3o o acesso ao ve\u00edculo, sem que ele tenha que gastar seu pacote de dados&#8221;, afirma Faria, que completa dizendo que &#8220;com a coloca\u00e7\u00e3o dos chips nos celulares, 43 milh\u00f5es de pessoas ter\u00e3o acesso ao r\u00e1dio com conte\u00fado local, isso \u00e9 essencial, afinal sabemos que em muitas localidades do pa\u00eds n\u00e3o h\u00e1 outro canal de comunica\u00e7\u00e3o dispon\u00edvel al\u00e9m do r\u00e1dio&#8221;.<\/p>\n<figure id=\"attachment_13703\" aria-describedby=\"caption-attachment-13703\" style=\"width: 500px\" class=\"wp-caption aligncenter\"><img fetchpriority=\"high\" decoding=\"async\" class=\"size-full wp-image-13703\" src=\"https:\/\/www.sertsc.org.br\/site\/wp-content\/uploads\/2020\/09\/5f6ac29410a1b.jpg\" alt=\"\" width=\"500\" height=\"282\" \/><figcaption id=\"caption-attachment-13703\" class=\"wp-caption-text\">Michel Micheleto, presidente da Aerp; F\u00e1bio Faria, ministro das comunica\u00e7\u00f5es; Nill J\u00fanior, presidente da Asserpe; e Silvano Silva, presidente da Acaert \/ cr\u00e9dito: AERP<\/figcaption><\/figure>\n<p style=\"text-align: justify;\">\n<p style=\"text-align: justify;\">Segundo reportagem da AERP, que esteve no evento desta ter\u00e7a-feira, o ministro pediu a uni\u00e3o do setor para auxiliar na ado\u00e7\u00e3o da medida. &#8220;Temos uma grande chance de conseguir a aprova\u00e7\u00e3o do chip de r\u00e1dio nos celulares, mas precisamos da colabora\u00e7\u00e3o de voc\u00eas. J\u00e1 conversei com o presidente Jair Bolsonaro e ele est\u00e1 convencido e autorizou, agora precisamos convencer outros ministros e secret\u00e1rios. Voc\u00eas precisam estar unidos e ter o mesmo discurso para que eu possa trabalhar com o presidente da rep\u00fablica e ministros, mostrando os argumentos do setor e benef\u00edcios para a popula\u00e7\u00e3o&#8221;, afirma Faria.<\/p>\n<p style=\"text-align: justify;\"><strong>Smart-speakers e a publicidade em \u00e1udio<\/strong><\/p>\n<p style=\"text-align: justify;\">Uma pesquisa feita pela Adobe mostrou que h\u00e1 um avan\u00e7o na veicula\u00e7\u00e3o de publicidade em \u00e1udio durante a utiliza\u00e7\u00e3o das caixas de som com intelig\u00eancia artificial, as smart-speakers. Segundo o levantamento, 85% dos entrevistados que ouvem an\u00fancios em \u00e1udio disseram que os ouvem repetidamente. E a maioria dos entrevistados afirmaram que os an\u00fancios entregues por esses dispositivos s\u00e3o menos intrusivos do que outras plataformas de entrega, como TV e m\u00eddia social.<\/p>\n<p style=\"text-align: justify;\">A informa\u00e7\u00e3o colabora com a defesa da publicidade em \u00e1udio, algo que \u00e9 positivo para o r\u00e1dio, ve\u00edculo que pode fortalecer a defesa comercial de seu conte\u00fado publicit\u00e1rio perante o mercado, como tamb\u00e9m aproveitar a aceita\u00e7\u00e3o do p\u00fablico pela propaganda nas caixas de som inteligentes, j\u00e1 que as esta\u00e7\u00f5es tamb\u00e9m est\u00e3o presentes nesses dispositivos via streaming.<\/p>\n<figure id=\"attachment_13704\" aria-describedby=\"caption-attachment-13704\" style=\"width: 500px\" class=\"wp-caption aligncenter\"><img decoding=\"async\" class=\"size-full wp-image-13704\" src=\"https:\/\/www.sertsc.org.br\/site\/wp-content\/uploads\/2020\/09\/5f6ac29410c1f.jpg\" alt=\"\" width=\"500\" height=\"281\" \/><figcaption id=\"caption-attachment-13704\" class=\"wp-caption-text\">Smart-speaker da Amazon, a Alexa \/ Cr\u00e9dito: Olly Curtis &#8211; Future via Getty Images<\/figcaption><\/figure>\n<p style=\"text-align: justify;\">\n<p style=\"text-align: justify;\">O levantamento da Adobe tamb\u00e9m destacou que a maioria dos entrevistados disseram que consideram os an\u00fancios nas smart-speakers mais envolventes e mais relevantes para suas necessidades e interesses. E que 53% relataram que um an\u00fancio no dispositivo acabou levando-os a fazer uma compra, contra 39% em maio de 2019.<\/p>\n<p style=\"text-align: justify;\">A pesquisa tamb\u00e9m mostrou a evolu\u00e7\u00e3o dos dispositivos no mercado norte-americano: 39% dos entrevistados disseram ter um smart-speaker, contra 36% em fevereiro de 2019 e 28% em janeiro de 2018.<\/p>\n<p style=\"text-align: justify;\">\n<p style=\"text-align: justify;\">Fonte: Tudor\u00e1dio<\/p>\n","protected":false},"excerpt":{"rendered":"<p>Tr\u00eas movimentos importantes relacionados \u00e0s tend\u00eancias que interessam diretamente a&hellip;<\/p>\n<p> <a class=\"more-link\" href=\"https:\/\/sertsc.org.br\/site\/publicidade-em-smart-speakers-avanco-do-digital-na-europa-e-chip-fm-em-celulares-estao-no-radar-do-radio\/\">Leia mais<\/a><\/p>\n","protected":false},"author":1,"featured_media":13703,"comment_status":"open","ping_status":"open","sticky":false,"template":"","format":"standard","meta":{"footnotes":""},"categories":[3],"tags":[],"class_list":{"0":"post-13702","1":"post","2":"type-post","3":"status-publish","4":"format-standard","5":"has-post-thumbnail","7":"category-noticias"},"_links":{"self":[{"href":"https:\/\/sertsc.org.br\/site\/wp-json\/wp\/v2\/posts\/13702","targetHints":{"allow":["GET"]}}],"collection":[{"href":"https:\/\/sertsc.org.br\/site\/wp-json\/wp\/v2\/posts"}],"about":[{"href":"https:\/\/sertsc.org.br\/site\/wp-json\/wp\/v2\/types\/post"}],"author":[{"embeddable":true,"href":"https:\/\/sertsc.org.br\/site\/wp-json\/wp\/v2\/users\/1"}],"replies":[{"embeddable":true,"href":"https:\/\/sertsc.org.br\/site\/wp-json\/wp\/v2\/comments?post=13702"}],"version-history":[{"count":0,"href":"https:\/\/sertsc.org.br\/site\/wp-json\/wp\/v2\/posts\/13702\/revisions"}],"wp:featuredmedia":[{"embeddable":true,"href":"https:\/\/sertsc.org.br\/site\/wp-json\/"}],"wp:attachment":[{"href":"https:\/\/sertsc.org.br\/site\/wp-json\/wp\/v2\/media?parent=13702"}],"wp:term":[{"taxonomy":"category","embeddable":true,"href":"https:\/\/sertsc.org.br\/site\/wp-json\/wp\/v2\/categories?post=13702"},{"taxonomy":"post_tag","embeddable":true,"href":"https:\/\/sertsc.org.br\/site\/wp-json\/wp\/v2\/tags?post=13702"}],"curies":[{"name":"wp","href":"https:\/\/api.w.org\/{rel}","templated":true}]}}