{"id":13693,"date":"2020-09-22T08:29:03","date_gmt":"2020-09-22T11:29:03","guid":{"rendered":"https:\/\/www.sertsc.org.br\/site\/?p=13693"},"modified":"2020-09-22T08:29:03","modified_gmt":"2020-09-22T11:29:03","slug":"camara-aprova-mp-que-cria-minicom","status":"publish","type":"post","link":"https:\/\/sertsc.org.br\/site\/camara-aprova-mp-que-cria-minicom\/","title":{"rendered":"C\u00e2mara aprova MP que cria Minicom"},"content":{"rendered":"<p style=\"text-align: justify;\">A C\u00e2mara dos Deputados aprovou nesta segunda-feira, 21, a\u00a0<a href=\"http:\/\/que%20est%C3%A1%20em%20vig%C3%AAncia%20at%C3%A9%20o%20dia%206%20de%20outubro.\/\" target=\"_blank\" rel=\"noreferrer noopener nofollow external\" data-wpel-link=\"external\">Medida Provis\u00f3ria 980\/2020<\/a>, que\u00a0<strong>cria o Minist\u00e9rio das Comunica\u00e7\u00f5es\u00a0<\/strong>a partir do antigo Minist\u00e9rio da Ci\u00eancia, Tecnologia, Inova\u00e7\u00f5es e Comunica\u00e7\u00f5es (MCTIC). A MP, que tem vig\u00eancia at\u00e9 o pr\u00f3ximo dia 6 de outubro, agora ser\u00e1 encaminhada para aprecia\u00e7\u00e3o no Senado.<\/p>\n<p style=\"text-align: justify;\">Na pr\u00e1tica, a C\u00e2mara est\u00e1 aprovando a\u00a0<a href=\"https:\/\/teletime.com.br\/11\/09\/2020\/minicom-publica-regimento-interno-e-nomeacoes-dos-cargos-estrategicos\/\" target=\"_blank\" rel=\"noreferrer noopener follow\" data-wpel-link=\"internal\">estrutura<\/a>\u00a0na qual o Minicom j\u00e1 funciona atualmente, ap\u00f3s a\u00a0<a href=\"https:\/\/teletime.com.br\/10\/06\/2020\/bolsonaro-recria-ministerio-das-comunicacoes-e-nomeia-o-deputado-fabio-faria\/\" target=\"_blank\" rel=\"noreferrer noopener follow\" data-wpel-link=\"internal\">recria\u00e7\u00e3o em junho<\/a>, quando foi anunciado o nome de F\u00e1bio Faria como ministro. A pasta tem tr\u00eas secretarias subordinas: Secretaria Especial de Comunica\u00e7\u00e3o Social (Secom), que antes era da Presid\u00eancia; e as de Radiodifus\u00e3o e Telecomunica\u00e7\u00f5es.<\/p>\n<p style=\"text-align: justify;\">Pelo Twitter, o ministro comemorou a aprova\u00e7\u00e3o.<\/p>\n<figure class=\"wp-block-embed-twitter wp-block-embed is-type-rich is-provider-twitter\" style=\"text-align: justify;\">\n<div class=\"wp-block-embed__wrapper\">\n<div class=\"twitter-tweet twitter-tweet-rendered\"><iframe id=\"twitter-widget-0\" class=\"\" title=\"Twitter Tweet\" src=\"https:\/\/platform.twitter.com\/embed\/index.html?dnt=true&amp;embedId=twitter-widget-0&amp;frame=false&amp;hideCard=false&amp;hideThread=false&amp;id=1308159932227821568&amp;lang=pt&amp;origin=https%3A%2F%2Fteletime.com.br%2F21%2F09%2F2020%2Fcamara-aprova-mp-que-cria-minicom%2F&amp;theme=light&amp;widgetsVersion=219d021%3A1598982042171&amp;width=550px\" frameborder=\"0\" scrolling=\"no\" allowfullscreen=\"allowfullscreen\" data-tweet-id=\"1308159932227821568\" data-mce-fragment=\"1\"><\/iframe><\/div>\n<\/div>\n<\/figure>\n<p style=\"text-align: justify;\">Faria comanda a Secom, enquanto a Radiodifus\u00e3o est\u00e1 sob comando do\u00a0<a href=\"https:\/\/teletime.com.br\/29\/07\/2020\/maximiliano-martinhao-assume-a-secretaria-de-radiodifusao\/\" target=\"_blank\" rel=\"noreferrer noopener follow\" data-wpel-link=\"internal\">veterano do Minist\u00e9rio, Maximiliano Martinh\u00e3o<\/a>. Vitor Menezes\u00a0<a href=\"https:\/\/teletime.com.br\/29\/07\/2020\/ministro-confirma-artur-coimbra-na-setel-e-vitor-menezes-na-secretaria-executiva\/\" target=\"_blank\" rel=\"noreferrer noopener follow\" data-wpel-link=\"internal\">deve ser o secret\u00e1rio-executivo da pasta; e Artur Coimbra dever\u00e1 ser oficializado<\/a>\u00a0como secret\u00e1rio de telecomunica\u00e7\u00f5es, ap\u00f3s ocupar cargo de diretor de banda larga no MCTIC.<\/p>\n<p style=\"text-align: justify;\">O texto aprovado para a MP, do deputado Cac\u00e1 Le\u00e3o (PP-BA), em vez da transforma\u00e7\u00e3o do cargo de natureza especial do secret\u00e1rio de Comunica\u00e7\u00e3o Social no cargo de secretario-executivo do novo minist\u00e9rio, ele ser\u00e1 obtido com a extin\u00e7\u00e3o de 145 fun\u00e7\u00f5es gratificadas (FG) do Minist\u00e9rio da Economia. Com essa extin\u00e7\u00e3o de cargos, ser\u00e3o criados ainda um cargo DAS-6 e dois cargos DAS-4. A MP transfere cinco cargos do do Grupo-Dire\u00e7\u00e3o e Assessoramento Superiores (DAS) que eram da Secom.<\/p>\n<p style=\"text-align: justify;\"><strong>PPI<\/strong><\/p>\n<p style=\"text-align: justify;\">O texto do deputado Cac\u00e1 Le\u00e3o retomou dispositivo da MP 922\/2020 (que perdeu vig\u00eancia sem ser votada) para tornar irrecus\u00e1vel a requisi\u00e7\u00e3o de servidores para a Secretaria Especial do Programa de Parcerias de Investimentos do Minist\u00e9rio da Economia. Tamb\u00e9m ser\u00e1 irrecus\u00e1vel a requisi\u00e7\u00e3o de servidores para a pasta, mas com data limite at\u00e9 30 de junho de 2023, em vez de 31 de dezembro de 2021.<\/p>\n<p style=\"text-align: justify;\"><strong>Vota\u00e7\u00e3o<\/strong><\/p>\n<p style=\"text-align: justify;\">A vota\u00e7\u00e3o foi alvo de cr\u00edticas da oposi\u00e7\u00e3o, que colocou que a cria\u00e7\u00e3o do Minicom teria rela\u00e7\u00e3o com acordo pol\u00edtico para garantir base parlamentar ao presidente Jair Bolsonaro. Tamb\u00e9m foi argumentado que a nomea\u00e7\u00e3o de F\u00e1bio Faria &#8220;n\u00e3o seria pertinente&#8221; por conta de ele ser genro do empres\u00e1rio de radiodifus\u00e3o e dono do canal SBT, S\u00edlvio Santos. Outro ponto levantado foi a migra\u00e7\u00e3o da Secom.<\/p>\n<p style=\"text-align: justify;\">Assim, a MP esteve em vias de n\u00e3o ser votada nesta segunda-feira. Por\u00e9m, Le\u00e3o desistiu de incluir no texto autoriza\u00e7\u00e3o para o Minist\u00e9rio da Educa\u00e7\u00e3o mudar, por portaria, a distribui\u00e7\u00e3o e os quantitativos dos cargos em comiss\u00e3o e das fun\u00e7\u00f5es de confian\u00e7a das universidades federais. Foram retirados os destaques do PT e do PDT, que pretendiam manter a Secom na Presid\u00eancia; e emenda do deputado Enio Verri (PT-PR), que pretendia criar o Conselho Multissetorial de Acompanhamento de Pol\u00edticas P\u00fablicas em Comunica\u00e7\u00f5es, que seria vinculado ao Minicom e com representantes da sociedade civil e governo.<\/p>\n<p style=\"text-align: justify;\"><em>(Com informa\u00e7\u00f5es da Ag\u00eancia C\u00e2mara)<\/em><\/p>\n<p>&nbsp;<\/p>\n<p>Fonte: Teletime<\/p>\n","protected":false},"excerpt":{"rendered":"<p>A C\u00e2mara dos Deputados aprovou nesta segunda-feira, 21, a\u00a0Medida Provis\u00f3ria&hellip;<\/p>\n<p> <a class=\"more-link\" href=\"https:\/\/sertsc.org.br\/site\/camara-aprova-mp-que-cria-minicom\/\">Leia mais<\/a><\/p>\n","protected":false},"author":1,"featured_media":13697,"comment_status":"open","ping_status":"open","sticky":false,"template":"","format":"standard","meta":{"footnotes":""},"categories":[3],"tags":[],"class_list":{"0":"post-13693","1":"post","2":"type-post","3":"status-publish","4":"format-standard","5":"has-post-thumbnail","7":"category-noticias"},"_links":{"self":[{"href":"https:\/\/sertsc.org.br\/site\/wp-json\/wp\/v2\/posts\/13693","targetHints":{"allow":["GET"]}}],"collection":[{"href":"https:\/\/sertsc.org.br\/site\/wp-json\/wp\/v2\/posts"}],"about":[{"href":"https:\/\/sertsc.org.br\/site\/wp-json\/wp\/v2\/types\/post"}],"author":[{"embeddable":true,"href":"https:\/\/sertsc.org.br\/site\/wp-json\/wp\/v2\/users\/1"}],"replies":[{"embeddable":true,"href":"https:\/\/sertsc.org.br\/site\/wp-json\/wp\/v2\/comments?post=13693"}],"version-history":[{"count":0,"href":"https:\/\/sertsc.org.br\/site\/wp-json\/wp\/v2\/posts\/13693\/revisions"}],"wp:featuredmedia":[{"embeddable":true,"href":"https:\/\/sertsc.org.br\/site\/wp-json\/"}],"wp:attachment":[{"href":"https:\/\/sertsc.org.br\/site\/wp-json\/wp\/v2\/media?parent=13693"}],"wp:term":[{"taxonomy":"category","embeddable":true,"href":"https:\/\/sertsc.org.br\/site\/wp-json\/wp\/v2\/categories?post=13693"},{"taxonomy":"post_tag","embeddable":true,"href":"https:\/\/sertsc.org.br\/site\/wp-json\/wp\/v2\/tags?post=13693"}],"curies":[{"name":"wp","href":"https:\/\/api.w.org\/{rel}","templated":true}]}}