{"id":13567,"date":"2020-09-14T09:23:24","date_gmt":"2020-09-14T12:23:24","guid":{"rendered":"https:\/\/www.sertsc.org.br\/site\/?p=13567"},"modified":"2020-09-14T09:23:24","modified_gmt":"2020-09-14T12:23:24","slug":"minicom-publica-regimento-interno-e-nomeacoes-dos-cargos-estrategicos","status":"publish","type":"post","link":"https:\/\/sertsc.org.br\/site\/minicom-publica-regimento-interno-e-nomeacoes-dos-cargos-estrategicos\/","title":{"rendered":"Minicom publica regimento interno e nomea\u00e7\u00f5es dos cargos estrat\u00e9gicos"},"content":{"rendered":"<p style=\"text-align: justify;\">Nesta sexta-feira, 11, o Minist\u00e9rio das Comunica\u00e7\u00f5es publicou no Di\u00e1rio Oficial da Uni\u00e3o (DOU)\u00a0<a href=\"https:\/\/www.in.gov.br\/en\/web\/dou\/-\/portaria-n-697\/sei-mcom-de-10-de-setembro-de-2020-276907140\" target=\"_blank\" rel=\"noreferrer noopener nofollow external\" data-wpel-link=\"external\">o seu regimento interno<\/a>\u00a0e as nomea\u00e7\u00f5es para os principais cargos do \u00f3rg\u00e3o. O Minicom atualmente conta com quatro secretarias, conforme prev\u00ea a\u00a0<a href=\"https:\/\/www.congressonacional.leg.br\/materias\/medidas-provisorias\/-\/mpv\/142490\" target=\"_blank\" rel=\"noreferrer noopener nofollow external\" data-wpel-link=\"external\">Medida Provis\u00f3ria 980\/2020<\/a>, que est\u00e1 em vig\u00eancia at\u00e9 o dia 6 de outubro.<\/p>\n<p style=\"text-align: justify;\">Ex-diretor de banda larga do antigo MCTIC e ainda\u00a0<a href=\"https:\/\/teletime.com.br\/29\/07\/2020\/ministro-confirma-artur-coimbra-na-setel-e-vitor-menezes-na-secretaria-executiva\/\" target=\"_blank\" rel=\"noreferrer noopener follow\" data-wpel-link=\"internal\">aguardando a nomea\u00e7\u00e3o para a secretaria de Telecomunica\u00e7\u00f5es no Minicom<\/a>, Artur Coimbra ser\u00e1 o diretor do Departamento de Aprimoramento do Ambiente de Investimentos em Telecomunica\u00e7\u00f5es. Coimbra\u00a0<a href=\"https:\/\/teletime.com.br\/21\/02\/2020\/governo-nomeia-artur-coimbra-para-conselho-consultivo-da-anatel\/\" target=\"_blank\" rel=\"noreferrer noopener follow\" data-wpel-link=\"internal\">tamb\u00e9m integra o Conselho Consultivo da Anatel<\/a>, substituindo Flavio Lenz Cesar, com mandato previsto at\u00e9 fevereiro de 2022.<\/p>\n<p style=\"text-align: justify;\">Wilson Wellisch, ex-secret\u00e1rio de radiodifus\u00e3o, ser\u00e1 o diretor do Departamento de Projetos de Infraestrutura de Telecomunica\u00e7\u00f5es e Banda Larga, da Secretaria de Telecomunica\u00e7\u00f5es. A coordena\u00e7\u00e3o-geral de Projetos para a Promo\u00e7\u00e3o do Acesso \u00e0 Banda Larga, da Secretaria de Telecomunica\u00e7\u00f5es, ser\u00e1 ocupada por Jos\u00e9 Afonso Cosmo J\u00fanior, que j\u00e1 atuou como gerente regional da Anatel para o Centro-Oeste.<\/p>\n<p style=\"text-align: justify;\">Miriam Wimmer ocupar\u00e1 a diretoria do Departamento de Pol\u00edticas para Telecomunica\u00e7\u00f5es e Acompanhamento regulat\u00f3rio, mesmo cargo que j\u00e1 ocupava no antigo MCTIC. Junto com Artur Coimbra, Wimmer representa o Minist\u00e9rio no\u00a0<a href=\"https:\/\/teletime.com.br\/10\/05\/2019\/anatel-divulga-composicao-do-comite-de-prestadoras-de-pequeno-porte\/\" target=\"_blank\" rel=\"noreferrer noopener follow\" data-wpel-link=\"internal\">Comit\u00ea de Prestadoras de Pequeno Porte da Anatel<\/a>.<\/p>\n<p style=\"text-align: justify;\">J\u00e1 Felipe Cruz Pedrim, da ala olavista do governo e que foi assessor especial do gabinete do ministro da Casa Civil at\u00e9\u00a0<a href=\"https:\/\/www.correiobraziliense.com.br\/app\/noticia\/politica\/2020\/04\/15\/interna_politica,844788\/braga-netto-exonera-felipe-pedri-olavista-escreveu-manifesto-alianca.shtml\" target=\"_blank\" rel=\"noreferrer noopener nofollow external\" data-wpel-link=\"external\">ser exonerado em abril<\/a>, foi nomeado para o cargo de Secret\u00e1rio de Comunica\u00e7\u00e3o Institucional do Minist\u00e9rio. Glen Lopes Valente vai ocupar o cargo de Secret\u00e1rio de Publicidade e Promo\u00e7\u00e3o, cargo que ocupava na Secom antes da incorpora\u00e7\u00e3o ao Minicom. A chefia de gabinete de F\u00e1bio Faria ser\u00e1 comanda por Maria Stella Dantas Antonichelli, ex-assessora parlamentar de\u00a0<a href=\"https:\/\/www.camara.leg.br\/deputados\/141428\/pessoal-gabinete?ano=2019\" target=\"_blank\" rel=\"noreferrer noopener nofollow external\" data-wpel-link=\"external\">quando Faria atuava como deputado<\/a>.<\/p>\n<p style=\"text-align: justify;\">Maximiliano Martinh\u00e3o foi\u00a0<a href=\"https:\/\/teletime.com.br\/29\/07\/2020\/maximiliano-martinhao-assume-a-secretaria-de-radiodifusao\/\" target=\"_blank\" rel=\"noreferrer noopener follow\" data-wpel-link=\"internal\">nomeado no final de julho<\/a>\u00a0para ocupar a secret\u00e1ria de radiodifus\u00e3o do Minist\u00e9rio das Comunica\u00e7\u00f5es, no lugar de Wilson Wellish.\u00a0<em>(Colaborou Bruno do Amaral)<\/em><\/p>\n<p>&nbsp;<\/p>\n<p>Fonte: Teletime<\/p>\n","protected":false},"excerpt":{"rendered":"<p>Nesta sexta-feira, 11, o Minist\u00e9rio das Comunica\u00e7\u00f5es publicou no Di\u00e1rio&hellip;<\/p>\n<p> <a class=\"more-link\" href=\"https:\/\/sertsc.org.br\/site\/minicom-publica-regimento-interno-e-nomeacoes-dos-cargos-estrategicos\/\">Leia mais<\/a><\/p>\n","protected":false},"author":1,"featured_media":13569,"comment_status":"open","ping_status":"open","sticky":false,"template":"","format":"standard","meta":{"footnotes":""},"categories":[3],"tags":[],"class_list":{"0":"post-13567","1":"post","2":"type-post","3":"status-publish","4":"format-standard","5":"has-post-thumbnail","7":"category-noticias"},"_links":{"self":[{"href":"https:\/\/sertsc.org.br\/site\/wp-json\/wp\/v2\/posts\/13567","targetHints":{"allow":["GET"]}}],"collection":[{"href":"https:\/\/sertsc.org.br\/site\/wp-json\/wp\/v2\/posts"}],"about":[{"href":"https:\/\/sertsc.org.br\/site\/wp-json\/wp\/v2\/types\/post"}],"author":[{"embeddable":true,"href":"https:\/\/sertsc.org.br\/site\/wp-json\/wp\/v2\/users\/1"}],"replies":[{"embeddable":true,"href":"https:\/\/sertsc.org.br\/site\/wp-json\/wp\/v2\/comments?post=13567"}],"version-history":[{"count":0,"href":"https:\/\/sertsc.org.br\/site\/wp-json\/wp\/v2\/posts\/13567\/revisions"}],"wp:featuredmedia":[{"embeddable":true,"href":"https:\/\/sertsc.org.br\/site\/wp-json\/"}],"wp:attachment":[{"href":"https:\/\/sertsc.org.br\/site\/wp-json\/wp\/v2\/media?parent=13567"}],"wp:term":[{"taxonomy":"category","embeddable":true,"href":"https:\/\/sertsc.org.br\/site\/wp-json\/wp\/v2\/categories?post=13567"},{"taxonomy":"post_tag","embeddable":true,"href":"https:\/\/sertsc.org.br\/site\/wp-json\/wp\/v2\/tags?post=13567"}],"curies":[{"name":"wp","href":"https:\/\/api.w.org\/{rel}","templated":true}]}}