{"id":13131,"date":"2020-08-03T11:25:45","date_gmt":"2020-08-03T14:25:45","guid":{"rendered":"http:\/\/www.sertsc.org.br\/site\/?p=13131"},"modified":"2020-08-03T11:25:45","modified_gmt":"2020-08-03T14:25:45","slug":"acaert-produz-cartilha-das-eleicoes-com-orientacoes-as-emissoras-associadas","status":"publish","type":"post","link":"https:\/\/sertsc.org.br\/site\/acaert-produz-cartilha-das-eleicoes-com-orientacoes-as-emissoras-associadas\/","title":{"rendered":"ACAERT produz Cartilha das Elei\u00e7\u00f5es com orienta\u00e7\u00f5es \u00e0s emissoras associadas"},"content":{"rendered":"<p style=\"text-align: justify;\">Restri\u00e7\u00f5es na programa\u00e7\u00e3o, configura\u00e7\u00e3o de propaganda eleitoral antecipada, cadastro da emissora na Justi\u00e7a Eleitoral, mapas de m\u00eddia, debates no R\u00e1dio e na Televis\u00e3o. S\u00e3o alguns dos destaques da Cartilha Elei\u00e7\u00f5es 2020, produzido pelo advogado Emerson Machado, da Machado, Corr\u00eaa e Silva, Assessoria Jur\u00eddica da ACAERT. A diagrama\u00e7\u00e3o e finaliza\u00e7\u00e3o \u00e9 da GDI Multicomunica\u00e7\u00e3o.<\/p>\n<p style=\"text-align: justify;\">A cartilha traz o novo calend\u00e1rio eleitoral com as elei\u00e7\u00f5es marcadas para o dia 15 de novembro (1\u00ba turno) e 29 de novembro (2\u00ba turno). O material destaca\u00a0assuntos relacionados diretamente com o r\u00e1dio e a tv. A partir do 11 de agosto, por exemplo, \u00e9 vedado transmitir programa apresentado ou comentado por pr\u00e9-candidato. A partir do dia 15 de agosto, \u00e9 vedado autorizar publicidade institucional (dos cargos em disputa) de atos, programas, obras e servi\u00e7os dos \u00f3rg\u00e3os p\u00fablicos federais ou estaduais, com exce\u00e7\u00e3o dos produtos ou servi\u00e7os que tenham concorr\u00eancia no mercado ou casos de necessidade p\u00fablica.<\/p>\n<p style=\"text-align: justify;\">&#8220;ACAERT mant\u00e9m o compromisso de orientar os seus associados durante as elei\u00e7\u00f5es, quando a radiodifus\u00e3o exerce um papel fundamental para a democracia&#8221;, explicou o presidente da entidade, Silvano Silva.<\/p>\n<p style=\"text-align: justify;\"><strong>Baixa\u00a0<a href=\"http:\/\/www.acaert.com.br\/app\/webroot\/files\/ckeditor\/files\/Eleic%CC%A7o%CC%83es%202020_Cartilha_ACAERT_web.pdf\">AQUI<\/a>\u00a0a cartilha<\/strong><\/p>\n<p class=\"font-11\" style=\"text-align: justify;\">Fonte: ACAERT<\/p>\n","protected":false},"excerpt":{"rendered":"<p>Restri\u00e7\u00f5es na programa\u00e7\u00e3o, configura\u00e7\u00e3o de propaganda eleitoral antecipada, cadastro da&hellip;<\/p>\n<p> <a class=\"more-link\" href=\"https:\/\/sertsc.org.br\/site\/acaert-produz-cartilha-das-eleicoes-com-orientacoes-as-emissoras-associadas\/\">Leia mais<\/a><\/p>\n","protected":false},"author":1,"featured_media":13132,"comment_status":"closed","ping_status":"open","sticky":false,"template":"","format":"standard","meta":{"footnotes":""},"categories":[3],"tags":[],"class_list":{"0":"post-13131","1":"post","2":"type-post","3":"status-publish","4":"format-standard","5":"has-post-thumbnail","7":"category-noticias"},"_links":{"self":[{"href":"https:\/\/sertsc.org.br\/site\/wp-json\/wp\/v2\/posts\/13131","targetHints":{"allow":["GET"]}}],"collection":[{"href":"https:\/\/sertsc.org.br\/site\/wp-json\/wp\/v2\/posts"}],"about":[{"href":"https:\/\/sertsc.org.br\/site\/wp-json\/wp\/v2\/types\/post"}],"author":[{"embeddable":true,"href":"https:\/\/sertsc.org.br\/site\/wp-json\/wp\/v2\/users\/1"}],"replies":[{"embeddable":true,"href":"https:\/\/sertsc.org.br\/site\/wp-json\/wp\/v2\/comments?post=13131"}],"version-history":[{"count":0,"href":"https:\/\/sertsc.org.br\/site\/wp-json\/wp\/v2\/posts\/13131\/revisions"}],"wp:featuredmedia":[{"embeddable":true,"href":"https:\/\/sertsc.org.br\/site\/wp-json\/"}],"wp:attachment":[{"href":"https:\/\/sertsc.org.br\/site\/wp-json\/wp\/v2\/media?parent=13131"}],"wp:term":[{"taxonomy":"category","embeddable":true,"href":"https:\/\/sertsc.org.br\/site\/wp-json\/wp\/v2\/categories?post=13131"},{"taxonomy":"post_tag","embeddable":true,"href":"https:\/\/sertsc.org.br\/site\/wp-json\/wp\/v2\/tags?post=13131"}],"curies":[{"name":"wp","href":"https:\/\/api.w.org\/{rel}","templated":true}]}}