{"id":13128,"date":"2020-08-03T11:18:42","date_gmt":"2020-08-03T14:18:42","guid":{"rendered":"http:\/\/www.sertsc.org.br\/site\/?p=13128"},"modified":"2020-08-03T11:18:42","modified_gmt":"2020-08-03T14:18:42","slug":"anatel-adia-vigencia-de-regulamento-de-fm-e-tv","status":"publish","type":"post","link":"https:\/\/sertsc.org.br\/site\/anatel-adia-vigencia-de-regulamento-de-fm-e-tv\/","title":{"rendered":"Anatel adia vig\u00eancia de regulamento de FM e TV"},"content":{"rendered":"<p style=\"text-align: justify;\">A Ag\u00eancia Nacional de Telecomunica\u00e7\u00f5es (Anatel) prorrogou, de 10 de agosto para 3 de novembro, a vig\u00eancia do Regulamento sobre Canaliza\u00e7\u00e3o e Uso de Radiofrequ\u00eancias para os Servi\u00e7os de Radiodifus\u00e3o e seus Ancilares.<\/p>\n<p style=\"text-align: justify;\">As mudan\u00e7as t\u00eam o objetivo de adequar o Sistema Mosaico da Anatel, que deve sofrer altera\u00e7\u00f5es em fun\u00e7\u00e3o dos novos regulamentos t\u00e9cnicos de FM e de TV.<\/p>\n<p style=\"text-align: justify;\">Na pr\u00e1tica, a prorroga\u00e7\u00e3o posterga os estudos da migra\u00e7\u00e3o AM\/FM e o aumento de pot\u00eancia e primariza\u00e7\u00e3o de alguns canais de TV.<\/p>\n<p style=\"text-align: justify;\">Em 2019, a ABERT encomendou ao Centro de Pesquisas e Desenvolvimento (CPqD) estudos sobre interfer\u00eancia de r\u00e1dios, que implicaram em altera\u00e7\u00f5es do regulamento t\u00e9cnico de FM.<\/p>\n<p style=\"text-align: justify;\">O diretor geral da ABERT, Cristiano Lobato Flores, ressalta que &#8220;o novo regulamento trar\u00e1 grandes avan\u00e7os para a an\u00e1lise t\u00e9cnica dos processos, pois al\u00e9m de dar celeridade aos procedimentos administrativos, est\u00e1 sendo atualizado de acordo com a evolu\u00e7\u00e3o tecnol\u00f3gica dos servi\u00e7os de radiodifus\u00e3o&#8221;. Flores complementa que &#8220;a efetividade do novo regulamento depende, realmente, de o Sistema Mosaico estar adaptado \u00e0s novas regras&#8221;.<\/p>\n<p style=\"text-align: justify;\">Fonte: ABERT<\/p>\n","protected":false},"excerpt":{"rendered":"<p>A Ag\u00eancia Nacional de Telecomunica\u00e7\u00f5es (Anatel) prorrogou, de 10 de&hellip;<\/p>\n<p> <a class=\"more-link\" href=\"https:\/\/sertsc.org.br\/site\/anatel-adia-vigencia-de-regulamento-de-fm-e-tv\/\">Leia mais<\/a><\/p>\n","protected":false},"author":1,"featured_media":13129,"comment_status":"closed","ping_status":"open","sticky":false,"template":"","format":"standard","meta":{"footnotes":""},"categories":[3],"tags":[],"class_list":{"0":"post-13128","1":"post","2":"type-post","3":"status-publish","4":"format-standard","5":"has-post-thumbnail","7":"category-noticias"},"_links":{"self":[{"href":"https:\/\/sertsc.org.br\/site\/wp-json\/wp\/v2\/posts\/13128","targetHints":{"allow":["GET"]}}],"collection":[{"href":"https:\/\/sertsc.org.br\/site\/wp-json\/wp\/v2\/posts"}],"about":[{"href":"https:\/\/sertsc.org.br\/site\/wp-json\/wp\/v2\/types\/post"}],"author":[{"embeddable":true,"href":"https:\/\/sertsc.org.br\/site\/wp-json\/wp\/v2\/users\/1"}],"replies":[{"embeddable":true,"href":"https:\/\/sertsc.org.br\/site\/wp-json\/wp\/v2\/comments?post=13128"}],"version-history":[{"count":0,"href":"https:\/\/sertsc.org.br\/site\/wp-json\/wp\/v2\/posts\/13128\/revisions"}],"wp:featuredmedia":[{"embeddable":true,"href":"https:\/\/sertsc.org.br\/site\/wp-json\/"}],"wp:attachment":[{"href":"https:\/\/sertsc.org.br\/site\/wp-json\/wp\/v2\/media?parent=13128"}],"wp:term":[{"taxonomy":"category","embeddable":true,"href":"https:\/\/sertsc.org.br\/site\/wp-json\/wp\/v2\/categories?post=13128"},{"taxonomy":"post_tag","embeddable":true,"href":"https:\/\/sertsc.org.br\/site\/wp-json\/wp\/v2\/tags?post=13128"}],"curies":[{"name":"wp","href":"https:\/\/api.w.org\/{rel}","templated":true}]}}