{"id":13122,"date":"2020-07-31T15:00:09","date_gmt":"2020-07-31T18:00:09","guid":{"rendered":"http:\/\/www.sertsc.org.br\/site\/?p=13122"},"modified":"2020-07-31T15:00:09","modified_gmt":"2020-07-31T18:00:09","slug":"radio-empresas-seguirao-investindo-no-meio","status":"publish","type":"post","link":"https:\/\/sertsc.org.br\/site\/radio-empresas-seguirao-investindo-no-meio\/","title":{"rendered":"R\u00e1dio: empresas seguir\u00e3o investindo no meio"},"content":{"rendered":"<p style=\"text-align: justify;\">Uma pesquisa da Associa\u00e7\u00e3o Brasileira de Anunciantes (ABA) apontou que o r\u00e1dio est\u00e1 entre as prioridades das empresas na divulga\u00e7\u00e3o de estrat\u00e9gias de comunica\u00e7\u00e3o e m\u00eddia.<\/p>\n<p style=\"text-align: justify;\">Realizado em parceria com as Associa\u00e7\u00f5es Nacionais de Anunciantes da Am\u00e9rica Latina filiadas \u00e0 World Federation of Advertisers (WFA), o estudo mostra que 32% devem manter os investimentos planejados para o ve\u00edculo, durante o segundo semestre. Outros 4% pretendem aumentar o investimento em at\u00e9 20% do planejado inicialmente.<\/p>\n<p style=\"text-align: justify;\">De acordo com os dados, 59% acreditam que a crise acelerou a transforma\u00e7\u00e3o digital das marcas e 41% encaram o momento atual como oportunidade para rever suas cren\u00e7as relacionadas a marketing empresarial. Metade dos pesquisados concordou que, mesmo em per\u00edodo de crise, \u00e9 preciso manter a visibilidade das marcas.<\/p>\n<p>&nbsp;<\/p>\n<p>Fonte: ABERT<\/p>\n","protected":false},"excerpt":{"rendered":"<p>Uma pesquisa da Associa\u00e7\u00e3o Brasileira de Anunciantes (ABA) apontou que&hellip;<\/p>\n<p> <a class=\"more-link\" href=\"https:\/\/sertsc.org.br\/site\/radio-empresas-seguirao-investindo-no-meio\/\">Leia mais<\/a><\/p>\n","protected":false},"author":1,"featured_media":13123,"comment_status":"closed","ping_status":"open","sticky":false,"template":"","format":"standard","meta":{"footnotes":""},"categories":[3],"tags":[],"class_list":{"0":"post-13122","1":"post","2":"type-post","3":"status-publish","4":"format-standard","5":"has-post-thumbnail","7":"category-noticias"},"_links":{"self":[{"href":"https:\/\/sertsc.org.br\/site\/wp-json\/wp\/v2\/posts\/13122","targetHints":{"allow":["GET"]}}],"collection":[{"href":"https:\/\/sertsc.org.br\/site\/wp-json\/wp\/v2\/posts"}],"about":[{"href":"https:\/\/sertsc.org.br\/site\/wp-json\/wp\/v2\/types\/post"}],"author":[{"embeddable":true,"href":"https:\/\/sertsc.org.br\/site\/wp-json\/wp\/v2\/users\/1"}],"replies":[{"embeddable":true,"href":"https:\/\/sertsc.org.br\/site\/wp-json\/wp\/v2\/comments?post=13122"}],"version-history":[{"count":0,"href":"https:\/\/sertsc.org.br\/site\/wp-json\/wp\/v2\/posts\/13122\/revisions"}],"wp:featuredmedia":[{"embeddable":true,"href":"https:\/\/sertsc.org.br\/site\/wp-json\/"}],"wp:attachment":[{"href":"https:\/\/sertsc.org.br\/site\/wp-json\/wp\/v2\/media?parent=13122"}],"wp:term":[{"taxonomy":"category","embeddable":true,"href":"https:\/\/sertsc.org.br\/site\/wp-json\/wp\/v2\/categories?post=13122"},{"taxonomy":"post_tag","embeddable":true,"href":"https:\/\/sertsc.org.br\/site\/wp-json\/wp\/v2\/tags?post=13122"}],"curies":[{"name":"wp","href":"https:\/\/api.w.org\/{rel}","templated":true}]}}