{"id":13118,"date":"2020-07-31T08:56:18","date_gmt":"2020-07-31T11:56:18","guid":{"rendered":"http:\/\/www.sertsc.org.br\/site\/?p=13118"},"modified":"2020-07-31T08:56:18","modified_gmt":"2020-07-31T11:56:18","slug":"anatel-adia-vigencia-de-regulamentos-de-licenciamento-e-de-uso-de-espectro-para-radiodifusao","status":"publish","type":"post","link":"https:\/\/sertsc.org.br\/site\/anatel-adia-vigencia-de-regulamentos-de-licenciamento-e-de-uso-de-espectro-para-radiodifusao\/","title":{"rendered":"Anatel adia vig\u00eancia de regulamentos de licenciamento e de uso de espectro para radiodifus\u00e3o"},"content":{"rendered":"<p style=\"text-align: justify;\">A Anatel prorrogou para o dia 3 de novembro, os prazos de vig\u00eancia dois regulamentos, um voltado para o setor de telecomunica\u00e7\u00f5es e outro para a radiodifus\u00e3o. As mudan\u00e7as foram feitas com o objetivo de adequar os sistemas informatizados da ag\u00eancia.<\/p>\n<p style=\"text-align: justify;\">O adiamento do in\u00edcio da vig\u00eancia do\u00a0<a href=\"https:\/\/www.anatel.gov.br\/legislacao\/resolucoes\/2020\/1381-resolucao-719\" rel=\"nofollow external noopener noreferrer\" data-wpel-link=\"external\">Regulamento Geral de Licenciamento (RGL)<\/a>\u00a0coloca para a nova data o cadastramento das esta\u00e7\u00f5es destinadas \u00e0 explora\u00e7\u00e3o de servi\u00e7os de telecomunica\u00e7\u00f5es, pass\u00edveis ou n\u00e3o de licenciamento, no Banco de Dados T\u00e9cnicos e Administrativos da ag\u00eancia (BDTA). A altera\u00e7\u00e3o foi feita pela\u00a0<a href=\"http:\/\/www.in.gov.br\/en\/web\/dou\/-\/resolucao-n-730-de-28-de-julho-de-2020-269158130\" rel=\"nofollow external noopener noreferrer\" data-wpel-link=\"external\">Resolu\u00e7\u00e3o 730\/2020<\/a>, e ap\u00f3s a\u00a0<a href=\"https:\/\/sistemas.anatel.gov.br\/SACP\/Contribuicoes\/ListaConsultasContribuicoes.asp?Tipo=1&amp;Opcao=finalizadas&amp;SISQSmodulo=1445\" rel=\"nofollow external noopener noreferrer\" data-wpel-link=\"external\">Consulta P\u00fablica 58\/2020<\/a>.<\/p>\n<p style=\"text-align: justify;\">J\u00e1 o adiamento do\u00a0<a href=\"https:\/\/www.anatel.gov.br\/legislacao\/resolucoes\/2020\/1383-resolucao-721#:~:text=Destina%20faixas%20de%20radiofrequ%C3%AAncia%20e,de%20Radiodifus%C3%A3o%20e%20seus%20Ancilares.\" rel=\"nofollow external noopener noreferrer\" data-wpel-link=\"external\">Regulamento sobre Canaliza\u00e7\u00e3o e Uso de Radiofrequ\u00eancias<\/a>\u00a0para os Servi\u00e7os de Radiodifus\u00e3o e seus Ancilares, foi adiado ap\u00f3s a realiza\u00e7\u00e3o de uma consulta p\u00fablica, a\u00a0<a href=\"https:\/\/sistemas.anatel.gov.br\/SACP\/Contribuicoes\/ListaConsultasContribuicoes.asp?Tipo=1&amp;Opcao=finalizadas&amp;SISQSmodulo=1445\" rel=\"nofollow external noopener noreferrer\" data-wpel-link=\"external\">CP 59\/2020<\/a>\u00a0e foi formalizado por meio da\u00a0<a href=\"http:\/\/www.in.gov.br\/web\/dou\/-\/resolucao-n-731-de-29-de-julho-de-2020-269399585\" rel=\"nofollow external noopener noreferrer\" data-wpel-link=\"external\">Resolu\u00e7\u00e3o 731\/2020<\/a>.<\/p>\n<p style=\"text-align: justify;\">Fonte: Teletime<\/p>\n","protected":false},"excerpt":{"rendered":"<p>A Anatel prorrogou para o dia 3 de novembro, os&hellip;<\/p>\n<p> <a class=\"more-link\" href=\"https:\/\/sertsc.org.br\/site\/anatel-adia-vigencia-de-regulamentos-de-licenciamento-e-de-uso-de-espectro-para-radiodifusao\/\">Leia mais<\/a><\/p>\n","protected":false},"author":1,"featured_media":13119,"comment_status":"closed","ping_status":"open","sticky":false,"template":"","format":"standard","meta":{"footnotes":""},"categories":[33],"tags":[],"class_list":{"0":"post-13118","1":"post","2":"type-post","3":"status-publish","4":"format-standard","5":"has-post-thumbnail","7":"category-destaques"},"_links":{"self":[{"href":"https:\/\/sertsc.org.br\/site\/wp-json\/wp\/v2\/posts\/13118","targetHints":{"allow":["GET"]}}],"collection":[{"href":"https:\/\/sertsc.org.br\/site\/wp-json\/wp\/v2\/posts"}],"about":[{"href":"https:\/\/sertsc.org.br\/site\/wp-json\/wp\/v2\/types\/post"}],"author":[{"embeddable":true,"href":"https:\/\/sertsc.org.br\/site\/wp-json\/wp\/v2\/users\/1"}],"replies":[{"embeddable":true,"href":"https:\/\/sertsc.org.br\/site\/wp-json\/wp\/v2\/comments?post=13118"}],"version-history":[{"count":0,"href":"https:\/\/sertsc.org.br\/site\/wp-json\/wp\/v2\/posts\/13118\/revisions"}],"wp:featuredmedia":[{"embeddable":true,"href":"https:\/\/sertsc.org.br\/site\/wp-json\/"}],"wp:attachment":[{"href":"https:\/\/sertsc.org.br\/site\/wp-json\/wp\/v2\/media?parent=13118"}],"wp:term":[{"taxonomy":"category","embeddable":true,"href":"https:\/\/sertsc.org.br\/site\/wp-json\/wp\/v2\/categories?post=13118"},{"taxonomy":"post_tag","embeddable":true,"href":"https:\/\/sertsc.org.br\/site\/wp-json\/wp\/v2\/tags?post=13118"}],"curies":[{"name":"wp","href":"https:\/\/api.w.org\/{rel}","templated":true}]}}