{"id":13114,"date":"2020-07-30T09:35:30","date_gmt":"2020-07-30T12:35:30","guid":{"rendered":"http:\/\/www.sertsc.org.br\/site\/?p=13114"},"modified":"2020-07-30T09:35:30","modified_gmt":"2020-07-30T12:35:30","slug":"parlamentar-quer-urgencia-na-votacao-de-pl-que-propoe-migracao-do-servico-de-tva-para-tv-aberta","status":"publish","type":"post","link":"https:\/\/sertsc.org.br\/site\/parlamentar-quer-urgencia-na-votacao-de-pl-que-propoe-migracao-do-servico-de-tva-para-tv-aberta\/","title":{"rendered":"Parlamentar quer urg\u00eancia na vota\u00e7\u00e3o de PL que prop\u00f5e migra\u00e7\u00e3o do servi\u00e7o de TVA para TV aberta"},"content":{"rendered":"<p style=\"text-align: justify;\"><a href=\"https:\/\/www.camara.leg.br\/evento-legislativo\/59799\" target=\"_blank\" rel=\"noreferrer noopener\">Est\u00e1 na pauta de vota\u00e7\u00e3o do plen\u00e1rio virtual<\/a>\u00a0da C\u00e2mara dos Deputados desta quarta-feira, 25, o\u00a0<a href=\"https:\/\/www.camara.leg.br\/proposicoesWeb\/fichadetramitacao?idProposicao=2255237\" target=\"_blank\" rel=\"noreferrer noopener\">Requerimento de Urg\u00eancia (REQ) 1575\/2020<\/a>, do deputado Cezinha Madureira (PSD-SP), que pede a vota\u00e7\u00e3o em car\u00e1ter de urg\u00eancia do\u00a0<a href=\"https:\/\/www.camara.leg.br\/proposicoesWeb\/fichadetramitacao?idProposicao=2255199\" target=\"_blank\" rel=\"noreferrer noopener\">PL 3.320\/2020<\/a>, tamb\u00e9m de autoria do parlamentar, que transforma o Servi\u00e7o Especial de Televis\u00e3o por Assinatura \u2013 TVA, que opera em um \u00fanico canal UHF, em servi\u00e7o de televis\u00e3o aberta. As TVAs foram licen\u00e7as criadas no final dos anos 80 destinadas \u00e0s primeiras opera\u00e7\u00f5es de TV por assinatura, e apenas 29 outorgas foram expedidas.<\/p>\n<p style=\"text-align: justify;\"><a href=\"https:\/\/teletime.com.br\/29\/11\/2019\/comissao-aprova-adaptacao-do-servico-de-tva-para-radiodifusao-de-televisao-aberta\/\" target=\"_blank\" rel=\"noreferrer noopener\">Esta n\u00e3o \u00e9 primeira movimenta\u00e7\u00e3o de Cezinha Madureira<\/a>\u00a0em tentar resolver o problema dos donos dessa licen\u00e7a. Em novembro de 2019, a Comiss\u00e3o de Ci\u00eancia e Tecnologia, Comunica\u00e7\u00e3o e Inform\u00e1tica (CCTCI) aprovou o\u00a0<a href=\"https:\/\/www.camara.leg.br\/proposicoesWeb\/fichadetramitacao?idProposicao=2204494\" target=\"_blank\" rel=\"noreferrer noopener\">PL 3.098\/2019<\/a>, de sua autoria. O projeto de lei alterava o art. 37 da\u00a0<a href=\"http:\/\/www.planalto.gov.br\/ccivil_03\/_Ato2011-2014\/2011\/Lei\/L12485.htm\" target=\"_blank\" rel=\"noreferrer noopener\">Lei 12.485\/2011 (Lei do SeAC)<\/a>, inserindo dois par\u00e1grafos que estabelecem uma nova regra de transi\u00e7\u00e3o para as outorgas destes servi\u00e7os para o de televis\u00e3o aberta. O substitutivo do deputado Alex Santana (PDT-BA) aprovado na CCTCI \u00a0seguiu para a Comiss\u00e3o de Constitui\u00e7\u00e3o e Justi\u00e7a e de Cidadania (CCJC).<\/p>\n<p style=\"text-align: justify;\">Por um tempo, estas outorgas chegaram a ser controladas por grandes grupos de comunica\u00e7\u00e3o, mas acabaram sendo passadas a igrejas e grupos de menor express\u00e3o ou ligados a pol\u00edticos. A Globo devolveu as suas outorgas em 2016, por exemplo.<\/p>\n<p style=\"text-align: justify;\"><strong>A pol\u00eamica da migra\u00e7\u00e3o<\/strong><\/p>\n<p style=\"text-align: justify;\">Um outro parlamentar que tamb\u00e9m tentou se movimentar para aprovar a toque de caixa essa migra\u00e7\u00e3o foi o deputado Marcos Soares, autor do PL 2.611\/2015. O projeto de Soares foi aprovado por unanimidade por na Comiss\u00e3o de Ci\u00eancia e Tecnologia em outubro de 2016, mas foi arquivado ao final da legislatura passada, por for\u00e7a de disposi\u00e7\u00e3o regimental. Marcos Soares \u00e9 filho do Pastor RR Soares, um dos detentores de canais que operam o servi\u00e7o de TVA.<\/p>\n<p style=\"text-align: justify;\">Pelas regras atuais, esses servi\u00e7os possuem uma caracter\u00edstica h\u00edbrida, operando com sinal de televis\u00e3o aberta por uma parte do tempo e por outra, com sinal codificado. Mas legalmente, s\u00e3o enquadrados como servi\u00e7os de telecomunica\u00e7\u00f5es. &#8220;Com caracter\u00edsticas tanto de sistemas por assinatura, como de sistemas abertos de radiodifus\u00e3o, a lei deveria ter previsto a possibilidade de adapta\u00e7\u00e3o tanto para o novo regime do SeAC, quanto para o j\u00e1 estabelecido regime de servi\u00e7os de radiodifus\u00e3o de sons e imagens&#8221;, diz Alex Santana no seu substitutivo. A renova\u00e7\u00e3o autom\u00e1tica das TVAs foi objeto de muita disputa na C\u00e2mara dos Deputados durante a tramita\u00e7\u00e3o do PL 29\/2007\u00a0<a href=\"http:\/\/www.planalto.gov.br\/ccivil_03\/_Ato2011-2014\/2011\/Lei\/L12485.htm\" target=\"_blank\" rel=\"noreferrer noopener\">(atual Lei do SeAC)<\/a>.<\/p>\n<p style=\"text-align: justify;\">Os servi\u00e7os de radiodifus\u00e3o de televis\u00e3o aberta devem ser contratados por meio de processo licitat\u00f3rio, conforme prev\u00ea o\u00a0<a href=\"https:\/\/www.anatel.gov.br\/legislacao\/decretos\/130-decreto-52795\" target=\"_blank\" rel=\"noreferrer noopener\">Decreto 52.795\/63<\/a>. Por isso, a transforma\u00e7\u00e3o proposta por Cezinha Madureira, nos dois projetos de lei para alguns especialistas, viola a legisla\u00e7\u00e3o espec\u00edfica do setor.<\/p>\n<p style=\"text-align: justify;\">\n<p style=\"text-align: justify;\">Fonte: Telaviva<\/p>\n","protected":false},"excerpt":{"rendered":"<p>Est\u00e1 na pauta de vota\u00e7\u00e3o do plen\u00e1rio virtual\u00a0da C\u00e2mara dos&hellip;<\/p>\n<p> <a class=\"more-link\" href=\"https:\/\/sertsc.org.br\/site\/parlamentar-quer-urgencia-na-votacao-de-pl-que-propoe-migracao-do-servico-de-tva-para-tv-aberta\/\">Leia mais<\/a><\/p>\n","protected":false},"author":1,"featured_media":13115,"comment_status":"closed","ping_status":"open","sticky":false,"template":"","format":"standard","meta":{"footnotes":""},"categories":[3],"tags":[],"class_list":{"0":"post-13114","1":"post","2":"type-post","3":"status-publish","4":"format-standard","5":"has-post-thumbnail","7":"category-noticias"},"_links":{"self":[{"href":"https:\/\/sertsc.org.br\/site\/wp-json\/wp\/v2\/posts\/13114","targetHints":{"allow":["GET"]}}],"collection":[{"href":"https:\/\/sertsc.org.br\/site\/wp-json\/wp\/v2\/posts"}],"about":[{"href":"https:\/\/sertsc.org.br\/site\/wp-json\/wp\/v2\/types\/post"}],"author":[{"embeddable":true,"href":"https:\/\/sertsc.org.br\/site\/wp-json\/wp\/v2\/users\/1"}],"replies":[{"embeddable":true,"href":"https:\/\/sertsc.org.br\/site\/wp-json\/wp\/v2\/comments?post=13114"}],"version-history":[{"count":0,"href":"https:\/\/sertsc.org.br\/site\/wp-json\/wp\/v2\/posts\/13114\/revisions"}],"wp:featuredmedia":[{"embeddable":true,"href":"https:\/\/sertsc.org.br\/site\/wp-json\/"}],"wp:attachment":[{"href":"https:\/\/sertsc.org.br\/site\/wp-json\/wp\/v2\/media?parent=13114"}],"wp:term":[{"taxonomy":"category","embeddable":true,"href":"https:\/\/sertsc.org.br\/site\/wp-json\/wp\/v2\/categories?post=13114"},{"taxonomy":"post_tag","embeddable":true,"href":"https:\/\/sertsc.org.br\/site\/wp-json\/wp\/v2\/tags?post=13114"}],"curies":[{"name":"wp","href":"https:\/\/api.w.org\/{rel}","templated":true}]}}