{"id":13111,"date":"2020-07-30T09:26:32","date_gmt":"2020-07-30T12:26:32","guid":{"rendered":"http:\/\/www.sertsc.org.br\/site\/?p=13111"},"modified":"2020-07-30T09:26:32","modified_gmt":"2020-07-30T12:26:32","slug":"minicom-vitor-menezes-sera-secretario-executivo-arthur-coimbra-de-telecom","status":"publish","type":"post","link":"https:\/\/sertsc.org.br\/site\/minicom-vitor-menezes-sera-secretario-executivo-arthur-coimbra-de-telecom\/","title":{"rendered":"Minicom: Vitor Menezes ser\u00e1 Secret\u00e1rio-Executivo, Arthur Coimbra, de Telecom"},"content":{"rendered":"<p style=\"text-align: justify;\"><img fetchpriority=\"high\" decoding=\"async\" class=\"aligncenter size-full wp-image-13112\" src=\"http:\/\/www.sertsc.org.br\/site\/wp-content\/uploads\/2020\/07\/V\u00edtor-Menezes.jpg\" alt=\"V\u00edtor-Menezes\" width=\"936\" height=\"600\" \/><\/p>\n<p style=\"text-align: justify;\">O ministro Fabio Faria afirmou nesta quarta-feira, 29, que o atual secret\u00e1rio de telecomunica\u00e7\u00f5es do Minist\u00e9rio das Comunica\u00e7\u00f5es, Vitor Menezes, ser\u00e1 al\u00e7ado ao cargo de secret\u00e1rio-executivo da pasta. Em seu lugar assumir\u00e1 Arthur Coimbra, que hoje dirige o departamento de banda larga.<\/p>\n<p style=\"text-align: justify;\">Atualmente, a secretaria-executiva \u00e9 ocupada por Fabio Wajngarten, que veio da Secom. Ele deve ser renomeado secret\u00e1rio especial de comunica\u00e7\u00e3o, mantendo-se \u00e0 frente da Secretaria que comandou at\u00e9 a recria\u00e7\u00e3o do minist\u00e9rio.<\/p>\n<p style=\"text-align: justify;\">Durante evento digital realizado pela OAB\/RJ, o ministro Faria afirmou que o Minicom ainda est\u00e1 definindo seus quadros, trazendo mudan\u00e7as em rela\u00e7\u00e3o ao que foi estabelecido quando da recria\u00e7\u00e3o da pasta.\u00a0<a href=\"http:\/\/www.telesintese.com.br\/maximiliano-martinhao-e-o-novo-secretario-de-radiodifusao\/\">Hoje saiu no Di\u00e1rio Oficial da Uni\u00e3o a nomea\u00e7\u00e3o de Maximiliano Martinh\u00e3o como secret\u00e1rio de radiodifus\u00e3o<\/a>.<\/p>\n<p style=\"text-align: justify;\">A Presid\u00eancia ainda precisa publicar decreto estruturando o Minicom, que dever\u00e1 apontar com mais detalhes a distribui\u00e7\u00e3o dos cargos.<\/p>\n<p style=\"text-align: justify;\">\u201cEstou h\u00e1 40 dias na pasta, tomando p\u00e9. Meu minist\u00e9rio ainda n\u00e3o est\u00e1 pronto. Praticamente n\u00e3o tenho \u00e1rea meio ainda. Veio o secret\u00e1rio de comunica\u00e7\u00f5es e o secret\u00e1rio de radiodifus\u00e3o que eram do MCTIC, a SECOM e Correios ainda est\u00e3o sob nosso guarda-chuva. Mas ainda estou em fase de montagem de equipe\u201d, falou o ministro, logo ap\u00f3s anunciar as nomea\u00e7\u00f5es.<\/p>\n<p style=\"text-align: justify;\">Fonte: Teles\u00edntese<\/p>\n","protected":false},"excerpt":{"rendered":"<p>O ministro Fabio Faria afirmou nesta quarta-feira, 29, que o&hellip;<\/p>\n<p> <a class=\"more-link\" href=\"https:\/\/sertsc.org.br\/site\/minicom-vitor-menezes-sera-secretario-executivo-arthur-coimbra-de-telecom\/\">Leia mais<\/a><\/p>\n","protected":false},"author":1,"featured_media":13112,"comment_status":"closed","ping_status":"open","sticky":false,"template":"","format":"standard","meta":{"footnotes":""},"categories":[3],"tags":[],"class_list":{"0":"post-13111","1":"post","2":"type-post","3":"status-publish","4":"format-standard","5":"has-post-thumbnail","7":"category-noticias"},"_links":{"self":[{"href":"https:\/\/sertsc.org.br\/site\/wp-json\/wp\/v2\/posts\/13111","targetHints":{"allow":["GET"]}}],"collection":[{"href":"https:\/\/sertsc.org.br\/site\/wp-json\/wp\/v2\/posts"}],"about":[{"href":"https:\/\/sertsc.org.br\/site\/wp-json\/wp\/v2\/types\/post"}],"author":[{"embeddable":true,"href":"https:\/\/sertsc.org.br\/site\/wp-json\/wp\/v2\/users\/1"}],"replies":[{"embeddable":true,"href":"https:\/\/sertsc.org.br\/site\/wp-json\/wp\/v2\/comments?post=13111"}],"version-history":[{"count":0,"href":"https:\/\/sertsc.org.br\/site\/wp-json\/wp\/v2\/posts\/13111\/revisions"}],"wp:featuredmedia":[{"embeddable":true,"href":"https:\/\/sertsc.org.br\/site\/wp-json\/"}],"wp:attachment":[{"href":"https:\/\/sertsc.org.br\/site\/wp-json\/wp\/v2\/media?parent=13111"}],"wp:term":[{"taxonomy":"category","embeddable":true,"href":"https:\/\/sertsc.org.br\/site\/wp-json\/wp\/v2\/categories?post=13111"},{"taxonomy":"post_tag","embeddable":true,"href":"https:\/\/sertsc.org.br\/site\/wp-json\/wp\/v2\/tags?post=13111"}],"curies":[{"name":"wp","href":"https:\/\/api.w.org\/{rel}","templated":true}]}}