{"id":13101,"date":"2020-07-29T14:36:31","date_gmt":"2020-07-29T17:36:31","guid":{"rendered":"http:\/\/www.sertsc.org.br\/site\/?p=13101"},"modified":"2020-07-29T14:36:31","modified_gmt":"2020-07-29T17:36:31","slug":"prazos-de-processos-administrativos-na-serad-sao-prorrogados-ate-o-dia-31-de-julho","status":"publish","type":"post","link":"https:\/\/sertsc.org.br\/site\/prazos-de-processos-administrativos-na-serad-sao-prorrogados-ate-o-dia-31-de-julho\/","title":{"rendered":"Minicom suspende prazos processuais da SERAD por mais 30 dias"},"content":{"rendered":"<p style=\"text-align: justify;\">\u00a0Est\u00e3o suspensos, at\u00e9 31 de agosto, os prazos dos processos administrativos e de atendimento ao p\u00fablico em tramita\u00e7\u00e3o na Secretaria de Radiodifus\u00e3o (SERAD). A Portaria n\u00ba 174\/2020 do Minist\u00e9rio das Comunica\u00e7\u00f5es (Minicom), com a suspens\u00e3o dos prazos, foi publicada na edi\u00e7\u00e3o desta quarta-feira (29) do Di\u00e1rio Oficial da Uni\u00e3o (DOU).<\/p>\n<p style=\"text-align: justify;\">\u201cA portaria atende a mais um pedido da ABERT, j\u00e1 que a emiss\u00e3o dos in\u00fameros documentos necess\u00e1rios para instru\u00e7\u00e3o dos processos administrativos em curso na SERAD depende de servi\u00e7os e atividades que est\u00e3o suspensos\u201d, explica o diretor geral da ABERT, Cristiano Lobato Flores.<\/p>\n<p style=\"text-align: justify;\">J\u00e1 o per\u00edodo de renova\u00e7\u00e3o de outorga n\u00e3o foi alterado pela portaria e permanece o mesmo. O radiodifusor deve ingressar com o pedido em at\u00e9 um ano antes do prazo do fim da outorga, ainda que recaia durante o per\u00edodo de suspens\u00e3o estabelecido pela portaria.<\/p>\n<p style=\"text-align: justify;\">\n<p style=\"text-align: justify;\">Fonte: ABERT<\/p>\n","protected":false},"excerpt":{"rendered":"<p>\u00a0Est\u00e3o suspensos, at\u00e9 31 de agosto, os prazos dos processos&hellip;<\/p>\n<p> <a class=\"more-link\" href=\"https:\/\/sertsc.org.br\/site\/prazos-de-processos-administrativos-na-serad-sao-prorrogados-ate-o-dia-31-de-julho\/\">Leia mais<\/a><\/p>\n","protected":false},"author":1,"featured_media":13102,"comment_status":"closed","ping_status":"open","sticky":false,"template":"","format":"standard","meta":{"footnotes":""},"categories":[3],"tags":[],"class_list":{"0":"post-13101","1":"post","2":"type-post","3":"status-publish","4":"format-standard","5":"has-post-thumbnail","7":"category-noticias"},"_links":{"self":[{"href":"https:\/\/sertsc.org.br\/site\/wp-json\/wp\/v2\/posts\/13101","targetHints":{"allow":["GET"]}}],"collection":[{"href":"https:\/\/sertsc.org.br\/site\/wp-json\/wp\/v2\/posts"}],"about":[{"href":"https:\/\/sertsc.org.br\/site\/wp-json\/wp\/v2\/types\/post"}],"author":[{"embeddable":true,"href":"https:\/\/sertsc.org.br\/site\/wp-json\/wp\/v2\/users\/1"}],"replies":[{"embeddable":true,"href":"https:\/\/sertsc.org.br\/site\/wp-json\/wp\/v2\/comments?post=13101"}],"version-history":[{"count":0,"href":"https:\/\/sertsc.org.br\/site\/wp-json\/wp\/v2\/posts\/13101\/revisions"}],"wp:featuredmedia":[{"embeddable":true,"href":"https:\/\/sertsc.org.br\/site\/wp-json\/"}],"wp:attachment":[{"href":"https:\/\/sertsc.org.br\/site\/wp-json\/wp\/v2\/media?parent=13101"}],"wp:term":[{"taxonomy":"category","embeddable":true,"href":"https:\/\/sertsc.org.br\/site\/wp-json\/wp\/v2\/categories?post=13101"},{"taxonomy":"post_tag","embeddable":true,"href":"https:\/\/sertsc.org.br\/site\/wp-json\/wp\/v2\/tags?post=13101"}],"curies":[{"name":"wp","href":"https:\/\/api.w.org\/{rel}","templated":true}]}}