{"id":13094,"date":"2020-07-29T09:08:23","date_gmt":"2020-07-29T12:08:23","guid":{"rendered":"http:\/\/www.sertsc.org.br\/site\/?p=13094"},"modified":"2020-07-29T09:08:23","modified_gmt":"2020-07-29T12:08:23","slug":"radiodifusao-jornais-e-publicidade-se-unem-pelo-adiamento-da-lgpd","status":"publish","type":"post","link":"https:\/\/sertsc.org.br\/site\/radiodifusao-jornais-e-publicidade-se-unem-pelo-adiamento-da-lgpd\/","title":{"rendered":"Radiodifus\u00e3o, jornais e publicidade se unem pelo adiamento da LGPD"},"content":{"rendered":"<p style=\"text-align: justify;\">Uma carta de 14 entidades ligadas \u00e0 Comunica\u00e7\u00e3o Social, como Abert e Abratel, que representam TVs e r\u00e1dios, ANJ e ANER, de jornais e revistas, e ainda associa\u00e7\u00f5es e federa\u00e7\u00f5es de ag\u00eancias de publicidade, pede ao presidente da C\u00e2mara, Rodrigo Maia (DEM-RJ) a aprova\u00e7\u00e3o da MP 959, que adia a vig\u00eancia da Lei Geral de Prote\u00e7\u00e3o de Dados (13.709\/18) para 5 de maio de 2021.<\/p>\n<p style=\"text-align: justify;\">As entidades alegam que a LGPD precisa de regulamenta\u00e7\u00e3o e orienta\u00e7\u00e3o, que dependem da cria\u00e7\u00e3o da Autoridade Nacional de Prote\u00e7\u00e3o de Dados. \u201cSem orienta\u00e7\u00e3o da Autoridade e frente a conceitos abertos constantes na Lei, o cen\u00e1rio \u00e9 de inseguran\u00e7a jur\u00eddica\u201d, diz a carta.<\/p>\n<p style=\"text-align: justify;\">Da\u00ed o pedido de vota\u00e7\u00e3o e aprova\u00e7\u00e3o da MP 959, \u201ca fim de que a entrada em vigor da LGPD se de em maio de 2021, prazo que consideramos suficiente para que o Poder Executivo estruture e indique ao Congresso os membros do Conselho Diretor da Autoridade Nacional de Prote\u00e7\u00e3o de Dados\u201d.<\/p>\n<p style=\"text-align: justify;\">Segundo as entidades, \u201ca aprova\u00e7\u00e3o da Lei Geral de Prote\u00e7\u00e3o de Dados representa um avan\u00e7o para o equil\u00edbrio entre a prote\u00e7\u00e3o de dados e o avan\u00e7o tecnol\u00f3gico (por meio da livre circula\u00e7\u00e3o de dados pessoais). Todavia, a LGPD carece de detalhamento e regulamenta\u00e7\u00e3o em temas como: leg\u00edtimo interesse; subcontrata\u00e7\u00e3o de parceiros para tratamento de dados pessoais; compartilhamento de dados por empresas de um mesmo grupo econ\u00f4mico, mas de setores distintos; e, diferencia\u00e7\u00e3o das exig\u00eancias para Micro e Pequenas Empresas\u201d.<\/p>\n<p style=\"text-align: justify;\">Fonte: Converg\u00eanciadigital<\/p>\n","protected":false},"excerpt":{"rendered":"<p>Uma carta de 14 entidades ligadas \u00e0 Comunica\u00e7\u00e3o Social, como&hellip;<\/p>\n<p> <a class=\"more-link\" href=\"https:\/\/sertsc.org.br\/site\/radiodifusao-jornais-e-publicidade-se-unem-pelo-adiamento-da-lgpd\/\">Leia mais<\/a><\/p>\n","protected":false},"author":1,"featured_media":12650,"comment_status":"closed","ping_status":"open","sticky":false,"template":"","format":"standard","meta":{"footnotes":""},"categories":[33],"tags":[],"class_list":{"0":"post-13094","1":"post","2":"type-post","3":"status-publish","4":"format-standard","5":"has-post-thumbnail","7":"category-destaques"},"_links":{"self":[{"href":"https:\/\/sertsc.org.br\/site\/wp-json\/wp\/v2\/posts\/13094","targetHints":{"allow":["GET"]}}],"collection":[{"href":"https:\/\/sertsc.org.br\/site\/wp-json\/wp\/v2\/posts"}],"about":[{"href":"https:\/\/sertsc.org.br\/site\/wp-json\/wp\/v2\/types\/post"}],"author":[{"embeddable":true,"href":"https:\/\/sertsc.org.br\/site\/wp-json\/wp\/v2\/users\/1"}],"replies":[{"embeddable":true,"href":"https:\/\/sertsc.org.br\/site\/wp-json\/wp\/v2\/comments?post=13094"}],"version-history":[{"count":0,"href":"https:\/\/sertsc.org.br\/site\/wp-json\/wp\/v2\/posts\/13094\/revisions"}],"wp:featuredmedia":[{"embeddable":true,"href":"https:\/\/sertsc.org.br\/site\/wp-json\/"}],"wp:attachment":[{"href":"https:\/\/sertsc.org.br\/site\/wp-json\/wp\/v2\/media?parent=13094"}],"wp:term":[{"taxonomy":"category","embeddable":true,"href":"https:\/\/sertsc.org.br\/site\/wp-json\/wp\/v2\/categories?post=13094"},{"taxonomy":"post_tag","embeddable":true,"href":"https:\/\/sertsc.org.br\/site\/wp-json\/wp\/v2\/tags?post=13094"}],"curies":[{"name":"wp","href":"https:\/\/api.w.org\/{rel}","templated":true}]}}