{"id":13087,"date":"2020-07-29T08:53:03","date_gmt":"2020-07-29T11:53:03","guid":{"rendered":"http:\/\/www.sertsc.org.br\/site\/?p=13087"},"modified":"2020-07-29T08:53:03","modified_gmt":"2020-07-29T11:53:03","slug":"maximiliano-martinhao-e-novo-secretario-da-radiodifusao","status":"publish","type":"post","link":"https:\/\/sertsc.org.br\/site\/maximiliano-martinhao-e-novo-secretario-da-radiodifusao\/","title":{"rendered":"Maximiliano Martinh\u00e3o \u00e9 novo secret\u00e1rio da radiodifus\u00e3o"},"content":{"rendered":"<figure id=\"attachment_13088\" aria-describedby=\"caption-attachment-13088\" style=\"width: 683px\" class=\"wp-caption aligncenter\"><img fetchpriority=\"high\" decoding=\"async\" class=\"size-full wp-image-13088\" src=\"http:\/\/www.sertsc.org.br\/site\/wp-content\/uploads\/2020\/07\/208-premio-anuario-telesintese-2019-momento-editorial-photo-robson-regato.jpg\" alt=\"Maximiliano Martinh\u00e3o, secret\u00e1rio de Pol\u00edtica de Inform\u00e1tica do MCTIC. \" width=\"683\" height=\"1024\" \/><figcaption id=\"caption-attachment-13088\" class=\"wp-caption-text\">Maximiliano Martinh\u00e3o, secret\u00e1rio de Pol\u00edtica de Inform\u00e1tica do MCTIC.<\/figcaption><\/figure>\n<p style=\"text-align: justify;\">Maximiliano Martinh\u00e3o, engenheiro, t\u00e9cnico de carreira da Anatel e com atuante passagem pelo setor de telecomunica\u00e7\u00f5es e tecnologia da informa\u00e7\u00e3o, foi nomeado hoje, 29, para assumir o cargo de Secret\u00e1rio de Radiodifus\u00e3o do novo Minist\u00e9rio das Comunica\u00e7\u00f5es.<\/p>\n<p style=\"text-align: justify;\">\u201cQuero trabalhar muito pr\u00f3ximo dos radiodifusores. O ministro F\u00e1bio me orientou a promover o setor, resolver os entraves e acelerar as mudan\u00e7as necess\u00e1rias.\u201d<br \/>\n<cite class=\"vw-quote-cite\">MARTINH\u00c3O, NOVO SECRET\u00c1RIO DE RADIODIFUS\u00c3O DO MINIST\u00c9RIO DAS COMUNICA\u00c7\u00d5ES<\/cite><\/p>\n<p style=\"text-align: justify;\">Atualmente, ocupava cargo de assessor especial no Minist\u00e9rio da Ci\u00eancia, Tecnologia e Inova\u00e7\u00f5es. J\u00e1 foi secret\u00e1rio de Telecomunica\u00e7\u00f5es, secret\u00e1rio de Pol\u00edtica de Inform\u00e1tica, integrante do Conselho de Administra\u00e7\u00e3o da Telebras e superintendente da Anatel.<\/p>\n<p>&nbsp;<\/p>\n<p>Fonte: Teles\u00edntese<\/p>\n","protected":false},"excerpt":{"rendered":"<p>Maximiliano Martinh\u00e3o, engenheiro, t\u00e9cnico de carreira da Anatel e com&hellip;<\/p>\n<p> <a class=\"more-link\" href=\"https:\/\/sertsc.org.br\/site\/maximiliano-martinhao-e-novo-secretario-da-radiodifusao\/\">Leia mais<\/a><\/p>\n","protected":false},"author":1,"featured_media":13088,"comment_status":"closed","ping_status":"open","sticky":false,"template":"","format":"standard","meta":{"footnotes":""},"categories":[3],"tags":[],"class_list":{"0":"post-13087","1":"post","2":"type-post","3":"status-publish","4":"format-standard","5":"has-post-thumbnail","7":"category-noticias"},"_links":{"self":[{"href":"https:\/\/sertsc.org.br\/site\/wp-json\/wp\/v2\/posts\/13087","targetHints":{"allow":["GET"]}}],"collection":[{"href":"https:\/\/sertsc.org.br\/site\/wp-json\/wp\/v2\/posts"}],"about":[{"href":"https:\/\/sertsc.org.br\/site\/wp-json\/wp\/v2\/types\/post"}],"author":[{"embeddable":true,"href":"https:\/\/sertsc.org.br\/site\/wp-json\/wp\/v2\/users\/1"}],"replies":[{"embeddable":true,"href":"https:\/\/sertsc.org.br\/site\/wp-json\/wp\/v2\/comments?post=13087"}],"version-history":[{"count":0,"href":"https:\/\/sertsc.org.br\/site\/wp-json\/wp\/v2\/posts\/13087\/revisions"}],"wp:featuredmedia":[{"embeddable":true,"href":"https:\/\/sertsc.org.br\/site\/wp-json\/"}],"wp:attachment":[{"href":"https:\/\/sertsc.org.br\/site\/wp-json\/wp\/v2\/media?parent=13087"}],"wp:term":[{"taxonomy":"category","embeddable":true,"href":"https:\/\/sertsc.org.br\/site\/wp-json\/wp\/v2\/categories?post=13087"},{"taxonomy":"post_tag","embeddable":true,"href":"https:\/\/sertsc.org.br\/site\/wp-json\/wp\/v2\/tags?post=13087"}],"curies":[{"name":"wp","href":"https:\/\/api.w.org\/{rel}","templated":true}]}}