{"id":13067,"date":"2020-07-28T09:08:07","date_gmt":"2020-07-28T12:08:07","guid":{"rendered":"http:\/\/www.sertsc.org.br\/site\/?p=13067"},"modified":"2020-07-28T09:08:07","modified_gmt":"2020-07-28T12:08:07","slug":"pandemia-coloca-dispositivos-digitais-na-lideranca-nas-audicoes-realizadas-nos-estados-unidos","status":"publish","type":"post","link":"https:\/\/sertsc.org.br\/site\/pandemia-coloca-dispositivos-digitais-na-lideranca-nas-audicoes-realizadas-nos-estados-unidos\/","title":{"rendered":"Pandemia coloca dispositivos digitais na lideran\u00e7a nas audi\u00e7\u00f5es realizadas nos Estados Unidos"},"content":{"rendered":"<p style=\"text-align: justify;\">A disrup\u00e7\u00e3o da covid-19. \u00c9 a forma como foi chamada a mudan\u00e7a no h\u00e1bito de consumo de \u00e1udio nos Estados Unidos ocasionada pela pandemia do novo coronav\u00edrus. Segundo um levantamento feito pela Edison Research, dentro do estudo Share of Ear, os dispositivos digitais apareceram pela primeira vez na lideran\u00e7a no consumo de \u00e1udio entre adolescentes e adultos norte-americanos. H\u00e1 uma d\u00favida se esse quadro ser\u00e1 mantido ou alterado no per\u00edodo p\u00f3s-pandemia. Outras mudan\u00e7as de h\u00e1bitos, como\u00a0<strong><a href=\"https:\/\/tudoradio.com\/noticias\/ver\/23801-tendencias-coronavirus-edison-research-aponta-possivel-mudanca-no-comportamento-dos-ouvintes-em-relacao-aos-horarios-de-escuta\">iniciar mais tarde o consumo de \u00e1udio<\/a><\/strong>, tamb\u00e9m foram observadas pela Edison Research.<\/p>\n<p style=\"text-align: justify;\">Segundo a Edison Research, 53% do total das escutas de \u00e1udio partiram de dispositivos digitais, ou seja, equipamentos de streaming ao vivo ou on-demand (como smartphones e caixas de som inteligentes), contra 45% de equipamentos n\u00e3o-digitais (como r\u00e1dios AM\/FM, Sirius XM, CD-Players e toca discos). Antes da covid-19, a divis\u00e3o era de 55% do total das escutas vindas de aparelhos offline contra 45% dos digitais.<\/p>\n<p style=\"text-align: justify;\">Laura Ivey, diretora de pesquisas da Edison Research, afirma que essa mudan\u00e7a &#8220;era quase inevit\u00e1vel&#8221;. Segundo o portal RAIN News, a executiva tamb\u00e9m diz que &#8220;teremos que esperar para ver se os n\u00fameros revertem mais perto do que eram antes das interrup\u00e7\u00f5es&#8221;. O levantamento foi realizado em meados de maio, dentro do Share of Ear.<\/p>\n<p style=\"text-align: justify;\">Apesar de ter retido boa parte do seu alcance, o r\u00e1dio viu uma mudan\u00e7a de comportamento no consumo de \u00e1udio durante a pandemia. No in\u00edcio, essas altera\u00e7\u00f5es foram mais significativas, com os deslocamentos di\u00e1rios das pessoas (que estavam mais presentes em suas casas) sendo afetados. O r\u00e1dio norte-americano depende muito das escutas fora de casa (apesar do consumo nas resid\u00eancias ter aumentado).<\/p>\n<p style=\"text-align: justify;\">Ap\u00f3s maio o\u00a0<strong><a href=\"https:\/\/tudoradio.com\/noticias\/ver\/23750-o-radio-hoje-coronavirus-com-deslocamentos-audiencia-de-radio-nos-eua-avanca-meio-observa-comportamento-do-abre-e-fecha\">consumo de r\u00e1dio passou a ser normalizado em rela\u00e7\u00e3o aos h\u00e1bitos anteriores<\/a><\/strong>, tanto nos formatos de esta\u00e7\u00f5es, como parte do retorno das escutas em receptores AM\/FM a medida que as quarentenas foram mais flexibilizadas. Por\u00e9m a parcela originada no\u00a0<strong><a href=\"https:\/\/tudoradio.com\/noticias\/ver\/23580-o-radio-hoje-covid-19-nielsen-mostra-que-streaming-esta-contribuindo-com-picos-de-acessos-ao-conteudo-de-radio\">streaming foi significativa para manter os picos de audi\u00eancia\u00a0<\/a><\/strong>das esta\u00e7\u00f5es, mostrando que o r\u00e1dio tamb\u00e9m se beneficia da amplia\u00e7\u00e3o do consumo em dispositivos digitais.<\/p>\n<div class=\"pp-box-adunit pp-ad-loading pp-type-intext\" style=\"text-align: justify;\">\u00a0O r\u00e1dio dos Estados Unidos \u00e9 de longe a parcela mais significativa das audi\u00e7\u00f5es vindas dos dispositivos considerados tradicionais (n\u00e3o digitais). O meio conta com o\u00a0<strong><a href=\"https:\/\/tudoradio.com\/noticias\/ver\/21803-o-radio-hoje-nielsen-aponta-que-o-radio-segue-na-lideranca-de-alcance-entre-todas-as-plataformas-nos-estados-unidos\">maior alcance entre todas as plataformas de m\u00eddia e a lideran\u00e7a no consumo de \u00e1udio<\/a><\/strong>, sem considerar a audi\u00eancia das esta\u00e7\u00f5es na distribui\u00e7\u00e3o digital (streaming ou podcasts originados pelas r\u00e1dios).<\/div>\n<div class=\"pp-box-adunit pp-ad-loading pp-type-intext\" style=\"text-align: justify;\"><\/div>\n<div class=\"pp-box-adunit pp-ad-loading pp-type-intext\" style=\"text-align: justify;\">\n<figure id=\"attachment_13069\" aria-describedby=\"caption-attachment-13069\" style=\"width: 500px\" class=\"wp-caption aligncenter\"><img fetchpriority=\"high\" decoding=\"async\" class=\"size-full wp-image-13069\" src=\"http:\/\/www.sertsc.org.br\/site\/wp-content\/uploads\/2020\/07\/5f1fa65419c4c.jpg\" alt=\"Arte com as informa\u00e7\u00f5es sobre o consumo de \u00e1udio entre dispositivos digitais e tradicionais \" width=\"500\" height=\"333\" \/><figcaption id=\"caption-attachment-13069\" class=\"wp-caption-text\">Arte com as informa\u00e7\u00f5es sobre o consumo de \u00e1udio entre dispositivos digitais e tradicionais<\/figcaption><\/figure>\n<\/div>\n<p style=\"text-align: justify;\">Fonte: Tudor\u00e1dio<\/p>\n","protected":false},"excerpt":{"rendered":"<p>A disrup\u00e7\u00e3o da covid-19. \u00c9 a forma como foi chamada&hellip;<\/p>\n<p> <a class=\"more-link\" href=\"https:\/\/sertsc.org.br\/site\/pandemia-coloca-dispositivos-digitais-na-lideranca-nas-audicoes-realizadas-nos-estados-unidos\/\">Leia mais<\/a><\/p>\n","protected":false},"author":1,"featured_media":13069,"comment_status":"closed","ping_status":"open","sticky":false,"template":"","format":"standard","meta":{"footnotes":""},"categories":[3],"tags":[],"class_list":{"0":"post-13067","1":"post","2":"type-post","3":"status-publish","4":"format-standard","5":"has-post-thumbnail","7":"category-noticias"},"_links":{"self":[{"href":"https:\/\/sertsc.org.br\/site\/wp-json\/wp\/v2\/posts\/13067","targetHints":{"allow":["GET"]}}],"collection":[{"href":"https:\/\/sertsc.org.br\/site\/wp-json\/wp\/v2\/posts"}],"about":[{"href":"https:\/\/sertsc.org.br\/site\/wp-json\/wp\/v2\/types\/post"}],"author":[{"embeddable":true,"href":"https:\/\/sertsc.org.br\/site\/wp-json\/wp\/v2\/users\/1"}],"replies":[{"embeddable":true,"href":"https:\/\/sertsc.org.br\/site\/wp-json\/wp\/v2\/comments?post=13067"}],"version-history":[{"count":0,"href":"https:\/\/sertsc.org.br\/site\/wp-json\/wp\/v2\/posts\/13067\/revisions"}],"wp:featuredmedia":[{"embeddable":true,"href":"https:\/\/sertsc.org.br\/site\/wp-json\/"}],"wp:attachment":[{"href":"https:\/\/sertsc.org.br\/site\/wp-json\/wp\/v2\/media?parent=13067"}],"wp:term":[{"taxonomy":"category","embeddable":true,"href":"https:\/\/sertsc.org.br\/site\/wp-json\/wp\/v2\/categories?post=13067"},{"taxonomy":"post_tag","embeddable":true,"href":"https:\/\/sertsc.org.br\/site\/wp-json\/wp\/v2\/tags?post=13067"}],"curies":[{"name":"wp","href":"https:\/\/api.w.org\/{rel}","templated":true}]}}