{"id":13064,"date":"2020-07-24T14:16:34","date_gmt":"2020-07-24T17:16:34","guid":{"rendered":"http:\/\/www.sertsc.org.br\/site\/?p=13064"},"modified":"2020-07-24T14:16:34","modified_gmt":"2020-07-24T17:16:34","slug":"minicom-publica-novas-regras-para-o-servico-de-rtv","status":"publish","type":"post","link":"https:\/\/sertsc.org.br\/site\/minicom-publica-novas-regras-para-o-servico-de-rtv\/","title":{"rendered":"Minicom publica novas regras para o servi\u00e7o de RTV"},"content":{"rendered":"<p style=\"text-align: justify;\">O Minist\u00e9rio das Comunica\u00e7\u00f5es publicou nesta sexta-feira (24), no Di\u00e1rio Oficial da Uni\u00e3o, a Portaria n\u00ba 141\/2020 (aqui), que regulamenta o servi\u00e7o de retransmiss\u00e3o de televis\u00e3o (RTV), ancilar ao servi\u00e7o de radiodifus\u00e3o de sons e imagens.<\/p>\n<p style=\"text-align: justify;\">A nova portaria regulamenta o procedimento de autoriza\u00e7\u00e3o de retransmissoras com o uso do canal de rede e, tamb\u00e9m, ajusta importantes pontos nas regras do servi\u00e7o, como o procedimento de transfer\u00eancia da autoriza\u00e7\u00e3o e no processo para execu\u00e7\u00e3o do servi\u00e7o de RTV em car\u00e1ter secund\u00e1rio.<\/p>\n<p style=\"text-align: justify;\">O regulamento ainda permite a adapta\u00e7\u00e3o das retransmissoras em tecnologia digital de car\u00e1ter secund\u00e1rio para prim\u00e1rio em qualquer classe, o que possibilita melhor qualidade de sinal e agilidade na expans\u00e3o da rede de TV digital.<\/p>\n<p style=\"text-align: justify;\">Segundo o diretor geral da ABERT, Cristiano Flores, &#8220;a publica\u00e7\u00e3o das novas regras corresponde a mais uma etapa de antigo pleito da ABERT de desburocratiza\u00e7\u00e3o dos regulamentos do setor, e possibilita a retomada de consigna\u00e7\u00f5es de canais digitais pelo Minist\u00e9rio das Comunica\u00e7\u00f5es, permitindo a amplia\u00e7\u00e3o do processo de digitaliza\u00e7\u00e3o da TV aberta por todos os munic\u00edpios do pa\u00eds\u201d.<\/p>\n<p style=\"text-align: justify;\">\n<p style=\"text-align: justify;\">Acesse a \u00edntegra da portaria\u00a0<a href=\"http:\/\/www.in.gov.br\/web\/dou\/-\/portaria-n-141-de-22-de-julho-de-2020-268436203\">AQUI<\/a><\/p>\n<p>&nbsp;<\/p>\n<p>Fonte: ABERT<\/p>\n","protected":false},"excerpt":{"rendered":"<p>O Minist\u00e9rio das Comunica\u00e7\u00f5es publicou nesta sexta-feira (24), no Di\u00e1rio&hellip;<\/p>\n<p> <a class=\"more-link\" href=\"https:\/\/sertsc.org.br\/site\/minicom-publica-novas-regras-para-o-servico-de-rtv\/\">Leia mais<\/a><\/p>\n","protected":false},"author":1,"featured_media":13065,"comment_status":"closed","ping_status":"open","sticky":false,"template":"","format":"standard","meta":{"footnotes":""},"categories":[3],"tags":[],"class_list":{"0":"post-13064","1":"post","2":"type-post","3":"status-publish","4":"format-standard","5":"has-post-thumbnail","7":"category-noticias"},"_links":{"self":[{"href":"https:\/\/sertsc.org.br\/site\/wp-json\/wp\/v2\/posts\/13064","targetHints":{"allow":["GET"]}}],"collection":[{"href":"https:\/\/sertsc.org.br\/site\/wp-json\/wp\/v2\/posts"}],"about":[{"href":"https:\/\/sertsc.org.br\/site\/wp-json\/wp\/v2\/types\/post"}],"author":[{"embeddable":true,"href":"https:\/\/sertsc.org.br\/site\/wp-json\/wp\/v2\/users\/1"}],"replies":[{"embeddable":true,"href":"https:\/\/sertsc.org.br\/site\/wp-json\/wp\/v2\/comments?post=13064"}],"version-history":[{"count":0,"href":"https:\/\/sertsc.org.br\/site\/wp-json\/wp\/v2\/posts\/13064\/revisions"}],"wp:featuredmedia":[{"embeddable":true,"href":"https:\/\/sertsc.org.br\/site\/wp-json\/"}],"wp:attachment":[{"href":"https:\/\/sertsc.org.br\/site\/wp-json\/wp\/v2\/media?parent=13064"}],"wp:term":[{"taxonomy":"category","embeddable":true,"href":"https:\/\/sertsc.org.br\/site\/wp-json\/wp\/v2\/categories?post=13064"},{"taxonomy":"post_tag","embeddable":true,"href":"https:\/\/sertsc.org.br\/site\/wp-json\/wp\/v2\/tags?post=13064"}],"curies":[{"name":"wp","href":"https:\/\/api.w.org\/{rel}","templated":true}]}}