{"id":13061,"date":"2020-07-24T09:44:18","date_gmt":"2020-07-24T12:44:18","guid":{"rendered":"http:\/\/www.sertsc.org.br\/site\/?p=13061"},"modified":"2020-07-24T09:44:18","modified_gmt":"2020-07-24T12:44:18","slug":"e-book-gratuito-sobre-os-100-anos-de-historia-do-radio-no-brasil-sera-lancado-nesta-semana","status":"publish","type":"post","link":"https:\/\/sertsc.org.br\/site\/e-book-gratuito-sobre-os-100-anos-de-historia-do-radio-no-brasil-sera-lancado-nesta-semana\/","title":{"rendered":"E-book gratuito sobre os 100 anos de hist\u00f3ria do r\u00e1dio no Brasil ser\u00e1 lan\u00e7ado nesta semana"},"content":{"rendered":"<p style=\"text-align: justify;\">Nesta quarta-feira (22) foi lan\u00e7ado o E-book R\u00e1dio no Brasil 100 Anos de Hist\u00f3ria em (Re)Constru\u00e7\u00e3o. A obra retrata sobre a (re)constru\u00e7\u00e3o da hist\u00f3ria do r\u00e1dio, o qual vem por 100 anos fazendo parte da vida e da identidade dos brasileiros. Os interessados j\u00e1 podem fazer o download de forma gratuita, na internet.<\/p>\n<p style=\"text-align: justify;\">Organizado por Vera Lucia Spacil Raddatz (UNIJUI), Marcelo Kischinhevsky (UFRJ), Debora Cristina Lopez (UFOP) e Valci Zuculoto (UFSC), o E-book &#8220;R\u00e1dio no Brasil: 100 anos de hist\u00f3ria em (re)constru\u00e7\u00e3o&#8221; conta com a participa\u00e7\u00e3o de 46 autores de 25 universidades brasileiras, representando o Distrito Federal e 15 estados das cinco regi\u00f5es do pa\u00eds e retrata hist\u00f3rias dos cem anos de r\u00e1dio no Brasil. O lan\u00e7amento ocorreu na quarta-feira (22) e os interessados em acompanhar a publica\u00e7\u00e3o j\u00e1 podem acessar o material de forma gratuita, atrav\u00e9s do site da Editora Uniju\u00ed.<\/p>\n<p style=\"text-align: justify;\">A obra retrata hist\u00f3rias dos cem anos de r\u00e1dio no Brasil, contada a partir de alguns marcos \u00a0como as experi\u00eancias de irradia\u00e7\u00e3o da R\u00e1dio Clube de Pernambuco, em 1919, a Exposi\u00e7\u00e3o Internacional do Centen\u00e1rio da Independ\u00eancia, em 1922, no Rio de Janeiro, e as primeiras transmiss\u00f5es regulares da R\u00e1dio Sociedade do Rio de Janeiro, em 1923. Apesar disso, h\u00e1 muito a descobrir entre o que resta da mem\u00f3ria dos profissionais e ouvintes do r\u00e1dio e as narrativas que s\u00e3o resgatadas pelos pesquisadores, que v\u00e3o juntando os fragmentos, amarrando os fios e produzindo novas sonoridades, contribuindo assim para a reescrita cont\u00ednua da hist\u00f3ria da m\u00eddia sonora do Brasil, face \u00e0 diversidade cultural, a extens\u00e3o do territ\u00f3rio e \u00e0s dificuldades de preserva\u00e7\u00e3o de arquivos e documentos.<\/p>\n<p style=\"text-align: justify;\">Os organizadores do livro acreditam que esta obra \u00e9 uma publica\u00e7\u00e3o fundamental para entender n\u00e3o s\u00f3 a hist\u00f3ria do r\u00e1dio, mas sua cont\u00ednua transforma\u00e7\u00e3o. Vera Raddatz diz que &#8220;Nesses cem anos, o r\u00e1dio tem sido um canal de conex\u00e3o entre os ouvintes e a sociedade, por meio de hist\u00f3rias e fatos que registram o cotidiano das comunidades, estimulando o processo de desenvolvimento e novos olhares sobre o mundo. Com capacidade de se reinventar, mediante as mudan\u00e7as tecnol\u00f3gicas, o r\u00e1dio atravessou o tempo mantendo ativa essa rela\u00e7\u00e3o com a comunidade. Este e-book \u00e9 uma contribui\u00e7\u00e3o dos pesquisadores de m\u00eddia sonora, oferecendo novas perspectivas para pensar a pluralidade do r\u00e1dio e a pr\u00f3pria pesquisa, a fim de ampliar a compreens\u00e3o deste campo de conhecimento no pa\u00eds e reconhecer as diferentes realidades e identidades do r\u00e1dio brasileiro&#8221;.<\/p>\n<p style=\"text-align: justify;\">\n<figure id=\"attachment_13062\" aria-describedby=\"caption-attachment-13062\" style=\"width: 500px\" class=\"wp-caption aligncenter\"><img fetchpriority=\"high\" decoding=\"async\" class=\"size-full wp-image-13062\" src=\"http:\/\/www.sertsc.org.br\/site\/wp-content\/uploads\/2020\/07\/5f1730abcffee.jpg\" alt=\"E-book R\u00e1dio no Brasil 100 Anos de Hist\u00f3ria em (Re) Constru\u00e7\u00e3o \/ Reprodu\u00e7\u00e3o: site Editora Uniju\u00ed \" width=\"500\" height=\"700\" \/><figcaption id=\"caption-attachment-13062\" class=\"wp-caption-text\">E-book R\u00e1dio no Brasil 100 Anos de Hist\u00f3ria em (Re) Constru\u00e7\u00e3o \/ Reprodu\u00e7\u00e3o: site Editora Uniju\u00ed<\/figcaption><\/figure>\n<p style=\"text-align: justify;\">\n<p style=\"text-align: justify;\">Marcelo Kischinhevsky afirma que &#8220;O r\u00e1dio \u00e9 um meio t\u00e3o extraordin\u00e1rio que tem v\u00e1rios centen\u00e1rios para comemorar. Esperamos que este livro ajude no permanente processo de reescrita dessa hist\u00f3ria, ainda cheia de lacunas, e aponte caminhos para pensarmos e fazermos mais 100 anos de comunica\u00e7\u00e3o sonora&#8221;.<\/p>\n<p style=\"text-align: justify;\">D\u00e9bora Cristina Lopez salienta que &#8220;S\u00f3 \u00e9 poss\u00edvel avan\u00e7ar o campo atrav\u00e9s de a\u00e7\u00f5es colaborativas, porque esta \u00e9 a ess\u00eancia da pr\u00e1tica cient\u00edfica. Esse e-book \u00e9 resultado de uma a\u00e7\u00e3o coletiva, de um esfor\u00e7o para n\u00e3o s\u00f3 registrar a hist\u00f3ria, mas tamb\u00e9m construir conhecimento e refletir de maneira cr\u00edtica sobre os processos sonoros nesses 100 anos&#8221;.<\/p>\n<p style=\"text-align: justify;\">A tamb\u00e9m diretora cient\u00edfica da Alcar, Valci Zuculoto, afirma que o &#8220;e-book \u00e9 o resultado do trabalho de um conjunto de pesquisadores que demonstram as m\u00faltiplas identidades do r\u00e1dio do pa\u00eds, integrando experi\u00eancias nacionais, por meio de redes e parcerias, que no pa\u00eds s\u00e3o bem representadas pela Alcar e Intercom e SBPJor. O campo da pesquisa em m\u00eddia sonora constitui-se e avan\u00e7a na mesma medida em que estes pesquisadores contribuem com as (re)inven\u00e7\u00f5es para a perman\u00eancia do meio e para a fun\u00e7\u00e3o social do Jornalismo e do pr\u00f3prio r\u00e1dio&#8221;.<\/p>\n<p style=\"text-align: justify;\">O internauta j\u00e1 pode ter acesso a obra e de forma gratuita. Para isso basta acessar o link (<strong><a href=\"https:\/\/www.editoraunijui.com.br\/produto\/2257\" target=\"_blank\" rel=\"noopener noreferrer\">https:\/\/www.editoraunijui.com.br\/produto\/2257<\/a><\/strong>) e realizar o cadastro no site da Editora Uniju\u00ed.<\/p>\n<p style=\"text-align: justify;\">\n<p style=\"text-align: justify;\">Fonte: Tudor\u00e1dio<\/p>\n","protected":false},"excerpt":{"rendered":"<p>Nesta quarta-feira (22) foi lan\u00e7ado o E-book R\u00e1dio no Brasil&hellip;<\/p>\n<p> <a class=\"more-link\" href=\"https:\/\/sertsc.org.br\/site\/e-book-gratuito-sobre-os-100-anos-de-historia-do-radio-no-brasil-sera-lancado-nesta-semana\/\">Leia mais<\/a><\/p>\n","protected":false},"author":1,"featured_media":13062,"comment_status":"closed","ping_status":"open","sticky":false,"template":"","format":"standard","meta":{"footnotes":""},"categories":[3],"tags":[],"class_list":{"0":"post-13061","1":"post","2":"type-post","3":"status-publish","4":"format-standard","5":"has-post-thumbnail","7":"category-noticias"},"_links":{"self":[{"href":"https:\/\/sertsc.org.br\/site\/wp-json\/wp\/v2\/posts\/13061","targetHints":{"allow":["GET"]}}],"collection":[{"href":"https:\/\/sertsc.org.br\/site\/wp-json\/wp\/v2\/posts"}],"about":[{"href":"https:\/\/sertsc.org.br\/site\/wp-json\/wp\/v2\/types\/post"}],"author":[{"embeddable":true,"href":"https:\/\/sertsc.org.br\/site\/wp-json\/wp\/v2\/users\/1"}],"replies":[{"embeddable":true,"href":"https:\/\/sertsc.org.br\/site\/wp-json\/wp\/v2\/comments?post=13061"}],"version-history":[{"count":0,"href":"https:\/\/sertsc.org.br\/site\/wp-json\/wp\/v2\/posts\/13061\/revisions"}],"wp:featuredmedia":[{"embeddable":true,"href":"https:\/\/sertsc.org.br\/site\/wp-json\/"}],"wp:attachment":[{"href":"https:\/\/sertsc.org.br\/site\/wp-json\/wp\/v2\/media?parent=13061"}],"wp:term":[{"taxonomy":"category","embeddable":true,"href":"https:\/\/sertsc.org.br\/site\/wp-json\/wp\/v2\/categories?post=13061"},{"taxonomy":"post_tag","embeddable":true,"href":"https:\/\/sertsc.org.br\/site\/wp-json\/wp\/v2\/tags?post=13061"}],"curies":[{"name":"wp","href":"https:\/\/api.w.org\/{rel}","templated":true}]}}