{"id":13052,"date":"2020-07-23T09:25:09","date_gmt":"2020-07-23T12:25:09","guid":{"rendered":"http:\/\/www.sertsc.org.br\/site\/?p=13052"},"modified":"2020-07-23T09:25:09","modified_gmt":"2020-07-23T12:25:09","slug":"faria-promete-para-breve-decreto-da-lei-das-antenas","status":"publish","type":"post","link":"https:\/\/sertsc.org.br\/site\/faria-promete-para-breve-decreto-da-lei-das-antenas\/","title":{"rendered":"Faria promete para &#8220;breve&#8221; decreto da lei das antenas"},"content":{"rendered":"<p style=\"text-align: justify;\">Decreto do governo federal que finalmente ir\u00e1 regulamentar a\u00a0<a href=\"http:\/\/www.planalto.gov.br\/ccivil_03\/_ato2015-2018\/2015\/lei\/L13116.htm\">Lei Geral das Antenas<\/a>, de 2015, e facilitar o processo de instala\u00e7\u00e3o de antenas de redes m\u00f3veis no Brasil j\u00e1 se encontra em est\u00e1gio avan\u00e7ado de finaliza\u00e7\u00e3o e dever\u00e1 ser publicado \u201cem breve\u201d. Foi o que afirmou o ministro das Comunica\u00e7\u00f5es, F\u00e1bio Faria, durante videoconfer\u00eancia realizada ontem, 21, com representantes do SindiTelebrasil, o sindicato das operadoras de telecomunica\u00e7\u00f5es.<\/p>\n<p style=\"text-align: justify;\">Ao anunciar a edi\u00e7\u00e3o do decreto, o ministro n\u00e3o levou em conta a\u00a0<a href=\"http:\/\/www.telesintese.com.br\/stf-aprecia-em-agosto-acao-da-pgr-contra-direito-de-passagem\/\">a\u00e7\u00e3o direta de inconstitucionalidade ajuizada no dia 1\u00ba de julho pela PGR (Procuradoria-Geral da Rep\u00fablica)<\/a>\u00a0com pedido de liminar para sustentar o direito de passagem assegurada no artigo 12 da Lei das Antenas para facilitar a instala\u00e7\u00e3o de equipamentos de telecomunica\u00e7\u00f5es nas cidades e em rodovias.\u00a0<a href=\"http:\/\/www.telesintese.com.br\/acao-da-pgr-contra-direito-de-passagem-ameaca-elevar-custo-da-5g-diz-abrintel\/\">H\u00e1 apreens\u00e3o no mercado de que a a\u00e7\u00e3o atrase a publica\u00e7\u00e3o do decreto<\/a>. Consultado a respeito da a\u00e7\u00e3o, o Minicom n\u00e3o se manifestou at\u00e9 o fechamento desta not\u00edcia.<\/p>\n<p style=\"text-align: justify;\">A regulamenta\u00e7\u00e3o da Lei Geral das Antenas \u00e9 um pleito antigo do setor de telecomunica\u00e7\u00f5es e foi levada ao ministro F\u00e1bio Faria durante o encontro virtual, do qual participou o presidente da entidade, Marcos Ferrari. O documento passou por elabora\u00e7\u00e3o do MCTIC e foi discutido com outros minist\u00e9rios e com a Anatel.<\/p>\n<p style=\"text-align: justify;\">Segundo dados do SindiTelebrasil, o Brasil conta hoje com 100 mil antenas de telefonia e internet m\u00f3vel em opera\u00e7\u00e3o. A cada minuto, 33 novos chips de 4G s\u00e3o ativados no pa\u00eds. Ainda de acordo com o sindicato, em grandes metr\u00f3poles, existem mais de 4 mil pedidos de instala\u00e7\u00e3o de antenas apresentados pelas operadoras e aguardando licenciamento pelas prefeituras. A situa\u00e7\u00e3o mais grave ocorre\u00a0<a href=\"http:\/\/www.telesintese.com.br\/sem-nova-lei-das-antenas-rede-em-sao-paulo-tem-risco-de-colapso-diz-sinditelebrasil\/\">em S\u00e3o Paulo<\/a>.<\/p>\n<p style=\"text-align: justify;\">Durante a reuni\u00e3o, Faria refor\u00e7ou que o Minicom est\u00e1 a servi\u00e7o das necessidades das teles. \u201cMe coloco \u00e0 disposi\u00e7\u00e3o para buscarmos melhorias no setor e alinharmos nosso trabalho em prol dos brasileiros\u201d, disse aos participantes da reuni\u00e3o.<\/p>\n<p style=\"text-align: justify;\">Na reuni\u00e3o foi tratada tamb\u00e9m a chegada da telefonia m\u00f3vel de quinta gera\u00e7\u00e3o, a 5G. As operadoras j\u00e1 come\u00e7aram a implantar redes usando espectro legado, mas aguardam leil\u00e3o de mais frequ\u00eancias, que ser\u00e3o destinadas \u00e0 nova tecnologia. Em debate est\u00e1 a coexist\u00eancia de servi\u00e7os satelitais no espectro de banda C, sujeitos a interfer\u00eancias das novas redes m\u00f3veis.<\/p>\n<p style=\"text-align: justify;\">\n<p style=\"text-align: justify;\">Fonte: Teles\u00edntese<\/p>\n","protected":false},"excerpt":{"rendered":"<p>Decreto do governo federal que finalmente ir\u00e1 regulamentar a\u00a0Lei Geral&hellip;<\/p>\n<p> <a class=\"more-link\" href=\"https:\/\/sertsc.org.br\/site\/faria-promete-para-breve-decreto-da-lei-das-antenas\/\">Leia mais<\/a><\/p>\n","protected":false},"author":1,"featured_media":13053,"comment_status":"closed","ping_status":"open","sticky":false,"template":"","format":"standard","meta":{"footnotes":""},"categories":[3],"tags":[],"class_list":{"0":"post-13052","1":"post","2":"type-post","3":"status-publish","4":"format-standard","5":"has-post-thumbnail","7":"category-noticias"},"_links":{"self":[{"href":"https:\/\/sertsc.org.br\/site\/wp-json\/wp\/v2\/posts\/13052","targetHints":{"allow":["GET"]}}],"collection":[{"href":"https:\/\/sertsc.org.br\/site\/wp-json\/wp\/v2\/posts"}],"about":[{"href":"https:\/\/sertsc.org.br\/site\/wp-json\/wp\/v2\/types\/post"}],"author":[{"embeddable":true,"href":"https:\/\/sertsc.org.br\/site\/wp-json\/wp\/v2\/users\/1"}],"replies":[{"embeddable":true,"href":"https:\/\/sertsc.org.br\/site\/wp-json\/wp\/v2\/comments?post=13052"}],"version-history":[{"count":0,"href":"https:\/\/sertsc.org.br\/site\/wp-json\/wp\/v2\/posts\/13052\/revisions"}],"wp:featuredmedia":[{"embeddable":true,"href":"https:\/\/sertsc.org.br\/site\/wp-json\/"}],"wp:attachment":[{"href":"https:\/\/sertsc.org.br\/site\/wp-json\/wp\/v2\/media?parent=13052"}],"wp:term":[{"taxonomy":"category","embeddable":true,"href":"https:\/\/sertsc.org.br\/site\/wp-json\/wp\/v2\/categories?post=13052"},{"taxonomy":"post_tag","embeddable":true,"href":"https:\/\/sertsc.org.br\/site\/wp-json\/wp\/v2\/tags?post=13052"}],"curies":[{"name":"wp","href":"https:\/\/api.w.org\/{rel}","templated":true}]}}