{"id":13048,"date":"2020-07-23T09:21:11","date_gmt":"2020-07-23T12:21:11","guid":{"rendered":"http:\/\/www.sertsc.org.br\/site\/?p=13048"},"modified":"2020-07-23T09:21:11","modified_gmt":"2020-07-23T12:21:11","slug":"ouvintes-preferem-equilibrio-entre-o-conteudo-original-da-radio-e-informacoes-sobre-o-novo-coronavirus","status":"publish","type":"post","link":"https:\/\/sertsc.org.br\/site\/ouvintes-preferem-equilibrio-entre-o-conteudo-original-da-radio-e-informacoes-sobre-o-novo-coronavirus\/","title":{"rendered":"Ouvintes preferem equil\u00edbrio entre o conte\u00fado original da r\u00e1dio e informa\u00e7\u00f5es sobre o novo coronav\u00edrus"},"content":{"rendered":"<p style=\"text-align: justify;\">\u00c9 natural que a audi\u00eancia de r\u00e1dio procure mais informa\u00e7\u00f5es sobre a pandemia do novo coronav\u00edrus, afinal, a rotina de toda a sociedade foi afetada desde o in\u00edcio da crise. Pensando nisso, \u00e9 melhor ampliar a presta\u00e7\u00e3o de servi\u00e7o sobre a covid-19 nas emissoras de r\u00e1dio ou \u00e9 necess\u00e1rio manter a grade normal das esta\u00e7\u00f5es? O\u00a0tudoradio.com\u00a0questionou a audi\u00eancia do portal sobre o tema atrav\u00e9s de uma enquete, onde a maioria dos participantes afirmaram que desejam um equil\u00edbrio entre o conte\u00fado original das r\u00e1dios e as informa\u00e7\u00f5es sobre a pandemia.<\/p>\n<p style=\"text-align: justify;\">A grande maioria dos participantes n\u00e3o deseja mudan\u00e7as em suas r\u00e1dios preferidas, querendo assim manter os h\u00e1bitos de escutas que j\u00e1 eram caracter\u00edsticos da audi\u00eancia antes da pandemia. Se for pra alterar algo, que seja com presta\u00e7\u00e3o de servi\u00e7o pontual sobre a pandemia. Ou seja, 93% dos participantes da enquete ainda querem consumir os conte\u00fados originais de suas emissoras preferidas.<\/p>\n<p style=\"text-align: justify;\">Desses 93%, 67% responderam que as emissoras devem oferecer informa\u00e7\u00f5es sobre a pandemia do novo coronav\u00edrus, mas em equil\u00edbrio com a grade original da esta\u00e7\u00e3o. E 26% n\u00e3o querem mexidas nas r\u00e1dios, afirmando que a covid-19 n\u00e3o deve influenciar na composi\u00e7\u00e3o da programa\u00e7\u00e3o.<\/p>\n<p style=\"text-align: justify;\">J\u00e1 7% dos participantes da enquete afirmaram que as emissoras devem ampliar a informa\u00e7\u00e3o jornal\u00edstica sobre os assuntos <strong>relacionados<\/strong> ao coronav\u00edrus.<\/p>\n<p style=\"text-align: justify;\"><img fetchpriority=\"high\" decoding=\"async\" class=\"aligncenter size-full wp-image-13049\" src=\"http:\/\/www.sertsc.org.br\/site\/wp-content\/uploads\/2020\/07\/5f1928d52aab0.png\" alt=\"5f1928d52aab0\" width=\"500\" height=\"274\" \/><\/p>\n<p><strong>An\u00e1lise: resultado bate com pesquisas realizadas no Brasil e em outros pa\u00edses<\/strong><\/p>\n<p style=\"text-align: justify;\">Nos \u00faltimos meses, o\u00a0tudoradio.com\u00a0deu destaque para algumas pesquisas que mostravam o comportamento da audi\u00eancia de r\u00e1dio durante a pandemia em rela\u00e7\u00e3o ao conte\u00fado das esta\u00e7\u00f5es. No Brasil, a\u00a0<strong><a href=\"https:\/\/tudoradio.com\/noticias\/ver\/23316-o-radio-hoje-consumo-de-radio-no-brasil-avanca-no-offline-e-no-digital-grande-variacao-de-conteudo-beneficia-procura-pelo-meio\">m\u00fasica continuou sendo um atrativo fundamental para a audi\u00eancia<\/a><\/strong>, assim como outros conte\u00fados de entretenimento.<\/p>\n<p style=\"text-align: justify;\">\u00c9 natural que a busca por not\u00edcias fosse ampliada no come\u00e7o da pandemia, sendo dilu\u00edda ao longo dos meses seguintes. Tanto que as r\u00e1dios de conte\u00fado jornal\u00edstico avan\u00e7aram em audi\u00eancia nos principais mercados brasileiros. Mas as r\u00e1dios musicais tamb\u00e9m avan\u00e7aram, principalmente a partir de abril, conforme a pandemia evoluir no cotidiano da sociedade.<\/p>\n<p style=\"text-align: justify;\">O entretenimento e a m\u00fasica s\u00e3o importantes para o equil\u00edbrio no comportamento dos ouvintes, ainda mais em um per\u00edodo de dificuldades devido \u00e0 covid-19. E a\u00a0<strong><a href=\"https:\/\/tudoradio.com\/noticias\/ver\/23316-o-radio-hoje-consumo-de-radio-no-brasil-avanca-no-offline-e-no-digital-grande-variacao-de-conteudo-beneficia-procura-pelo-meio\">grande variedade de formatos de programa\u00e7\u00e3o oferecida pelo dial tem auxiliado o r\u00e1dio<\/a><\/strong>\u00a0durante esse per\u00edodo.<\/p>\n<p style=\"text-align: justify;\">E a presta\u00e7\u00e3o de servi\u00e7o pode ser traduzida de v\u00e1rias formas: desde uma programa\u00e7\u00e3o musical que faz companhia \u00e0 audi\u00eancia, como tamb\u00e9m informa\u00e7\u00f5es sobre o cotidiano local: presta\u00e7\u00e3o de servi\u00e7o, aux\u00edlio \u00e0 popula\u00e7\u00e3o e comerciantes locais durante a crise, promo\u00e7\u00f5es, entre outros pontos.<\/p>\n<p style=\"text-align: justify;\">O mesmo acontece l\u00e1 fora: nos Estados Unidos, os\u00a0<strong><a href=\"https:\/\/tudoradio.com\/noticias\/ver\/23345-o-radio-hoje-pesquisa-aponta-que-ouvintes-desejam-das-radios-um-equilibrio-entre-informacoes-da-covid-19-e-seus-conteudos-originais\">ouvintes permaneceram fi\u00e9is \u00e0s suas esta\u00e7\u00f5es preferidas<\/a><\/strong>\u00a0durante a pandemia, mas tamb\u00e9m houve um aumento no consumo de not\u00edcias sobre o novo coronav\u00edrus e suas consequ\u00eancias.<\/p>\n<p style=\"text-align: justify;\">E, j\u00e1 a partir de maio, a\u00a0<strong><a href=\"https:\/\/tudoradio.com\/noticias\/ver\/23625-tendencias-coronavirus-apos-queda-formatos-musicais-comecam-a-recuperar-a-audiencia-perdida-no-inicio-da-pandemia\">audi\u00eancia de r\u00e1dio passou a ficar mais equilibrada entre os diferentes formatos<\/a><\/strong>\u00a0de programa\u00e7\u00e3o.<\/p>\n<p style=\"text-align: justify;\"><strong>A enquete<\/strong><\/p>\n<p style=\"text-align: justify;\">O\u00a0tudoradio.com\u00a0fez a seguinte pergunta para a audi\u00eancia: &#8220;O que a sua r\u00e1dio preferida deve fazer na programa\u00e7\u00e3o durante a pandemia da covid-19?&#8221;.<\/p>\n<p style=\"text-align: justify;\">Vale ressaltar que a enquete n\u00e3o conta com processo cient\u00edfico de avalia\u00e7\u00e3o, sendo apenas uma forma de saber como foi o comportamento dos visitantes do portal perante o tema proposto.<\/p>\n<p style=\"text-align: justify;\">A enquete esteve em vig\u00eancia entre a segunda quinzena de abril e a segunda quinzena de julho. E o n\u00famero total de votos foi de 461.<\/p>\n<p style=\"text-align: justify;\"><strong>A pr\u00f3xima enquete: viol\u00eancia contra profissionais e ve\u00edculos de comunica\u00e7\u00e3o\u00a0<\/strong><\/p>\n<p style=\"text-align: justify;\">Realizar coberturas jornal\u00edsticas tem sido um desafio no Brasil e em outros pa\u00edses nesses \u00faltimos anos. Profissionais t\u00eam convivido com forte hostilidade em diferentes situa\u00e7\u00f5es. Com base nesse preocupante cen\u00e1rio, o\u00a0tudoradio.com\u00a0pergunta para a sua audi\u00eancia se &#8220;<strong><a href=\"https:\/\/tudoradio.com\/enquetes\">as declara\u00e7\u00f5es de uma autoridade ou pessoa p\u00fablica podem incentivar a viol\u00eancia contra meios e profissionais de comunica\u00e7\u00e3o?<\/a><\/strong>&#8220;.<\/p>\n<p style=\"text-align: justify;\">Para participar basta acessar\u00a0<strong><a href=\"https:\/\/tudoradio.com\/enquetes\">tudoradio.com\/enquetes<\/a><\/strong>\u00a0ou responder no menu do portal, localizado na lateral esquerda para quem acessa via desktop e tablets.<\/p>\n<p style=\"text-align: justify;\">Fonte: Tudor\u00e1dio<\/p>\n","protected":false},"excerpt":{"rendered":"<p>\u00c9 natural que a audi\u00eancia de r\u00e1dio procure mais informa\u00e7\u00f5es&hellip;<\/p>\n<p> <a class=\"more-link\" href=\"https:\/\/sertsc.org.br\/site\/ouvintes-preferem-equilibrio-entre-o-conteudo-original-da-radio-e-informacoes-sobre-o-novo-coronavirus\/\">Leia mais<\/a><\/p>\n","protected":false},"author":1,"featured_media":13050,"comment_status":"closed","ping_status":"open","sticky":false,"template":"","format":"standard","meta":{"footnotes":""},"categories":[3],"tags":[],"class_list":{"0":"post-13048","1":"post","2":"type-post","3":"status-publish","4":"format-standard","5":"has-post-thumbnail","7":"category-noticias"},"_links":{"self":[{"href":"https:\/\/sertsc.org.br\/site\/wp-json\/wp\/v2\/posts\/13048","targetHints":{"allow":["GET"]}}],"collection":[{"href":"https:\/\/sertsc.org.br\/site\/wp-json\/wp\/v2\/posts"}],"about":[{"href":"https:\/\/sertsc.org.br\/site\/wp-json\/wp\/v2\/types\/post"}],"author":[{"embeddable":true,"href":"https:\/\/sertsc.org.br\/site\/wp-json\/wp\/v2\/users\/1"}],"replies":[{"embeddable":true,"href":"https:\/\/sertsc.org.br\/site\/wp-json\/wp\/v2\/comments?post=13048"}],"version-history":[{"count":0,"href":"https:\/\/sertsc.org.br\/site\/wp-json\/wp\/v2\/posts\/13048\/revisions"}],"wp:featuredmedia":[{"embeddable":true,"href":"https:\/\/sertsc.org.br\/site\/wp-json\/"}],"wp:attachment":[{"href":"https:\/\/sertsc.org.br\/site\/wp-json\/wp\/v2\/media?parent=13048"}],"wp:term":[{"taxonomy":"category","embeddable":true,"href":"https:\/\/sertsc.org.br\/site\/wp-json\/wp\/v2\/categories?post=13048"},{"taxonomy":"post_tag","embeddable":true,"href":"https:\/\/sertsc.org.br\/site\/wp-json\/wp\/v2\/tags?post=13048"}],"curies":[{"name":"wp","href":"https:\/\/api.w.org\/{rel}","templated":true}]}}