{"id":13014,"date":"2020-07-20T08:57:45","date_gmt":"2020-07-20T11:57:45","guid":{"rendered":"http:\/\/www.sertsc.org.br\/site\/?p=13014"},"modified":"2020-07-20T08:57:45","modified_gmt":"2020-07-20T11:57:45","slug":"dois-ultimos-dias-do-evento-debatem-o-associativismo-e-fidelizacao-de-ouvintes-e-novos-negocios","status":"publish","type":"post","link":"https:\/\/sertsc.org.br\/site\/dois-ultimos-dias-do-evento-debatem-o-associativismo-e-fidelizacao-de-ouvintes-e-novos-negocios\/","title":{"rendered":"Dois \u00faltimos dias do evento debatem o associativismo e fideliza\u00e7\u00e3o de ouvintes e novos neg\u00f3cios"},"content":{"rendered":"<p style=\"text-align: justify;\">A s\u00e9rie de webin\u00e1rios em comemora\u00e7\u00e3o aos 45 anos da Associa\u00e7\u00e3o das Emissoras de Radiodifus\u00e3o do Paran\u00e1 (AERP) foi encerrada na sexta-feira (17). O portal\u00a0<strong>tudoradio.com<\/strong>, que est\u00e1 apoiando o evento, publicou resumos sobre os diversos assuntos tratados durante a semana. Na quinta-feira (16), o diretor geral do Grupo Maring\u00e1 de Comunica\u00e7\u00e3o, atual diretor institucional e ex-presidente da Aerp, Alexandre Barros e o diretor-geral da Abert, Cristiano Flores, debateram sobre o atual momento da radiodifus\u00e3o, participa\u00e7\u00e3o, solidariedade, uni\u00e3o e coopera\u00e7\u00e3o por objetivos comuns. Na sexta-feira (17), o vice-presidente da Aerp e diretor geral do Grupo Verde Vale de Comunica\u00e7\u00e3o, Caique Agustini e a head de planejamento de campanhas e branded contente do Grupo Jovem Pan, Julia Teixiera, falaram sobre a fideliza\u00e7\u00e3o de ouvintes e novos neg\u00f3cios na radiodifus\u00e3o.<\/p>\n<p style=\"text-align: justify;\">No painel de quinta-feira, o diretor-geral da ABERT, Cristiano Flores, disse que acredita que o associativismo tem grandes virtudes. &#8220;Quando voc\u00ea tem um setor regulado o associativismo se torna mais necess\u00e1rio ainda no avan\u00e7o de conquistas, sobretudo no que diz respeito \u00e0 inova\u00e7\u00e3o tecnol\u00f3gica e desburocratiza\u00e7\u00e3o do setor&#8221;.<\/p>\n<p style=\"text-align: justify;\">Flores tamb\u00e9m destacou a consolida\u00e7\u00e3o do poder associativo do setor. &#8220;Precisamos fortalecer as associa\u00e7\u00f5es estaduais para termos a realidade brasileira muito bem representada. Vamos lan\u00e7ar em breve um projeto piloto com orienta\u00e7\u00f5es para que as associa\u00e7\u00f5es consigam ter sua manuten\u00e7\u00e3o financeira e organizacional para alcan\u00e7armos o fortalecimento das bases&#8221;.<\/p>\n<p style=\"text-align: justify;\">J\u00e1 o diretor geral do Grupo Maring\u00e1 de Comunica\u00e7\u00e3o, atual diretor institucional e ex-presidente da Aerp, Alexandre Barros, ressaltou que uni\u00e3o e consenso s\u00e3o as palavras que representam o associativismo. &#8220;As associa\u00e7\u00f5es nacionais devem apoiar o trabalho da Abert. Temos um exemplo muito significativo, que ocorreu na gest\u00e3o do Cezar Telles, quando conquistamos com o ministro Paulo Bernardo, em um trabalho integrado da Abert e da Aerp, a possibilidade das emissoras de r\u00e1dio do simples serem remuneradas pelo hor\u00e1rio eleitoral gratuito. Isso beneficiou o Brasil todo&#8221;, frisou Barros.<\/p>\n<p style=\"text-align: justify;\">Ele tamb\u00e9m foi enf\u00e1tico ao ressaltar que a uni\u00e3o e o estabelecimento de metas claras poder\u00e3o tornar o meio mais reativo. &#8220;\u00c9 preciso que o setor sente para conversar, no Brasil todo. N\u00e3o podemos mais ser reativos, precisamos ser estrat\u00e9gicos. Estamos sendo muito superficiais nos debates. Se nos unirmos em um objetivo comum a vit\u00f3ria \u00e9 certa&#8221;.<\/p>\n<p><iframe title=\"Webinar Aerp 45 Anos #04\" width=\"800\" height=\"450\" src=\"https:\/\/www.youtube.com\/embed\/xg2QdZPoOnw?feature=oembed\" frameborder=\"0\" allow=\"accelerometer; autoplay; clipboard-write; encrypted-media; gyroscope; picture-in-picture; web-share\" referrerpolicy=\"strict-origin-when-cross-origin\" allowfullscreen><\/iframe><\/p>\n<p style=\"text-align: justify;\"><small>Webinar AERP 45 anos &#8211; Dia 16\/07: A uni\u00e3o como meio de desenvolvimento das emissoras &#8211; assista acima!<\/small><\/p>\n<p style=\"text-align: justify;\"><strong>Webinar de sexta-feira teve como tema &#8220;Novos neg\u00f3cios: o r\u00e1dio muito al\u00e9m do dial&#8221;<\/strong><\/p>\n<p style=\"text-align: justify;\">O \u00faltimo dia da s\u00e9rie especial em comemora\u00e7\u00e3o aos 45 anos da AERP contou com a participa\u00e7\u00e3o do vice-presidente da Aerp e diretor geral do Grupo Verde Vale de Comunica\u00e7\u00e3o, Caique Agustini e a da head de planejamento de campanhas e branded contente do Grupo Jovem Pan, Julia Teixiera. Os participantes falaram sobre o atual desafio das emissoras, em buscar alternativas para fidelizar uma audi\u00eancia que est\u00e1 cada vez mais segmentada entre as in\u00fameras plataformas de distribui\u00e7\u00e3o.<\/p>\n<p style=\"text-align: justify;\">A head do Grupo Jovem Pan ressaltou a import\u00e2ncia da adequa\u00e7\u00e3o do conte\u00fado nos diferentes canais. &#8220;Procuramos expandir as a\u00e7\u00f5es em busca do melhor resultado para o anunciante. Cada canal dentro da Jovem Pan tem uma equipe bem formada para uma entrega completa. Estamos aprendendo na velocidade de mudan\u00e7a do consumidor&#8221;, comentou Julia Teixeira.<\/p>\n<p style=\"text-align: justify;\">Para Agustini, a criatividade e a unidade da equipe s\u00e3o fatores importantes para que o meio tenha um crescimento mais r\u00e1pido. &#8220;\u00c9 muito importante que o r\u00e1dio passe a ser complementar nas equipes, que precisam de muito mais criatividade e integra\u00e7\u00e3o com tudo o que existe de novidade na \u00e1rea tecnol\u00f3gica, al\u00e9m do contato com pessoas diferentes. O radiodifusor precisa aceitar melhor a permeabilidade das pessoas e da sociedade. Isso vai fazer com que o meio consiga crescer mais r\u00e1pido e acompanhar as mudan\u00e7as que o mundo vem passando&#8221;, frisou o vice-presidente da AERP.<\/p>\n<p><iframe title=\"Webinar Aerp 45 Anos #05\" width=\"800\" height=\"450\" src=\"https:\/\/www.youtube.com\/embed\/onninGXpxn0?feature=oembed\" frameborder=\"0\" allow=\"accelerometer; autoplay; clipboard-write; encrypted-media; gyroscope; picture-in-picture; web-share\" referrerpolicy=\"strict-origin-when-cross-origin\" allowfullscreen><\/iframe><\/p>\n<p style=\"text-align: justify;\"><small>Webinar AERP 45 anos &#8211; Dia 17\/07: Novos neg\u00f3cios: o r\u00e1dio muito al\u00e9m do dial &#8211; assista acima!<\/small><\/p>\n<p style=\"text-align: justify;\">Os ex-presidentes Leonardo Petrelli e M\u00e1rcio Villela fizeram um r\u00e1pido balan\u00e7o de suas experi\u00eancias na entidade, neste \u00faltimo dia de webin\u00e1rio em comemora\u00e7\u00e3o aos 45 anos da Aerp. Petrelli se lembrou da aquisi\u00e7\u00e3o do primeiro im\u00f3vel da Aerp. &#8220;Com a nossa nova sede pudemos ter espa\u00e7o de reuni\u00f5es permanentes, para acolher o radiodifusor e proporcionar ainda mais integra\u00e7\u00e3o e apoio a todos&#8221;, comentou.<\/p>\n<p style=\"text-align: justify;\">Villela falou dos importantes projetos iniciados em sua gest\u00e3o e do foco na colaboratividade. &#8220;Destaco as viagens que realizei por todo o estado do Paran\u00e1, visitando as emissoras, conhecendo o seu mercado e sua realidade. Assim, podendo n\u00e3o somente executar uma gest\u00e3o colaborativa, como tamb\u00e9m alinhada com as necessidades de cada associado&#8221;, finalizou Villela.<\/p>\n<p style=\"text-align: justify;\">As apresenta\u00e7\u00f5es das lives s\u00e3o feitas por Fernando Morgado que \u00e9 coordenador-adjunto do N\u00facleo de Estudos de R\u00e1dio da UFRGS, professor da FACHA, escritor e consultor; juntamente com Daniel Starck, diretor geral do\u00a0<strong>tudoradio.com<\/strong>; e Cristiano Stuani, gestor art\u00edstico da Massa FM Curitiba, Londrina e Maring\u00e1.<\/p>\n<p style=\"text-align: justify;\">Fonte: Tudor\u00e1dio<\/p>\n<p>&nbsp;<\/p>\n","protected":false},"excerpt":{"rendered":"<p>A s\u00e9rie de webin\u00e1rios em comemora\u00e7\u00e3o aos 45 anos da&hellip;<\/p>\n<p> <a class=\"more-link\" href=\"https:\/\/sertsc.org.br\/site\/dois-ultimos-dias-do-evento-debatem-o-associativismo-e-fidelizacao-de-ouvintes-e-novos-negocios\/\">Leia mais<\/a><\/p>\n","protected":false},"author":1,"featured_media":13015,"comment_status":"closed","ping_status":"open","sticky":false,"template":"","format":"standard","meta":{"footnotes":""},"categories":[3],"tags":[],"class_list":{"0":"post-13014","1":"post","2":"type-post","3":"status-publish","4":"format-standard","5":"has-post-thumbnail","7":"category-noticias"},"_links":{"self":[{"href":"https:\/\/sertsc.org.br\/site\/wp-json\/wp\/v2\/posts\/13014","targetHints":{"allow":["GET"]}}],"collection":[{"href":"https:\/\/sertsc.org.br\/site\/wp-json\/wp\/v2\/posts"}],"about":[{"href":"https:\/\/sertsc.org.br\/site\/wp-json\/wp\/v2\/types\/post"}],"author":[{"embeddable":true,"href":"https:\/\/sertsc.org.br\/site\/wp-json\/wp\/v2\/users\/1"}],"replies":[{"embeddable":true,"href":"https:\/\/sertsc.org.br\/site\/wp-json\/wp\/v2\/comments?post=13014"}],"version-history":[{"count":0,"href":"https:\/\/sertsc.org.br\/site\/wp-json\/wp\/v2\/posts\/13014\/revisions"}],"wp:featuredmedia":[{"embeddable":true,"href":"https:\/\/sertsc.org.br\/site\/wp-json\/"}],"wp:attachment":[{"href":"https:\/\/sertsc.org.br\/site\/wp-json\/wp\/v2\/media?parent=13014"}],"wp:term":[{"taxonomy":"category","embeddable":true,"href":"https:\/\/sertsc.org.br\/site\/wp-json\/wp\/v2\/categories?post=13014"},{"taxonomy":"post_tag","embeddable":true,"href":"https:\/\/sertsc.org.br\/site\/wp-json\/wp\/v2\/tags?post=13014"}],"curies":[{"name":"wp","href":"https:\/\/api.w.org\/{rel}","templated":true}]}}