{"id":12982,"date":"2020-07-16T15:52:07","date_gmt":"2020-07-16T18:52:07","guid":{"rendered":"http:\/\/www.sertsc.org.br\/site\/?p=12982"},"modified":"2020-07-16T15:52:07","modified_gmt":"2020-07-16T18:52:07","slug":"terceiro-dia-da-webinar-tem-debate-sobre-o-investimento-publicitario-no-novo-normal","status":"publish","type":"post","link":"https:\/\/sertsc.org.br\/site\/terceiro-dia-da-webinar-tem-debate-sobre-o-investimento-publicitario-no-novo-normal\/","title":{"rendered":"Terceiro dia da webinar tem debate sobre o investimento publicit\u00e1rio no novo normal"},"content":{"rendered":"<p style=\"text-align: justify;\">A s\u00e9rie de webin\u00e1rios em comemora\u00e7\u00e3o aos 45 anos da Associa\u00e7\u00e3o das Emissoras de Radiodifus\u00e3o do Paran\u00e1 (AERP) continua at\u00e9 na sexta-feira (17). O portal tudoradio.com, que est\u00e1 apoiando o evento, publicou no in\u00edcio da tarde as informa\u00e7\u00f5es sobre os dois primeiros dias do evento. O terceiro dia, realizado nesta quarta-feira (15), contou com a participa\u00e7\u00e3o de Ac\u00e1cio Lu\u00eds Costa, diretor comercial e mercado da Rede Mix FM (liderada pela R\u00e1dio Mix FM 106.3 de S\u00e3o Paulo) e Vitor Brasil, diretor comercial da Transcontinental FM 104.7 de Mogi das Cruzes, cidade da Grande S\u00e3o Paulo. Os convidados debateram sobre o investimento publicit\u00e1rio no novo normal.<\/p>\n<p style=\"text-align: justify;\">Ac\u00e1cio Lu\u00eds Costa come\u00e7ou a live abordando a pol\u00edtica de descontos que as emissoras est\u00e3o adotando com rela\u00e7\u00e3o aos seus clientes. De acordo com o diretor da Rede Mix, essa iniciativa \u00e9 um exemplo do que n\u00e3o deve ser feito, ainda mais na pandemia. Costa ressaltou que a medida \u00e9 uma escolha que n\u00e3o tem volta. &#8220;Depois que o desconto \u00e9 dado para o cliente, o empres\u00e1rio n\u00e3o consegue voltar ao pre\u00e7o anterior. N\u00f3s na Mix passamos a recompor os patroc\u00ednios de grandes eventos que foram adiados. \u00c9 importante ser solid\u00e1rio e parceiro do anunciante, al\u00e9m de analisar caso a caso&#8221;, afirmou Ac\u00e1cio.<\/p>\n<p style=\"text-align: justify;\">Vitor Brasil complementou a quest\u00e3o ressaltando que a melhor estrat\u00e9gia foi se aproximar dos clientes. &#8220;N\u00f3s, na emissora, n\u00e3o optamos pelo desconto. Decidimos conversar com os clientes e propor uma reaplica\u00e7\u00e3o de m\u00eddia em decorr\u00eancia da pandemia. Essa escolha tem sido bem aceita pelo mercado&#8221;, frisou o radiodifusor.<\/p>\n<p style=\"text-align: justify;\">Brasil tamb\u00e9m afirmou que os radiodifusores devem criar novas a\u00e7\u00f5es no r\u00e1dio para gerar receita. &#8220;O momento \u00e9 de se pensar em outra estrat\u00e9gia para garantir que voc\u00ea gere uma receita nova, porque nada do que voc\u00ea fez no \u00faltimo m\u00eas, vai servir agora para este m\u00eas&#8221;, enfatizou.<\/p>\n<p>&nbsp;<\/p>\n<p><iframe title=\"Webinar Aerp 45 Anos #03\" width=\"800\" height=\"450\" src=\"https:\/\/www.youtube.com\/embed\/TgltSUDLHTE?feature=oembed\" frameborder=\"0\" allow=\"accelerometer; autoplay; clipboard-write; encrypted-media; gyroscope; picture-in-picture; web-share\" referrerpolicy=\"strict-origin-when-cross-origin\" allowfullscreen><\/iframe><\/p>\n<p style=\"text-align: justify;\"><small>Webinar AERP 45 anos &#8211; Dia 15\/07: O investimento publicit\u00e1rio no novo normal &#8211; assista acima!<\/small><\/p>\n<div class=\"pp-box-adunit pp-ad-loading pp-type-intext\">\n<p style=\"text-align: justify;\"><strong>45 anos da AERP<\/strong><\/p>\n<p style=\"text-align: justify;\">Ainda durante a live, os apresentadores chamaram um v\u00eddeo com os ex-presidentes Il\u00eddio Coelho Sobrinho e Cezar Telles, que contaram um pouco de suas experi\u00eancias, neste terceiro dia de webin\u00e1rio em comemora\u00e7\u00e3o aos 45 anos da Aerp. A rela\u00e7\u00e3o de amizade com os radiodifusores e a constru\u00e7\u00e3o e moderniza\u00e7\u00e3o da sede da entidade foram destacas por Il\u00eddio. &#8220;O que mais me entusiasmou durante minha passagem como presidente da Aerp foi a amizade s\u00f3lida e significativa que constru\u00ed junto aos radiodifusores do paran\u00e1. A constru\u00e7\u00e3o e moderniza\u00e7\u00e3o da sede da entidade, sem sombra de d\u00favida, foi uma grande obra, pois nenhuma entidade estadual tem a estrutura e as instala\u00e7\u00f5es que n\u00f3s temos em Curitiba&#8221;, comentou.<\/p>\n<p style=\"text-align: justify;\">Cezar Telles, que hoje \u00e9 presidente do SERT-PR, parabenizou a Aerp, o atual presidente da entidade, Michel Micheleto, os colaboradores e deixou uma mensagem de otimismo. &#8220;J\u00e1 se passaram 45 anos, parece que foi ontem que tudo come\u00e7ou. Meus parab\u00e9ns ao Michel Micheleto por todo esfor\u00e7o e empenho com que tem levado a entidade, em plena pandemia. Meu reconhecimento tamb\u00e9m aos colaboradores, por toda a dedica\u00e7\u00e3o e esfor\u00e7o que t\u00eam segurado a Aerp em p\u00e9 nesta \u00e9poca. Tudo vai passar, melhorar, resolver, logo estaremos comemorando juntos&#8221;.<\/p>\n<p style=\"text-align: justify;\">As apresenta\u00e7\u00f5es das lives s\u00e3o feitas por Fernando Morgado que \u00e9 coordenador-adjunto do N\u00facleo de Estudos de R\u00e1dio da UFRGS, professor da FACHA, escritor e consultor; juntamente com Daniel Starck, diretor geral do\u00a0<strong>tudoradio.com<\/strong>; e Cristiano Stuani, gestor art\u00edstico da Massa FM Curitiba, Londrina e Maring\u00e1.<\/p>\n<p style=\"text-align: justify;\">Fonte: Tudor\u00e1dio<\/p>\n<\/div>\n","protected":false},"excerpt":{"rendered":"<p>A s\u00e9rie de webin\u00e1rios em comemora\u00e7\u00e3o aos 45 anos da&hellip;<\/p>\n<p> <a class=\"more-link\" href=\"https:\/\/sertsc.org.br\/site\/terceiro-dia-da-webinar-tem-debate-sobre-o-investimento-publicitario-no-novo-normal\/\">Leia mais<\/a><\/p>\n","protected":false},"author":1,"featured_media":12983,"comment_status":"closed","ping_status":"open","sticky":false,"template":"","format":"standard","meta":{"footnotes":""},"categories":[3],"tags":[],"class_list":{"0":"post-12982","1":"post","2":"type-post","3":"status-publish","4":"format-standard","5":"has-post-thumbnail","7":"category-noticias"},"_links":{"self":[{"href":"https:\/\/sertsc.org.br\/site\/wp-json\/wp\/v2\/posts\/12982","targetHints":{"allow":["GET"]}}],"collection":[{"href":"https:\/\/sertsc.org.br\/site\/wp-json\/wp\/v2\/posts"}],"about":[{"href":"https:\/\/sertsc.org.br\/site\/wp-json\/wp\/v2\/types\/post"}],"author":[{"embeddable":true,"href":"https:\/\/sertsc.org.br\/site\/wp-json\/wp\/v2\/users\/1"}],"replies":[{"embeddable":true,"href":"https:\/\/sertsc.org.br\/site\/wp-json\/wp\/v2\/comments?post=12982"}],"version-history":[{"count":0,"href":"https:\/\/sertsc.org.br\/site\/wp-json\/wp\/v2\/posts\/12982\/revisions"}],"wp:featuredmedia":[{"embeddable":true,"href":"https:\/\/sertsc.org.br\/site\/wp-json\/"}],"wp:attachment":[{"href":"https:\/\/sertsc.org.br\/site\/wp-json\/wp\/v2\/media?parent=12982"}],"wp:term":[{"taxonomy":"category","embeddable":true,"href":"https:\/\/sertsc.org.br\/site\/wp-json\/wp\/v2\/categories?post=12982"},{"taxonomy":"post_tag","embeddable":true,"href":"https:\/\/sertsc.org.br\/site\/wp-json\/wp\/v2\/tags?post=12982"}],"curies":[{"name":"wp","href":"https:\/\/api.w.org\/{rel}","templated":true}]}}