{"id":12978,"date":"2020-07-16T13:56:58","date_gmt":"2020-07-16T16:56:58","guid":{"rendered":"http:\/\/www.sertsc.org.br\/site\/?p=12978"},"modified":"2020-07-16T13:56:58","modified_gmt":"2020-07-16T16:56:58","slug":"webinarios-comemorativos-pelos-45-anos-da-aerp-abordam-temas-relativos-radiodifusao","status":"publish","type":"post","link":"https:\/\/sertsc.org.br\/site\/webinarios-comemorativos-pelos-45-anos-da-aerp-abordam-temas-relativos-radiodifusao\/","title":{"rendered":"Webin\u00e1rios comemorativos pelos 45 anos da AERP abordam temas relativos \u00e0 radiodifus\u00e3o"},"content":{"rendered":"<p style=\"text-align: justify;\">A s\u00e9rie de webin\u00e1rios em comemora\u00e7\u00e3o aos 45 anos da Associa\u00e7\u00e3o das Emissoras de Radiodifus\u00e3o do Paran\u00e1 (AERP) segue durante toda a semana. As lives s\u00e3o transmitidas ao vivo das 11h \u00e0s 12h30 pelas redes sociais da associa\u00e7\u00e3o e pelo portal\u00a0<strong>tudoradio.com<\/strong>, apoiador do evento. Nas primeiras lives que foram transmitidas, os profissionais convidados destacaram diversos assuntos relativos \u00e0 radiodifus\u00e3o. A apresenta\u00e7\u00e3o das lives \u00e9 feita por Fernando Morgado que \u00e9 coordenador-adjunto do N\u00facleo de Estudos de R\u00e1dio da UFRGS, professor da FACHA, escritor e consultor; juntamente com Daniel Starck, diretor geral do\u00a0<strong>tudoradio.com<\/strong>; e Cristiano Stuani, gestor art\u00edstico da Massa FM Curitiba, Londrina e Maring\u00e1.<\/p>\n<p style=\"text-align: justify;\">A estreia do webin\u00e1rio ocorreu na segunda-feira (13). Na abertura do evento, o presidente da AERP, Michel Micheleto, destacou que esse ano \u00e9 especial para o meio R\u00e1dio, momento em que ele refor\u00e7a sua credibilidade e companheirismo, e para a entidade no acolhimento do radiodifusor. &#8220;N\u00f3s temos como miss\u00e3o na Aerp ser a principal refer\u00eancia para a radiodifus\u00e3o, atuando como parceira do radiodifusor no enfrentamento dos seus desafios di\u00e1rios, principalmente neste momento delicado que estamos vivendo&#8221;, ressaltou.<\/p>\n<p><iframe title=\"Webinar Aerp 45 Anos #01\" width=\"800\" height=\"450\" src=\"https:\/\/www.youtube.com\/embed\/bBBccfSiBxA?feature=oembed\" frameborder=\"0\" allow=\"accelerometer; autoplay; clipboard-write; encrypted-media; gyroscope; picture-in-picture; web-share\" referrerpolicy=\"strict-origin-when-cross-origin\" allowfullscreen><\/iframe><\/p>\n<p style=\"text-align: justify;\"><small>Webinar AERP 45 anos &#8211; Dia 13\/07: Cria\u00e7\u00e3o e desenvolvimento de conte\u00fados de alta performance &#8211; assista acima!<\/small><\/p>\n<p style=\"text-align: justify;\">O primeiro dia do webin\u00e1rio contou com a participa\u00e7\u00e3o de Luiz Benite, diretor executivo da Rede Massa FM e Jonas Vilandez, gerente de neg\u00f3cios musicais do Sistema Globo de R\u00e1dio. O tema foi &#8220;Cria\u00e7\u00e3o e desenvolvimento de conte\u00fados de alta performance&#8221;. Para Jonas Vilandez, o r\u00e1dio precisa encontrar o ponto de sinergia entre o digital e o \u00e1udio. &#8220;Nosso neg\u00f3cio \u00e9 o \u00e1udio. O digital est\u00e1 para nos ajudar a entregar a melhor experi\u00eancia para o nosso ouvinte&#8221;, explicou.<\/p>\n<p style=\"text-align: justify;\">Luiz Benite ressaltou que o padr\u00e3o de exig\u00eancia da comunica\u00e7\u00e3o foi elevado com a internet e o meio precisa ser muito eficiente e aut\u00eantico na comunica\u00e7\u00e3o com seu ouvinte. &#8220;Precisamos, mais que que nunca, voltar para a liberdade e sermos genu\u00ednos no r\u00e1dio como antes. Eu gosto de usar o exemplo do Ricardo Boechat. Ele n\u00e3o era o Boecaht da bancada da TV, ele era o comunicador da r\u00e1dio BandNews. Os locutores precisam ter liberdade para darem o seu melhor, serem aut\u00eanticos&#8221;, enfatizou Benite.<\/p>\n<p style=\"text-align: justify;\"><strong><br \/>\nSegundo dia<\/strong><\/p>\n<p style=\"text-align: justify;\">Na ter\u00e7a-feira (14), o webin\u00e1rio contou com as participa\u00e7\u00f5es de Rog\u00e9rio Afonso, diretor da Transam\u00e9rica FM 100.3 de Curitiba e JB Faria, radialista e s\u00f3cio propriet\u00e1rio R\u00e1dio Paiquer\u00ea FM 91.7 de Londrina. O segundo dia do evento teve como tema &#8220;A for\u00e7a do jornalismo e do esporte em tempos de multiplataforma&#8221;.<\/p>\n<p style=\"text-align: justify;\">O que facilitou com o r\u00e1dio em m\u00faltiplas plataformas, a import\u00e2ncia das pesquisas no r\u00e1dio, a gest\u00e3o dos talentos, a opini\u00e3o no r\u00e1dio, a cobertura esportiva, entre outros assuntos, foram debatidos pelos convidados. Segundo JB Faria, as mudan\u00e7as foram radicais e o r\u00e1dio mudou muito. &#8220;No jornalismo e no esporte houve um crescimento muito grande do prest\u00edgio e da participa\u00e7\u00e3o do r\u00e1dio. As m\u00faltiplas plataformas contribu\u00edram e somaram com o r\u00e1dio&#8221;, comentou.<\/p>\n<p style=\"text-align: justify;\">J\u00e1 para Rog\u00e9rio Afonso, os diversos canais ajudaram muito o r\u00e1dio, principalmente neste momento delicado que vivemos. &#8220;Hoje o ouvinte escolhe como ele quer acompanhar o r\u00e1dio. O meio, dentro todos e com as m\u00faltiplas plataformas, \u00e9 o menos prejudicado neste momento dif\u00edcil que estamos passando; principalmente pela credibilidade do r\u00e1dio&#8221;, enfatizou.<\/p>\n<p><iframe title=\"Webinar Aerp 45 Anos #02\" width=\"800\" height=\"450\" src=\"https:\/\/www.youtube.com\/embed\/Q48GEU14zjY?feature=oembed\" frameborder=\"0\" allow=\"accelerometer; autoplay; clipboard-write; encrypted-media; gyroscope; picture-in-picture; web-share\" referrerpolicy=\"strict-origin-when-cross-origin\" allowfullscreen><\/iframe><\/p>\n<p style=\"text-align: justify;\"><small>Webinar AERP 45 anos &#8211; Dia 14\/07: A for\u00e7a do jornalismo e do esporte em tempos de multiplataforma &#8211; assista acima!<\/small><\/p>\n<div class=\"pp-box-adunit pp-ad-loading pp-type-intext\" style=\"text-align: justify;\"><\/div>\n<div class=\"pp-box-adunit pp-ad-loading pp-type-intext\">\n<p style=\"text-align: justify;\"><strong>Reconhecimento<\/strong><\/p>\n<p style=\"text-align: justify;\">Parte da hist\u00f3ria da AERP foi relembrada pelo ex-presidente Alexandre Barros. Ele falou do reconhecimento e da relev\u00e2ncia da entidade em todo o pa\u00eds e destacou as principais conquistas de sua gest\u00e3o. &#8220;Particularmente tenho orgulho de tr\u00eas grandes passos que foram dados em minha gest\u00e3o. A cria\u00e7\u00e3o e defesa do r\u00e1dio no celular com o projeto Radiophone, a cria\u00e7\u00e3o do Aerp Jovem, com a miss\u00e3o de criar um n\u00facleo de renova\u00e7\u00e3o que oxigene nosso neg\u00f3cio e forme novos l\u00edderes que nos ajudem a inovar com solu\u00e7\u00f5es criativas e a organiza\u00e7\u00e3o do planejamento estrat\u00e9gico e de comunica\u00e7\u00e3o da Aerp&#8221;, frisou Barros.<\/p>\n<p style=\"text-align: justify;\"><em>Com informa\u00e7\u00f5es da AERP\u00a0<\/em><\/p>\n<p style=\"text-align: justify;\">Fonte: Tudor\u00e1dio<\/p>\n<\/div>\n","protected":false},"excerpt":{"rendered":"<p>A s\u00e9rie de webin\u00e1rios em comemora\u00e7\u00e3o aos 45 anos da&hellip;<\/p>\n<p> <a class=\"more-link\" href=\"https:\/\/sertsc.org.br\/site\/webinarios-comemorativos-pelos-45-anos-da-aerp-abordam-temas-relativos-radiodifusao\/\">Leia mais<\/a><\/p>\n","protected":false},"author":1,"featured_media":12979,"comment_status":"closed","ping_status":"open","sticky":false,"template":"","format":"standard","meta":{"footnotes":""},"categories":[3],"tags":[],"class_list":{"0":"post-12978","1":"post","2":"type-post","3":"status-publish","4":"format-standard","5":"has-post-thumbnail","7":"category-noticias"},"_links":{"self":[{"href":"https:\/\/sertsc.org.br\/site\/wp-json\/wp\/v2\/posts\/12978","targetHints":{"allow":["GET"]}}],"collection":[{"href":"https:\/\/sertsc.org.br\/site\/wp-json\/wp\/v2\/posts"}],"about":[{"href":"https:\/\/sertsc.org.br\/site\/wp-json\/wp\/v2\/types\/post"}],"author":[{"embeddable":true,"href":"https:\/\/sertsc.org.br\/site\/wp-json\/wp\/v2\/users\/1"}],"replies":[{"embeddable":true,"href":"https:\/\/sertsc.org.br\/site\/wp-json\/wp\/v2\/comments?post=12978"}],"version-history":[{"count":0,"href":"https:\/\/sertsc.org.br\/site\/wp-json\/wp\/v2\/posts\/12978\/revisions"}],"wp:featuredmedia":[{"embeddable":true,"href":"https:\/\/sertsc.org.br\/site\/wp-json\/"}],"wp:attachment":[{"href":"https:\/\/sertsc.org.br\/site\/wp-json\/wp\/v2\/media?parent=12978"}],"wp:term":[{"taxonomy":"category","embeddable":true,"href":"https:\/\/sertsc.org.br\/site\/wp-json\/wp\/v2\/categories?post=12978"},{"taxonomy":"post_tag","embeddable":true,"href":"https:\/\/sertsc.org.br\/site\/wp-json\/wp\/v2\/tags?post=12978"}],"curies":[{"name":"wp","href":"https:\/\/api.w.org\/{rel}","templated":true}]}}