{"id":12947,"date":"2020-07-15T08:48:08","date_gmt":"2020-07-15T11:48:08","guid":{"rendered":"http:\/\/www.sertsc.org.br\/site\/?p=12947"},"modified":"2020-07-15T08:48:08","modified_gmt":"2020-07-15T11:48:08","slug":"edison-research-aponta-possivel-mudanca-no-comportamento-dos-ouvintes-em-relacao-aos-horarios-de-escuta","status":"publish","type":"post","link":"https:\/\/sertsc.org.br\/site\/edison-research-aponta-possivel-mudanca-no-comportamento-dos-ouvintes-em-relacao-aos-horarios-de-escuta\/","title":{"rendered":"Edison Research aponta poss\u00edvel mudan\u00e7a no comportamento dos ouvintes em rela\u00e7\u00e3o aos hor\u00e1rios de escuta"},"content":{"rendered":"<p style=\"text-align: justify;\">A ind\u00fastria de r\u00e1dio continua tentando mapear como ser\u00e1 o h\u00e1bito dos ouvintes durante e no p\u00f3s-pandemia, esse que tem mudado de comportamento a depender de que est\u00e1gio que est\u00e1 a crise do novo coronav\u00edrus em sua localidade. Segundo um levantamento da Edison Research, atrav\u00e9s do Share of Ear, foi poss\u00edvel notar que os ouvintes nos Estados Unidos mudaram suas rotinas de escutas pela manh\u00e3, iniciando mais tarde do que era antes da pandemia. Se discute no mercado se essa movimenta\u00e7\u00e3o \u00e9 uma tend\u00eancia para o futuro, o que impactaria nas estrat\u00e9gias das emissoras.<\/p>\n<p style=\"text-align: justify;\">O levantamento mostra que, antes da pandemia, 50% da popula\u00e7\u00e3o dos Estados Unidos come\u00e7ava a ouvir qualquer tipo de \u00e1udio \u00e0s 7h15. Agora, este que \u00e9 um exame trimestral do comportamento do ouvinte, mostra que esses mesmos 50% est\u00e3o iniciando a escuta de qualquer plataforma de \u00e1udio as 08h30.<\/p>\n<p style=\"text-align: justify;\">Ainda segundo a Edison Research, a mudan\u00e7a \u00e9 natural, j\u00e1 que os deslocamentos dos ouvintes foram impactados com o isolamento social e quarentenas. Por\u00e9m, a d\u00favida levantada pelo relat\u00f3rio \u00e9 se essa tend\u00eancia de maior perman\u00eancia em casa para trabalhar possa ser algo consider\u00e1vel no per\u00edodo p\u00f3s pandemia, com as escutas come\u00e7ando mais tarde do que na m\u00e9dia hist\u00f3rica.<\/p>\n<p style=\"text-align: justify;\">Isso impacta diretamente o r\u00e1dio, que tem nos Estados Unidos o per\u00edodo da manh\u00e3 como sua principal faixa hor\u00e1ria estrat\u00e9gica. Com seus shows matinais, r\u00e1dios de diferentes formatos utilizam esse tipo de atra\u00e7\u00e3o para ampliar sua atua\u00e7\u00e3o comercial e eleva seus picos de audi\u00eancia. Tanto que, durante a pandemia, esses shows foram estendidos para terminarem mais tarde o que o que ocorria habitualmente.<\/p>\n<p style=\"text-align: justify;\">&#8220;Essa descoberta desafia o nosso pensamento sobre como os EUA ouvem \u00e1udio durante os tempos tradicionais&#8221;, afirma Laura Ivey, diretora de pesquisa da Edison, em entrevista ao portal RAIN News. &#8220;Com muitas pessoas permanecendo em casa ou trabalhando em casa durante o segundo trimestre, elas n\u00e3o se envolveram com o \u00e1udio t\u00e3o cedo quanto antes da covid-19. \u00a0Esses dados mostram que, se os americanos continuarem com os padr\u00f5es atuais de trabalho, as estrat\u00e9gias de \u00e1udio podem precisar ser ajustadas&#8221;, afirma a analista.<\/p>\n<p style=\"text-align: justify;\">\n<figure id=\"attachment_12948\" aria-describedby=\"caption-attachment-12948\" style=\"width: 500px\" class=\"wp-caption aligncenter\"><img fetchpriority=\"high\" decoding=\"async\" class=\"wp-image-12948 size-full\" src=\"http:\/\/www.sertsc.org.br\/site\/wp-content\/uploads\/2020\/07\/5f0e86fecc5c4.jpg\" alt=\"5f0e86fecc5c4\" width=\"500\" height=\"332\" \/><figcaption id=\"caption-attachment-12948\" class=\"wp-caption-text\">Arte da Edison que mostra os dados sobre hor\u00e1rios de escuta. No primeiro quadro \u00e9 o comportamento pr\u00e9-pandemia. O segundo \u00e9 durante a covid-19. A pergunta feita: Que horas os americanos come\u00e7aram a ouvir \u00e1udio?<\/figcaption><\/figure>\n<p style=\"text-align: justify;\">Recentemente, conforme acompanhado pelo\u00a0tudoradio.com\u00a0atrav\u00e9s da medi\u00e7\u00e3o realizada pela Nielsen, o\u00a0<strong><a href=\"https:\/\/tudoradio.com\/noticias\/ver\/23625-tendencias-coronavirus-apos-queda-formatos-musicais-comecam-a-recuperar-a-audiencia-perdida-no-inicio-da-pandemia\">comportamento de escuta dos ouvintes de r\u00e1dio em rela\u00e7\u00e3o aos formatos de programa\u00e7\u00e3o est\u00e1 se estabilizando conforme a pesquisa \u00e9 atualizada<\/a><\/strong>, o retorno das audi\u00eancias de esta\u00e7\u00f5es de formata\u00e7\u00e3o adulto-contempor\u00e2neo (AC), Pop CHR, entre outras. Por\u00e9m, \u00e9 poss\u00edvel que ocorra um deslocamento de faixas hor\u00e1rias nos picos de audi\u00eancia.<\/p>\n<p style=\"text-align: justify;\">Sobre a faixa hor\u00e1ria de consumo de r\u00e1dio no Brasil, mas via streaming de \u00e1udio, os picos de audi\u00eancia eram registrados na faixa das 08h00 (segunda \u00e0 sexta-feira, per\u00edodo p\u00f3s-pandemia) no per\u00edodo pr\u00e9-pandemia. Depois, com um maior isolamento social, esse pico das 08h foi dilu\u00eddo nas faixas seguintes (09h, 10h e at\u00e9 11h).<\/p>\n<p style=\"text-align: justify;\">Agora, com uma maior movimenta\u00e7\u00e3o na compara\u00e7\u00e3o com o in\u00edcio da pandemia no Brasil, o pico das 08h foi novamente fortalecido, mas a audi\u00e7\u00e3o na faixa das 09h est\u00e1 mais elevada do que antes da covid-19 (dados referentes ao ambiente do\u00a0tudoradio.com, proje\u00e7\u00e3o do Analytics dos meses de mar\u00e7o, maio e abril). Essas mesmas varia\u00e7\u00f5es foram relatadas por algumas emissoras que tem acompanhado o comportamento da audi\u00eancia em suas plataformas digitais.<\/p>\n<p style=\"text-align: justify;\">Com informa\u00e7\u00f5es da Edison Research e do portal RAIN News<\/p>\n<p style=\"text-align: justify;\">Fonte: Tudor\u00e1dio<\/p>\n","protected":false},"excerpt":{"rendered":"<p>A ind\u00fastria de r\u00e1dio continua tentando mapear como ser\u00e1 o&hellip;<\/p>\n<p> <a class=\"more-link\" href=\"https:\/\/sertsc.org.br\/site\/edison-research-aponta-possivel-mudanca-no-comportamento-dos-ouvintes-em-relacao-aos-horarios-de-escuta\/\">Leia mais<\/a><\/p>\n","protected":false},"author":1,"featured_media":12949,"comment_status":"closed","ping_status":"open","sticky":false,"template":"","format":"standard","meta":{"footnotes":""},"categories":[3],"tags":[],"class_list":{"0":"post-12947","1":"post","2":"type-post","3":"status-publish","4":"format-standard","5":"has-post-thumbnail","7":"category-noticias"},"_links":{"self":[{"href":"https:\/\/sertsc.org.br\/site\/wp-json\/wp\/v2\/posts\/12947","targetHints":{"allow":["GET"]}}],"collection":[{"href":"https:\/\/sertsc.org.br\/site\/wp-json\/wp\/v2\/posts"}],"about":[{"href":"https:\/\/sertsc.org.br\/site\/wp-json\/wp\/v2\/types\/post"}],"author":[{"embeddable":true,"href":"https:\/\/sertsc.org.br\/site\/wp-json\/wp\/v2\/users\/1"}],"replies":[{"embeddable":true,"href":"https:\/\/sertsc.org.br\/site\/wp-json\/wp\/v2\/comments?post=12947"}],"version-history":[{"count":0,"href":"https:\/\/sertsc.org.br\/site\/wp-json\/wp\/v2\/posts\/12947\/revisions"}],"wp:featuredmedia":[{"embeddable":true,"href":"https:\/\/sertsc.org.br\/site\/wp-json\/"}],"wp:attachment":[{"href":"https:\/\/sertsc.org.br\/site\/wp-json\/wp\/v2\/media?parent=12947"}],"wp:term":[{"taxonomy":"category","embeddable":true,"href":"https:\/\/sertsc.org.br\/site\/wp-json\/wp\/v2\/categories?post=12947"},{"taxonomy":"post_tag","embeddable":true,"href":"https:\/\/sertsc.org.br\/site\/wp-json\/wp\/v2\/tags?post=12947"}],"curies":[{"name":"wp","href":"https:\/\/api.w.org\/{rel}","templated":true}]}}