{"id":12943,"date":"2020-07-14T13:56:44","date_gmt":"2020-07-14T16:56:44","guid":{"rendered":"http:\/\/www.sertsc.org.br\/site\/?p=12943"},"modified":"2020-07-14T13:56:44","modified_gmt":"2020-07-14T16:56:44","slug":"radios-podem-continuar-veiculando-sessoes-das-camaras-municipais-durante-periodo-de-eleicoes","status":"publish","type":"post","link":"https:\/\/sertsc.org.br\/site\/radios-podem-continuar-veiculando-sessoes-das-camaras-municipais-durante-periodo-de-eleicoes\/","title":{"rendered":"R\u00e1dios podem continuar veiculando sess\u00f5es das C\u00e2maras Municipais durante per\u00edodo de elei\u00e7\u00f5es"},"content":{"rendered":"<p style=\"text-align: justify;\">A Associa\u00e7\u00e3o Brasileira de Emissoras de R\u00e1dio e Televis\u00e3o (ABERT) divulgou um<strong><a href=\"http:\/\/www.abert.org.br\/pdf\/opiniaolegal.pdf\" target=\"_blank\" rel=\"noopener noreferrer\">\u00a0documento elaborado pela diretoria jur\u00eddica da associa\u00e7\u00e3o<\/a><\/strong>, esclarecendo d\u00favidas do radiodifusor com rela\u00e7\u00e3o \u00e0s transmiss\u00f5es das sess\u00f5es plen\u00e1rias das C\u00e2maras Municipais. Vale ressaltar que, em breve, ter\u00e1 in\u00edcio o per\u00edodo eleitoral no Brasil, que foi adiado devido a pandemia do coronav\u00edrus, adiando o primeiro turno das elei\u00e7\u00f5es municipais para o dia 15 de novembro.<\/p>\n<p style=\"text-align: justify;\">De acordo com as informa\u00e7\u00f5es da diretoria jur\u00eddica da ABERT, a entidade entende que n\u00e3o h\u00e1 veda\u00e7\u00f5es com rela\u00e7\u00e3o \u00e0s transmiss\u00f5es das sess\u00f5es realizadas pelas C\u00e2maras Municipais. Segundo a ABERT, &#8220;a veicula\u00e7\u00e3o da sess\u00e3o legislativa tem cunho exclusivamente informativo, enquanto a publicidade institucional tem o objetivo de divulgar e promover atos, programas, obras, servi\u00e7os e campanhas dos \u00f3rg\u00e3os p\u00fablicos federais, estaduais ou municipais, ou das respectivas entidades da administra\u00e7\u00e3o indireta&#8221;.<\/p>\n<p style=\"text-align: justify;\">Ainda de acordo com o entendimento da diretoria jur\u00eddica da ABERT, mesmo que um vereador utilize a tribuna de forma eleitoreira, o TSE j\u00e1 &#8220;decidiu que a transmiss\u00e3o simult\u00e2nea das sess\u00f5es legislativas da C\u00e2mara Municipal n\u00e3o se enquadra como veicula\u00e7\u00e3o de propaganda eleitoral em benef\u00edcio de determinado candidato. O enunciado durante a sess\u00e3o n\u00e3o reflete o seu ponto de vista sobre a campanha eleitoral&#8221;.<\/p>\n<p style=\"text-align: justify;\">A iniciativa da ABERT em esclarecer essas quest\u00f5es se deu devido a algumas C\u00e2maras Municipais estarem suspendendo a veicula\u00e7\u00e3o das sess\u00f5es em r\u00e1dios de diversas cidades no Brasil. Com os esclarecimentos, as sess\u00f5es plen\u00e1rias podem continuar sendo transmitidas pelas emissoras de r\u00e1dio durante o per\u00edodo eleitoral.<\/p>\n<p style=\"text-align: justify;\"><em>Com informa\u00e7\u00f5es da ABERT e AESP<\/em><\/p>\n<p style=\"text-align: justify;\">\n<p style=\"text-align: justify;\">Fonte: Tudor\u00e1dio<\/p>\n","protected":false},"excerpt":{"rendered":"<p>A Associa\u00e7\u00e3o Brasileira de Emissoras de R\u00e1dio e Televis\u00e3o (ABERT)&hellip;<\/p>\n<p> <a class=\"more-link\" href=\"https:\/\/sertsc.org.br\/site\/radios-podem-continuar-veiculando-sessoes-das-camaras-municipais-durante-periodo-de-eleicoes\/\">Leia mais<\/a><\/p>\n","protected":false},"author":1,"featured_media":12944,"comment_status":"closed","ping_status":"open","sticky":false,"template":"","format":"standard","meta":{"footnotes":""},"categories":[3],"tags":[],"class_list":{"0":"post-12943","1":"post","2":"type-post","3":"status-publish","4":"format-standard","5":"has-post-thumbnail","7":"category-noticias"},"_links":{"self":[{"href":"https:\/\/sertsc.org.br\/site\/wp-json\/wp\/v2\/posts\/12943","targetHints":{"allow":["GET"]}}],"collection":[{"href":"https:\/\/sertsc.org.br\/site\/wp-json\/wp\/v2\/posts"}],"about":[{"href":"https:\/\/sertsc.org.br\/site\/wp-json\/wp\/v2\/types\/post"}],"author":[{"embeddable":true,"href":"https:\/\/sertsc.org.br\/site\/wp-json\/wp\/v2\/users\/1"}],"replies":[{"embeddable":true,"href":"https:\/\/sertsc.org.br\/site\/wp-json\/wp\/v2\/comments?post=12943"}],"version-history":[{"count":0,"href":"https:\/\/sertsc.org.br\/site\/wp-json\/wp\/v2\/posts\/12943\/revisions"}],"wp:featuredmedia":[{"embeddable":true,"href":"https:\/\/sertsc.org.br\/site\/wp-json\/"}],"wp:attachment":[{"href":"https:\/\/sertsc.org.br\/site\/wp-json\/wp\/v2\/media?parent=12943"}],"wp:term":[{"taxonomy":"category","embeddable":true,"href":"https:\/\/sertsc.org.br\/site\/wp-json\/wp\/v2\/categories?post=12943"},{"taxonomy":"post_tag","embeddable":true,"href":"https:\/\/sertsc.org.br\/site\/wp-json\/wp\/v2\/tags?post=12943"}],"curies":[{"name":"wp","href":"https:\/\/api.w.org\/{rel}","templated":true}]}}