{"id":12940,"date":"2020-07-14T10:58:58","date_gmt":"2020-07-14T13:58:58","guid":{"rendered":"http:\/\/www.sertsc.org.br\/site\/?p=12940"},"modified":"2020-07-14T10:58:58","modified_gmt":"2020-07-14T13:58:58","slug":"anatel-e-favor-de-revogar-decreto-que-restringe-composicao-de-capital-das-teles","status":"publish","type":"post","link":"https:\/\/sertsc.org.br\/site\/anatel-e-favor-de-revogar-decreto-que-restringe-composicao-de-capital-das-teles\/","title":{"rendered":"Anatel \u00e9 a favor de revogar decreto que restringe composi\u00e7\u00e3o de capital das teles"},"content":{"rendered":"<p style=\"text-align: justify;\">A Anatel\u00a0<a href=\"https:\/\/www.anatel.gov.br\/institucional\/component\/content\/article\/104-home-institucional\/2621-nota-a-imprensa-posicao-da-anatel-sobre-o-decreto-2617-1998\" target=\"_blank\" rel=\"noreferrer noopener nofollow external\" data-wpel-link=\"external\">se posicionou<\/a>\u00a0<strong>favor\u00e1vel \u00e0 revoga\u00e7\u00e3o ou revis\u00e3o<\/strong>\u00a0do\u00a0<a href=\"http:\/\/www.planalto.gov.br\/ccivil_03\/decreto\/d2617.htm\" target=\"_blank\" rel=\"noreferrer noopener nofollow external\" data-wpel-link=\"external\">Decreto 2.617\/1998<\/a>, que imp\u00f4s\u00a0restri\u00e7\u00e3o sobre composi\u00e7\u00e3o do capital para prestadoras de telecomunica\u00e7\u00f5es, exigindo que &#8220;a maioria das cotas ou a\u00e7\u00f5es com direito a voto perten\u00e7a a pessoas naturais residentes no Brasil ou a empresas constitu\u00eddas sob as leis brasileiras e com sede e administra\u00e7\u00e3o no Pa\u00eds&#8221;. Em nota \u00e0 imprensa nesta segunda-feira, 13, a ag\u00eancia diz que a mudan\u00e7a pode trazer benef\u00edcios e economias para as prestadoras se manterem competitivas.<\/p>\n<p style=\"text-align: justify;\">No comunicado, a ag\u00eancia coloca: &#8220;Tal restri\u00e7\u00e3o se fazia relevante em 1998, em um cen\u00e1rio p\u00f3s-privatiza\u00e7\u00e3o, quando o Estado ainda tinha preocupa\u00e7\u00f5es no sentido de manter certo controle em rela\u00e7\u00e3o ao capital. Atualmente, o setor tem grande volume de investimentos a partir de grupos estrangeiros e\u00a0<strong>essa restri\u00e7\u00e3o ainda imp\u00f5e que eles adotem arranjos societ\u00e1rios e operacionais mais custosos para atuarem no Brasil<\/strong>&#8220;.<\/p>\n<p style=\"text-align: justify;\">A Anatel diz que a decis\u00e3o seguiu estudos t\u00e9cnicos, al\u00e9m de parecer da Advocacia-Geral da Uni\u00e3o. Internamente, o tema teve como relator o conselheiro Mois\u00e9s Moreira, e teve aprova\u00e7\u00e3o un\u00e2nime do conselho diretor. O regulador entende que, caso a mudan\u00e7a seja aprovada, &#8220;deve ser bem recebida pelo setor e por investidores estrangeiros&#8221;.<\/p>\n<p style=\"text-align: justify;\">A ag\u00eancia argumenta tamb\u00e9m que a restri\u00e7\u00e3o traz impedimentos para que as empresas possam cumprir padr\u00f5es de governan\u00e7a corporativa internacionais, particularmente dificuldade para conciliar a dilui\u00e7\u00e3o expressiva de controle. Assim, diz que isso gera &#8220;um custo a mais para o Brasil&#8221;.<\/p>\n<p style=\"text-align: justify;\">Dessa forma, diz que a medida pode promover maior liberdade econ\u00f4mica para a organiza\u00e7\u00e3o empresarial, seguindo a pol\u00edtica do ministro da Economia, Paulo Guedes. A menor restri\u00e7\u00e3o \u00e0 participa\u00e7\u00e3o do capital estrangeiro tamb\u00e9m poderia ajudar a tornar o Pa\u00eds &#8220;mais competitivo ainda no setor&#8221;.<\/p>\n<p style=\"text-align: justify;\"><strong>Resposta ao MCTIC<\/strong><\/p>\n<p style=\"text-align: justify;\">O posicionamento foi uma resposta \u00e0 solicita\u00e7\u00e3o do ent\u00e3o Minist\u00e9rio da Ci\u00eancia, Tecnologia, Inova\u00e7\u00f5es e Comunica\u00e7\u00f5es (agora Minist\u00e9rio das Comunica\u00e7\u00f5es). Em 28 de fevereiro, o secret\u00e1rio Vitor Menezes pediu avalia\u00e7\u00e3o t\u00e9cnica \u00e0 Anatel, afirmando que o texto &#8220;foi editado h\u00e1 mais de vinte anos, em contexto econ\u00f4mico e pol\u00edtico diverso do atual&#8221;. Assim, pediu a revoga\u00e7\u00e3o ou revis\u00e3o do decreto, assinado pelo ent\u00e3o presidente Fernando Henrique Cardoso na \u00e9poca da privatiza\u00e7\u00e3o do sistema Telebr\u00e1s.<\/p>\n<p style=\"text-align: justify;\">&#8220;Como \u00e9 de amplo conhecimento, a Lei Geral de Telecomunica\u00e7\u00f5es \u2013 LGT (Lei n\u00ba 9.472, de 16 de julho de 1997) n\u00e3o estabelece restri\u00e7\u00f5es \u00e0 participa\u00e7\u00e3o de capital estrangeiro no setor de telecomunica\u00e7\u00f5es, exigindo t\u00e3o-somente que a empresa detentora de outorga para a presta\u00e7\u00e3o de servi\u00e7os seja constitu\u00edda segundo as leis brasileiras, com sede e administra\u00e7\u00e3o no Pa\u00eds. O citado Decreto, entretanto, indo al\u00e9m do comando legal, requer tamb\u00e9m que, no caso de servi\u00e7os de interesse coletivo, a maioria das cotas ou a\u00e7\u00f5es com direito a voto de tais empresas perten\u00e7a a pessoas naturais residentes no Brasil ou a empresas constitu\u00eddas sob as leis brasileiras e com sede e administra\u00e7\u00e3o no Pa\u00eds&#8221;,\u00a0<a href=\"https:\/\/sei.anatel.gov.br\/sei\/modulos\/pesquisa\/md_pesq_documento_consulta_externa.php?eEP-wqk1skrd8hSlk5Z3rN4EVg9uLJqrLYJw_9INcO6G57d9KkoIM3miSt6nP5nOo8DfwXf-AXh5FkVYh8uv4JT6ahCjLhvHorkRj_q43wFA9EOJ3-18jS-kw8pM9_3W\" target=\"_blank\" rel=\"noreferrer noopener nofollow external\" data-wpel-link=\"external\">diz Menezes no processo<\/a>.<\/p>\n<p style=\"text-align: justify;\">Vale lembrar que o decreto foi um limitador imposto pela Telebras na \u00e9poca da tentativa de leil\u00e3o (fracassada) da capacidade comercial do Sat\u00e9lite Geoestacion\u00e1rio de Defesa e Comunica\u00e7\u00f5es (SGDC),\u00a0<a href=\"https:\/\/teletime.com.br\/14\/07\/2017\/telebras-publica-edital-de-venda-de-capacidade-do-sgdc-com-alteracoes-em-relacao-proposta-inicial\/\" target=\"_blank\" rel=\"noreferrer noopener follow\" data-wpel-link=\"internal\">ainda em 2017<\/a>.<\/p>\n<p style=\"text-align: justify;\">Para que o decreto seja revogado, \u00e9 necess\u00e1rio que o Minist\u00e9rio das Comunica\u00e7\u00f5es encaminhe a pauta para a Casa Civil.<\/p>\n<p style=\"text-align: justify;\">\n<p style=\"text-align: justify;\">Fonte: Teletime<\/p>\n","protected":false},"excerpt":{"rendered":"<p>A Anatel\u00a0se posicionou\u00a0favor\u00e1vel \u00e0 revoga\u00e7\u00e3o ou revis\u00e3o\u00a0do\u00a0Decreto 2.617\/1998, que imp\u00f4s\u00a0restri\u00e7\u00e3o&hellip;<\/p>\n<p> <a class=\"more-link\" href=\"https:\/\/sertsc.org.br\/site\/anatel-e-favor-de-revogar-decreto-que-restringe-composicao-de-capital-das-teles\/\">Leia mais<\/a><\/p>\n","protected":false},"author":1,"featured_media":12941,"comment_status":"closed","ping_status":"open","sticky":false,"template":"","format":"standard","meta":{"footnotes":""},"categories":[3],"tags":[],"class_list":{"0":"post-12940","1":"post","2":"type-post","3":"status-publish","4":"format-standard","5":"has-post-thumbnail","7":"category-noticias"},"_links":{"self":[{"href":"https:\/\/sertsc.org.br\/site\/wp-json\/wp\/v2\/posts\/12940","targetHints":{"allow":["GET"]}}],"collection":[{"href":"https:\/\/sertsc.org.br\/site\/wp-json\/wp\/v2\/posts"}],"about":[{"href":"https:\/\/sertsc.org.br\/site\/wp-json\/wp\/v2\/types\/post"}],"author":[{"embeddable":true,"href":"https:\/\/sertsc.org.br\/site\/wp-json\/wp\/v2\/users\/1"}],"replies":[{"embeddable":true,"href":"https:\/\/sertsc.org.br\/site\/wp-json\/wp\/v2\/comments?post=12940"}],"version-history":[{"count":0,"href":"https:\/\/sertsc.org.br\/site\/wp-json\/wp\/v2\/posts\/12940\/revisions"}],"wp:featuredmedia":[{"embeddable":true,"href":"https:\/\/sertsc.org.br\/site\/wp-json\/"}],"wp:attachment":[{"href":"https:\/\/sertsc.org.br\/site\/wp-json\/wp\/v2\/media?parent=12940"}],"wp:term":[{"taxonomy":"category","embeddable":true,"href":"https:\/\/sertsc.org.br\/site\/wp-json\/wp\/v2\/categories?post=12940"},{"taxonomy":"post_tag","embeddable":true,"href":"https:\/\/sertsc.org.br\/site\/wp-json\/wp\/v2\/tags?post=12940"}],"curies":[{"name":"wp","href":"https:\/\/api.w.org\/{rel}","templated":true}]}}