{"id":12927,"date":"2020-07-13T11:06:32","date_gmt":"2020-07-13T14:06:32","guid":{"rendered":"http:\/\/www.sertsc.org.br\/site\/?p=12927"},"modified":"2020-07-13T11:06:32","modified_gmt":"2020-07-13T14:06:32","slug":"webinar-acaert-whatsapp-como-ferramenta-de-relacionamento-e-vendas-para-as-emissoras","status":"publish","type":"post","link":"https:\/\/sertsc.org.br\/site\/webinar-acaert-whatsapp-como-ferramenta-de-relacionamento-e-vendas-para-as-emissoras\/","title":{"rendered":"Webinar ACAERT \u2013 WhatsApp como ferramenta de relacionamento e vendas para as emissoras"},"content":{"rendered":"<p style=\"text-align: justify;\"><img fetchpriority=\"high\" decoding=\"async\" class=\"aligncenter size-full wp-image-12928\" src=\"http:\/\/www.sertsc.org.br\/site\/wp-content\/uploads\/2020\/07\/joaodentro.jpg\" alt=\"joaodentro\" width=\"600\" height=\"391\" \/><\/p>\n<p style=\"text-align: justify;\">J\u00e1 est\u00e3o abertas as inscri\u00e7\u00f5es gratuitas para o pr\u00f3ximo Webinar ACAERT que abordar\u00e1 o tema\u00a0<strong>\u201cWhatsApp como ferramenta de relacionamento e vendas para as emissoras<\/strong>\u201d, com participa\u00e7\u00e3o do jornalista\u00a0<strong>Jo\u00e3o Paulo Borges<\/strong>, a partir das\u00a0<strong>14h30, do dia 14 de julho<\/strong>. &#8220;Ve\u00edculos de comunica\u00e7\u00e3o podem e devem utilizar o WhatsApp como um canal aliado na dissemina\u00e7\u00e3o dos conte\u00fados jornal\u00edsticos publicados. Isso exige planejamento, estrat\u00e9gias e o envio de conte\u00fado adequado aos usu\u00e1rios da plataforma. A melhor forma de combater a lament\u00e1vel dissemina\u00e7\u00e3o de fakes news \u00e9 propagarmos conte\u00fados \u00fateis, jornal\u00edsticos e relevantes pelo aplicativo mais popular do Brasil&#8221;, explicou Borges.<\/p>\n<p style=\"text-align: justify;\"><strong>Pauta da palestra:<\/strong><\/p>\n<p style=\"text-align: justify;\">&#8211; Quais recursos uma emissora deve usar do whatsapp<br \/>\n&#8211; Conta comercial X Contra convencional<br \/>\n&#8211; Como usar o whatsapp para fazer relacionamento com ouvintes<br \/>\n&#8211; Como fazer promo\u00e7\u00f5es e vendas por whatsapp<br \/>\n&#8211; Vale a pena ter uma lista de transmiss\u00e3o de conte\u00fados? Por qu\u00ea?<br \/>\n&#8211; Para emissoras que n\u00e3o s\u00e3o de jornalismo, que tipo de conte\u00fado enviar?<br \/>\n&#8211; Frequ\u00eancia e formato<\/p>\n<p style=\"text-align: justify;\"><strong>INSCRI\u00c7\u00d5ES<\/strong>:<\/p>\n<p style=\"text-align: justify;\"><a href=\"https:\/\/materiais.acaert.com.br\/whatsapp-para-emissoras\">https:\/\/materiais.acaert.com.br\/whatsapp-para-emissoras<\/a><\/p>\n<p style=\"text-align: justify;\"><strong>AGENDA<\/strong><br \/>\nTER\u00c7A-FEIRA &#8211; 14\/07<br \/>\nHORA: 14H30<\/p>\n<p style=\"text-align: justify;\"><strong>SOBRE O PALESTRANTE<\/strong><\/p>\n<p style=\"text-align: justify;\">Jo\u00e3o Paulo Borges &#8211; Jornalista, especialista em ci\u00eancia pol\u00edtica pela Universidade de Bras\u00edlia (UnB), com 13 anos de experi\u00eancia em assessoria de comunica\u00e7\u00e3o pol\u00edtica, institucional e empresarial. Atuou em Bras\u00edlia de 2007 a 2011, onde assessorou dois deputados federais. H\u00e1 oito anos trabalha em Florian\u00f3polis. Em 2019, concluiu o masterclass de marketing e comunica\u00e7\u00e3o pol\u00edtica ministrado pelo professor Marcelo Vitorino na ESPM.<\/p>\n<p style=\"text-align: justify;\">At\u00e9 janeiro de 2019, foi um dos respons\u00e1veis pela comunica\u00e7\u00e3o da Federa\u00e7\u00e3o Catarinense de Munic\u00edpios (Fecam). Na entidade, apresentou, planejou e operacionalizou o projeto de implanta\u00e7\u00e3o de um canal institucional para distribui\u00e7\u00e3o de mensagens pelo WhatsApp &#8212; a\u00e7\u00e3o pioneira entre entidades representativas. Dedica-se ao estudo da comunica\u00e7\u00e3o pelo WhatsApp desde 2016, publicou artigos com reflex\u00f5es sobre o tema no Portal Comunique-se e prestou consultoria para implanta\u00e7\u00e3o de mais de 10 canais oficiais e institucionais para distribui\u00e7\u00e3o de informa\u00e7\u00f5es pelo mensageiro.<\/p>\n<p style=\"text-align: justify;\">Links de artigos do palestrante:<\/p>\n<p style=\"text-align: justify;\">WhatsApp: comunica\u00e7\u00e3o muito al\u00e9m de grupos<br \/>\n<a href=\"https:\/\/portal.comunique-se.com.br\/whatsapp-comun-muito-alem-grupos\/\">https:\/\/portal.comunique-se.com.br\/whatsapp-comun-muito-alem-grupos\/<\/a><\/p>\n<p style=\"text-align: justify;\">WhatsApp e a car\u00eancia de informa\u00e7\u00f5es<br \/>\n<a href=\"https:\/\/portal.comunique-se.com.br\/whatsapp-e-a-carencia-de-informacoes\/\">https:\/\/portal.comunique-se.com.br\/whatsapp-e-a-carencia-de-informacoes\/<\/a><\/p>\n<p style=\"text-align: justify;\">Da gera\u00e7\u00e3o Z aos maduros: todos encontram-se no WhatsApp<br \/>\n<a href=\"https:\/\/portal.comunique-se.com.br\/da-geracao-z-aos-maduros-todos-encontram-se-no-whatsapp\/\">https:\/\/portal.comunique-se.com.br\/da-geracao-z-aos-maduros-todos-encontram-se-no-whatsapp\/<\/a><\/p>\n<p style=\"text-align: justify;\">\nSiga o palestrante:<\/p>\n<p style=\"text-align: justify;\">Instagram:\u00a0<a href=\"https:\/\/www.instagram.com\/jpborges_\/\">https:\/\/www.instagram.com\/jpborges_\/<\/a><\/p>\n<p style=\"text-align: justify;\">WhatsApp:\u00a0<a href=\"http:\/\/bit.ly\/WhatsdoJP\">http:\/\/bit.ly\/WhatsdoJP<\/a><\/p>\n<p class=\"font-11\" style=\"text-align: justify;\">Fonte: ACAERT<\/p>\n","protected":false},"excerpt":{"rendered":"<p>J\u00e1 est\u00e3o abertas as inscri\u00e7\u00f5es gratuitas para o pr\u00f3ximo Webinar&hellip;<\/p>\n<p> <a class=\"more-link\" href=\"https:\/\/sertsc.org.br\/site\/webinar-acaert-whatsapp-como-ferramenta-de-relacionamento-e-vendas-para-as-emissoras\/\">Leia mais<\/a><\/p>\n","protected":false},"author":1,"featured_media":12928,"comment_status":"closed","ping_status":"open","sticky":false,"template":"","format":"standard","meta":{"footnotes":""},"categories":[3],"tags":[],"class_list":{"0":"post-12927","1":"post","2":"type-post","3":"status-publish","4":"format-standard","5":"has-post-thumbnail","7":"category-noticias"},"_links":{"self":[{"href":"https:\/\/sertsc.org.br\/site\/wp-json\/wp\/v2\/posts\/12927","targetHints":{"allow":["GET"]}}],"collection":[{"href":"https:\/\/sertsc.org.br\/site\/wp-json\/wp\/v2\/posts"}],"about":[{"href":"https:\/\/sertsc.org.br\/site\/wp-json\/wp\/v2\/types\/post"}],"author":[{"embeddable":true,"href":"https:\/\/sertsc.org.br\/site\/wp-json\/wp\/v2\/users\/1"}],"replies":[{"embeddable":true,"href":"https:\/\/sertsc.org.br\/site\/wp-json\/wp\/v2\/comments?post=12927"}],"version-history":[{"count":0,"href":"https:\/\/sertsc.org.br\/site\/wp-json\/wp\/v2\/posts\/12927\/revisions"}],"wp:featuredmedia":[{"embeddable":true,"href":"https:\/\/sertsc.org.br\/site\/wp-json\/"}],"wp:attachment":[{"href":"https:\/\/sertsc.org.br\/site\/wp-json\/wp\/v2\/media?parent=12927"}],"wp:term":[{"taxonomy":"category","embeddable":true,"href":"https:\/\/sertsc.org.br\/site\/wp-json\/wp\/v2\/categories?post=12927"},{"taxonomy":"post_tag","embeddable":true,"href":"https:\/\/sertsc.org.br\/site\/wp-json\/wp\/v2\/tags?post=12927"}],"curies":[{"name":"wp","href":"https:\/\/api.w.org\/{rel}","templated":true}]}}