{"id":12919,"date":"2020-07-13T09:12:57","date_gmt":"2020-07-13T12:12:57","guid":{"rendered":"http:\/\/www.sertsc.org.br\/site\/?p=12919"},"modified":"2020-07-13T09:12:57","modified_gmt":"2020-07-13T12:12:57","slug":"portal-tudoradio-com-apoia-webinar-especial-de-45-anos-da-aerp-programacao-tera-nomes-nacionais-do-radio","status":"publish","type":"post","link":"https:\/\/sertsc.org.br\/site\/portal-tudoradio-com-apoia-webinar-especial-de-45-anos-da-aerp-programacao-tera-nomes-nacionais-do-radio\/","title":{"rendered":"Portal tudoradio.com apoia webinar especial de 45 anos da AERP. Programa\u00e7\u00e3o ter\u00e1 nomes nacionais do r\u00e1dio"},"content":{"rendered":"<p style=\"text-align: justify;\">A partir de hoje (13) a AERP (Associa\u00e7\u00e3o das Emissoras de Radiodifus\u00e3o) realizar\u00e1 uma programa\u00e7\u00e3o especial de webinar para comemorar 45 anos da entidade. Com o apoio do <strong>tudoradio.com<\/strong>, o &#8220;Webinar AERP 45 anos&#8221; contar\u00e1 com entrevistas com temas atuais do mercado da radiodifus\u00e3o e declara\u00e7\u00f5es de ex-presidentes que contar\u00e3o hist\u00f3rias de suas gest\u00f5es. Nomes nacionais do r\u00e1dio est\u00e3o entre os participantes. O webinar acontece entre hoje e a pr\u00f3xima sexta-feira (17), das 11 \u00e0s 12h30, com transmiss\u00e3o ao vivo atrav\u00e9s dos canais da AERP na internet (tamb\u00e9m com acesso atrav\u00e9s da capa do <strong>tudoradio.com<\/strong>).<\/p>\n<p style=\"text-align: justify;\">Todas as principais \u00e1reas de atua\u00e7\u00e3o do r\u00e1dio ser\u00e3o abordadas durante a programa\u00e7\u00e3o do Webinar AERP 45 anos, atrav\u00e9s de entrevistas com nomes conhecidos do art\u00edstico, comercial, tecnologia, institucional, entre outras frentes. Ac\u00e1cio Luiz Costa (Rede Mix de R\u00e1dio\/AESP), Jonas Vilandez (Sistema Globo de R\u00e1dio), J\u00falia Teixeira (Grupo Jovem Pan), Luiz Benite (Grupo Massa), Cristiano Flores (ABERT), Alexandre Barros (Grupo Maring\u00e1 de Comunica\u00e7\u00e3o), JB Faria (R\u00e1dio Paiquer\u00ea), Rog\u00e9rio Afonso (Transam\u00e9rica) e Caique Agustini (Grupo Verde Vale de Comunica\u00e7\u00e3o) est\u00e3o entre os nomes confirmados.<\/p>\n<p style=\"text-align: justify;\">&#8220;Convidamos profissionais de peso para compartilhar conosco suas vis\u00f5es do mercado atual e futuro relacionadas a parte art\u00edstica, jornalismo, jornalismo esportivo, comercial, institucional e novos neg\u00f3cios. Temos certeza que ser\u00e1 uma semana repleta de informa\u00e7\u00f5es&#8221;, afirma Michel Micheleto, presidente da AERP.<\/p>\n<p style=\"text-align: justify;\">Ainda de acordo com Micheleto, esta foi a forma encontrada para enaltecer a hist\u00f3ria da associa\u00e7\u00e3o. &#8220;Infelizmente, neste momento, n\u00e3o podemos comemorar como de costume, em um encontro caloroso e repleto de recorda\u00e7\u00f5es. Ent\u00e3o, resolvemos celebrar digitalmente, mas trazendo muito conte\u00fado para os radiodifusores&#8221;, afirmou.<\/p>\n<p style=\"text-align: justify;\">O Webinar Aerp 45 Anos ter\u00e1 a apresenta\u00e7\u00e3o de Fernando Morgado que \u00e9 coordenador-adjunto do N\u00facleo de Estudos de R\u00e1dio da UFRGS, professor da FACHA, escritor e consultor; Daniel Starck, diretor geral do <strong>tudoradio.com<\/strong>; e Cristiano Stuani, gestor art\u00edstico da Massa FM Curitiba, Londrina e Maring\u00e1.<\/p>\n<p style=\"text-align: justify;\">Para acompanhar, <strong><a href=\"https:\/\/www.youtube.com\/channel\/UCBwHZrWr7I2dl2lOjdq2KOA\" target=\"_blank\" rel=\"noopener noreferrer\">acesse aqui o canal da AERP no YouTube<\/a><\/strong>. Se preferir, \u00e9 poss\u00edvel assistir pela <strong><a href=\"https:\/\/www.facebook.com\/aerpassociacao\" target=\"_blank\" rel=\"noopener noreferrer\">Fan-Page da AERP no Facebook<\/a><\/strong>.<\/p>\n<p style=\"text-align: justify;\">Confira a programa\u00e7\u00e3o:<\/p>\n<p style=\"text-align: justify;\"><img fetchpriority=\"high\" decoding=\"async\" class=\"aligncenter size-full wp-image-12920\" src=\"http:\/\/www.sertsc.org.br\/site\/wp-content\/uploads\/2020\/07\/5f0bc78297f33.jpg\" alt=\"5f0bc78297f33\" width=\"700\" height=\"1244\" \/><\/p>\n<p style=\"text-align: justify;\"><strong>Segunda-feira \u2013 13\/07 &#8211; Cria\u00e7\u00e3o e desenvolvimento de conte\u00fados de alta performance<\/strong><\/p>\n<p style=\"text-align: justify;\"><em>Luiz Benite, diretor executivo da Rede Massa FM<br \/>\n<\/em><em>Jonas Vilandez, gerente de neg\u00f3cios musicais do Sistema Globo de R\u00e1dio<\/em><\/p>\n<p style=\"text-align: justify;\"><strong>Ter\u00e7a-feira \u2013 14\/07 &#8211; A for\u00e7a do jornalismo e do esporte em tempos de multiplataforma<\/strong><\/p>\n<p style=\"text-align: justify;\"><em>Rog\u00e9rio Afonso, diretor da R\u00e1dio Transam\u00e9rica<br \/>\nJB Faria, radialista e s\u00f3cio propriet\u00e1rio R\u00e1dio Paiquer\u00ea \u2013 FM 91.7<\/em><\/p>\n<p style=\"text-align: justify;\"><strong>Quarta-feira \u2013 15\/07 &#8211; O investimento publicit\u00e1rio no novo normal<\/strong><\/p>\n<p style=\"text-align: justify;\"><em>Ac\u00e1cio Luiz Costa, diretor comercial e mercado da Rede Mix<\/em><\/p>\n<p style=\"text-align: justify;\"><strong>Quinta-feira \u2013 16\/07 &#8211; A uni\u00e3o como meio de desenvolvimento das emissoras<\/strong><\/p>\n<p style=\"text-align: justify;\"><em>Alexandre Barros, diretor geral do Grupo Maring\u00e1 de Comunica\u00e7\u00e3o<br \/>\nCristiano Flores, diretor geral da Abert<\/em><\/p>\n<p style=\"text-align: justify;\"><strong>Sexta-feira \u2013 17\/07 &#8211; Novos neg\u00f3cios: o r\u00e1dio muito al\u00e9m do dial<\/strong><\/p>\n<p style=\"text-align: justify;\"><em>Julia Teixeira, head de planejamento de campanhas e branded content do Grupo Jovem Pan<br \/>\nCaique Agustini, diretor geral do Grupo Verde Vale de Comunica\u00e7\u00e3o.<\/em><\/p>\n<p style=\"text-align: justify;\"><em><strong>Servi\u00e7o:<\/strong><br \/>\nWebinar AERP 45 Anos<br \/>\nData: 13 a 17 de julho<br \/>\nHor\u00e1rio: das 11 \u00e0s 12h30<br \/>\nTransmiss\u00e3o: <strong><a href=\"https:\/\/www.facebook.com\/aerpassociacao\" target=\"_blank\" rel=\"noopener noreferrer\">Facebook<\/a><\/strong> | \u00a0<strong><a href=\"https:\/\/www.youtube.com\/channel\/UCBwHZrWr7I2dl2lOjdq2KOA\" target=\"_blank\" rel=\"noopener noreferrer\">YouTube\u00a0<\/a><\/strong><br \/>\nPara mais informa\u00e7\u00f5es e imagens para divulga\u00e7\u00e3o entrar em contato com a AERP &#8211; (41) 3252-1700<\/em><\/p>\n<p style=\"text-align: justify;\">\n<p style=\"text-align: justify;\">Fonte: Tudor\u00e1dio<\/p>\n","protected":false},"excerpt":{"rendered":"<p>A partir de hoje (13) a AERP (Associa\u00e7\u00e3o das Emissoras&hellip;<\/p>\n<p> <a class=\"more-link\" href=\"https:\/\/sertsc.org.br\/site\/portal-tudoradio-com-apoia-webinar-especial-de-45-anos-da-aerp-programacao-tera-nomes-nacionais-do-radio\/\">Leia mais<\/a><\/p>\n","protected":false},"author":1,"featured_media":12921,"comment_status":"closed","ping_status":"open","sticky":false,"template":"","format":"standard","meta":{"footnotes":""},"categories":[3],"tags":[],"class_list":{"0":"post-12919","1":"post","2":"type-post","3":"status-publish","4":"format-standard","5":"has-post-thumbnail","7":"category-noticias"},"_links":{"self":[{"href":"https:\/\/sertsc.org.br\/site\/wp-json\/wp\/v2\/posts\/12919","targetHints":{"allow":["GET"]}}],"collection":[{"href":"https:\/\/sertsc.org.br\/site\/wp-json\/wp\/v2\/posts"}],"about":[{"href":"https:\/\/sertsc.org.br\/site\/wp-json\/wp\/v2\/types\/post"}],"author":[{"embeddable":true,"href":"https:\/\/sertsc.org.br\/site\/wp-json\/wp\/v2\/users\/1"}],"replies":[{"embeddable":true,"href":"https:\/\/sertsc.org.br\/site\/wp-json\/wp\/v2\/comments?post=12919"}],"version-history":[{"count":0,"href":"https:\/\/sertsc.org.br\/site\/wp-json\/wp\/v2\/posts\/12919\/revisions"}],"wp:featuredmedia":[{"embeddable":true,"href":"https:\/\/sertsc.org.br\/site\/wp-json\/"}],"wp:attachment":[{"href":"https:\/\/sertsc.org.br\/site\/wp-json\/wp\/v2\/media?parent=12919"}],"wp:term":[{"taxonomy":"category","embeddable":true,"href":"https:\/\/sertsc.org.br\/site\/wp-json\/wp\/v2\/categories?post=12919"},{"taxonomy":"post_tag","embeddable":true,"href":"https:\/\/sertsc.org.br\/site\/wp-json\/wp\/v2\/tags?post=12919"}],"curies":[{"name":"wp","href":"https:\/\/api.w.org\/{rel}","templated":true}]}}