{"id":12904,"date":"2020-07-10T14:37:20","date_gmt":"2020-07-10T17:37:20","guid":{"rendered":"http:\/\/www.sertsc.org.br\/site\/?p=12904"},"modified":"2020-07-10T14:37:20","modified_gmt":"2020-07-10T17:37:20","slug":"o-papel-das-radios-e-tvs-do-interior-no-combate-ao-novo-coronavirus","status":"publish","type":"post","link":"https:\/\/sertsc.org.br\/site\/o-papel-das-radios-e-tvs-do-interior-no-combate-ao-novo-coronavirus\/","title":{"rendered":"O papel das r\u00e1dios e TVs do interior no combate ao novo coronav\u00edrus"},"content":{"rendered":"<p style=\"text-align: justify;\">O secret\u00e1rio-geral de Minas Gerais, Mateus Sim\u00f5es, destacou como o r\u00e1dio e a TV, especialmente os ve\u00edculos do interior, t\u00eam sido fundamentais no trabalho de preven\u00e7\u00e3o da COVID-19 ao levar informa\u00e7\u00e3o para a popula\u00e7\u00e3o. Ele foi o convidado da AMIRT Live, reuni\u00e3o online realizada pela Associa\u00e7\u00e3o Mineira de Emissoras de R\u00e1dio e Televis\u00e3o, na quinta-feira (9).<\/p>\n<p style=\"text-align: justify;\">Com o pico do coronav\u00edrus previsto para 15 de julho no estado, Sim\u00f5es refor\u00e7ou que o trabalho da m\u00eddia regional deve ser ainda mais intensificado nas pr\u00f3ximas semanas.<\/p>\n<p style=\"text-align: justify;\">\u201cGra\u00e7as ao trabalho das emissoras em refor\u00e7ar as medidas de higiene e distanciamento social, n\u00f3s obtivemos resultados positivos de conten\u00e7\u00e3o da velocidade de cont\u00e1gio at\u00e9 agora, principalmente quando comparamos com outros estados. Por isso, precisamos continuar com esse esfor\u00e7o conjunto entre governo e imprensa\u201d, ressaltou Sim\u00f5es.<\/p>\n<p style=\"text-align: justify;\">De acordo com o secret\u00e1rio, 72% da popula\u00e7\u00e3o vive no interior. \u201cA compra de m\u00eddia pelo governo leva em considera\u00e7\u00e3o o n\u00famero de ouvintes. \u00c9 o crit\u00e9rio jur\u00eddico que utilizamos para presta\u00e7\u00e3o no Tribunal de Contas. Isso acaba priorizando as r\u00e1dios e TVs que est\u00e3o na regi\u00e3o metropolitana, pois o formato de distribui\u00e7\u00e3o conta com um alcance maior na regi\u00e3o. Mas estamos \u00e0 disposi\u00e7\u00e3o para encontrar novos crit\u00e9rios, junto \u00e0s associa\u00e7\u00f5es estaduais. Nosso objetivo maior sempre ser\u00e1 manter a popula\u00e7\u00e3o mineira informada com qualidade, de uma maneira geral, e n\u00e3o somente focar nas a\u00e7\u00f5es de comunica\u00e7\u00e3o voltadas \u00e0 capital ou entorno imediato\u201d, destacou.<\/p>\n<p style=\"text-align: justify;\">Fonte: ABERT<\/p>\n","protected":false},"excerpt":{"rendered":"<p>O secret\u00e1rio-geral de Minas Gerais, Mateus Sim\u00f5es, destacou como o&hellip;<\/p>\n<p> <a class=\"more-link\" href=\"https:\/\/sertsc.org.br\/site\/o-papel-das-radios-e-tvs-do-interior-no-combate-ao-novo-coronavirus\/\">Leia mais<\/a><\/p>\n","protected":false},"author":1,"featured_media":12905,"comment_status":"closed","ping_status":"open","sticky":false,"template":"","format":"standard","meta":{"footnotes":""},"categories":[3],"tags":[],"class_list":{"0":"post-12904","1":"post","2":"type-post","3":"status-publish","4":"format-standard","5":"has-post-thumbnail","7":"category-noticias"},"_links":{"self":[{"href":"https:\/\/sertsc.org.br\/site\/wp-json\/wp\/v2\/posts\/12904","targetHints":{"allow":["GET"]}}],"collection":[{"href":"https:\/\/sertsc.org.br\/site\/wp-json\/wp\/v2\/posts"}],"about":[{"href":"https:\/\/sertsc.org.br\/site\/wp-json\/wp\/v2\/types\/post"}],"author":[{"embeddable":true,"href":"https:\/\/sertsc.org.br\/site\/wp-json\/wp\/v2\/users\/1"}],"replies":[{"embeddable":true,"href":"https:\/\/sertsc.org.br\/site\/wp-json\/wp\/v2\/comments?post=12904"}],"version-history":[{"count":0,"href":"https:\/\/sertsc.org.br\/site\/wp-json\/wp\/v2\/posts\/12904\/revisions"}],"wp:featuredmedia":[{"embeddable":true,"href":"https:\/\/sertsc.org.br\/site\/wp-json\/"}],"wp:attachment":[{"href":"https:\/\/sertsc.org.br\/site\/wp-json\/wp\/v2\/media?parent=12904"}],"wp:term":[{"taxonomy":"category","embeddable":true,"href":"https:\/\/sertsc.org.br\/site\/wp-json\/wp\/v2\/categories?post=12904"},{"taxonomy":"post_tag","embeddable":true,"href":"https:\/\/sertsc.org.br\/site\/wp-json\/wp\/v2\/tags?post=12904"}],"curies":[{"name":"wp","href":"https:\/\/api.w.org\/{rel}","templated":true}]}}