{"id":12884,"date":"2020-07-10T11:08:36","date_gmt":"2020-07-10T14:08:36","guid":{"rendered":"http:\/\/www.sertsc.org.br\/site\/?p=12884"},"modified":"2020-07-10T11:08:36","modified_gmt":"2020-07-10T14:08:36","slug":"mp-936-entidades-empresariais-entregam-carta-alcolumbre-e-pedem-derrubada-de-veto-desoneracao-da-folha","status":"publish","type":"post","link":"https:\/\/sertsc.org.br\/site\/mp-936-entidades-empresariais-entregam-carta-alcolumbre-e-pedem-derrubada-de-veto-desoneracao-da-folha\/","title":{"rendered":"MP 936: entidades empresariais entregam carta a Alcolumbre e pedem derrubada de veto \u00e0 desonera\u00e7\u00e3o da folha"},"content":{"rendered":"<p style=\"text-align: justify;\">BRAS\u00cdLIA &#8211; Um grupo de 36 entidades encaminhou nesta quinta-feira carta ao presidente do Senado, Davi Alcolumbre (DEM-AP), pedindo a derrubada do veto do presidente Jair Bolsonaro \u00e0 prorroga\u00e7\u00e3o da desonera\u00e7\u00e3o da folha de pagamento.<\/p>\n<p style=\"text-align: justify;\">As associa\u00e7\u00f5es afirmam que, caso a decis\u00e3o presidencial n\u00e3o seja revertida, haveria consequ\u00eancias dr\u00e1sticas para os setores, que representam cerca de 6 milh\u00f5es de empregos. A manuten\u00e7\u00e3o do benef\u00edcio, diz o of\u00edcio, poder\u00e1 &#8220;salvar centenas de milhares de empregos&#8221;.<\/p>\n<p style=\"text-align: justify;\">O presidente da C\u00e2mara, Rodrigo Maia (DEM-RJ), j\u00e1 afirmou nesta quarta-feira que vai trabalhar para que o\u00a0<a href=\"https:\/\/oglobo.globo.com\/economia\/desoneracao-da-folha-rodrigo-maia-afirma-que-congresso-vai-derrubar-veto-24523001\" target=\"_blank\" rel=\"noopener noreferrer\">Congresso derrube o veto<\/a>\u00a0do presidente.<\/p>\n<p style=\"text-align: justify;\">Hoje, uma legisla\u00e7\u00e3o permite que, at\u00e9 o fim deste ano, empresas de 17 setores que s\u00e3o grandes empregadores substituam a contribui\u00e7\u00e3o previdenci\u00e1ria de 20% sobre os sal\u00e1rios dos empregados por um recolhimento sobre a receita bruta. A regra, no entanto, s\u00f3 vale at\u00e9 o fim deste ano.<\/p>\n<p style=\"text-align: justify;\">A prorroga\u00e7\u00e3o do benef\u00edcio para at\u00e9 o fim de 2021 foi inclu\u00edda por parlamentares na medida provis\u00f3ria (MP) 936, que trata de acordos de suspens\u00e3o de contrato de trabalho durante a crise do coronav\u00edrus, como uma forma de preservar empregos, por\u00e9m o dispositivo foi vetado por Bolsonaro.Cabe a Alcolumbre, que tamb\u00e9m \u00e9 presidente do Congresso, pautar uma sess\u00e3o conjunta, com deputados e senadores, para analisar vetos presidenciais, inclusive o que barrou a extens\u00e3o do prazo para a desonera\u00e7\u00e3o.<\/p>\n<p style=\"text-align: justify;\">No documento, direcionado tamb\u00e9m a l\u00edderes partid\u00e1rios do Senado, as entidades demonstram preocupa\u00e7\u00e3o com o fim do regime de tributa\u00e7\u00e3o especial j\u00e1 no in\u00edcio de 2021, ainda sob efeitos da crise econ\u00f4mica causada pela pandemia.<\/p>\n<p style=\"text-align: justify;\">&#8220;O impacto da reonera\u00e7\u00e3o da folha em meio \u00e0 atual crise seria insuport\u00e1vel para esses setores e acarretaria consequ\u00eancias dr\u00e1sticas para os seus trabalhadores, empresas, consumidores e para o pr\u00f3prio Estado. Assim, pleiteiam a urgente revers\u00e3o deste veto pelo Congresso Nacional&#8221;, diz a carta.<\/p>\n<p style=\"text-align: justify;\"><strong>Reforma tribut\u00e1ria<\/strong><\/p>\n<p style=\"text-align: justify;\">A equipe econ\u00f4mica defende que a desonera\u00e7\u00e3o da folha seja inclu\u00edda em um projeto de reforma tribut\u00e1ria, ainda a ser encaminhado pelo Executivo ao Congresso.\u00a0 O plano do ministro da Economia, Paulo Guedes, \u00e9 reduzir as contribui\u00e7\u00f5es sobre sal\u00e1rios para todos os setores.<\/p>\n<p style=\"text-align: justify;\">\u00a0Esse benef\u00edcio seria bancado com a cria\u00e7\u00e3o de um tributo sobre transa\u00e7\u00f5es financeiras, nos moldes da CPMF.<\/p>\n<p style=\"text-align: justify;\">Nos bastidores do Congresso, a medida \u00e9 vista com desconfian\u00e7a, principalmente por causa da dificuldade em aprovar reformas tribut\u00e1rias. Parlamentares afirmam que, caso n\u00e3o haja uma proposta clara e a sinaliza\u00e7\u00e3o de que o projeto pode ser aprovado, a tend\u00eancia \u00e9 que o veto de Bolsonaro seja derrubado.<\/p>\n<p style=\"text-align: justify;\"><strong>Impacto para o investimento<\/strong><\/p>\n<p style=\"text-align: justify;\">Em outro trecho da carta, as organiza\u00e7\u00f5es destacam que a manuten\u00e7\u00e3o da regra tamb\u00e9m \u00e9 importante para decis\u00f5es de investimento.<\/p>\n<p style=\"text-align: justify;\">&#8220;Esta imprescind\u00edvel medida visa evitar um elevado aumento de custo do emprego formal em setores intensivos em m\u00e3o de obra ao final de 2020, quando \u00e9 absolutamente improv\u00e1vel que a economia e as empresas estejam plenamente recuperadas e capazes de suportar tal mudan\u00e7a. Trata-se de importante sinaliza\u00e7\u00e3o para decis\u00f5es empresariais que precisam ser tomadas em meio aos desafios atuais e que dever\u00e1 ajudar a salvar centenas de milhares de empregos&#8221;, pontua o documento.<\/p>\n<p style=\"text-align: justify;\">Os setores que contam com a desonera\u00e7\u00e3o s\u00e3o: cal\u00e7ados, call center, comunica\u00e7\u00e3o, confec\u00e7\u00e3o\/vestu\u00e1rio, constru\u00e7\u00e3o civil, empresas de constru\u00e7\u00e3o e obras de infraestrutura, couro, fabrica\u00e7\u00e3o de ve\u00edculos e carro\u00e7arias, m\u00e1quinas e equipamentos, prote\u00edna animal, t\u00eaxtil, TI (Tecnologia da informa\u00e7\u00e3o), TIC (Tecnologia de comunica\u00e7\u00e3o), projeto de circuitos integrados, transporte metroferrovi\u00e1rio de passageiros, transporte rodovi\u00e1rio coletivo e transporte rodovi\u00e1rio de cargas.<\/p>\n<p style=\"text-align: justify;\">As entidades tamb\u00e9m rebatem o argumento t\u00e9cnico da equipe econ\u00f4mica para recomendar o veto. O governo afirma que a medida seria inconstitucional, porque o projeto n\u00e3o indica a fonte de recursos para bancar a ren\u00fancia fiscal. Na avalia\u00e7\u00e3o dos setores, n\u00e3o se trata de ren\u00fancia fiscal, uma vez que continuam a pagar impostos, apenas seguem um outro modelo.<\/p>\n<p style=\"text-align: justify;\">Na avalia\u00e7\u00e3o das empresas, a inclus\u00e3o de artigo que indica que a fonte de custeio ser\u00e1 inclu\u00edda no demonstrativo que acompanhar\u00e1 o projeto de lei or\u00e7ament\u00e1ria de 2021 \u00e9 suficiente para atender \u00e0 exig\u00eancia legal.<\/p>\n<p style=\"text-align: justify;\">O documento afirma que esse expediente j\u00e1 foi usado em outros projetos de lei aprovados pelo Executivo, como o Refis do Simples Nacional, aprovado em 2018 e outros programas de regulariza\u00e7\u00e3o tribut\u00e1ria.<\/p>\n<p style=\"text-align: justify;\">Fonte: O Globo<\/p>\n","protected":false},"excerpt":{"rendered":"<p>BRAS\u00cdLIA &#8211; Um grupo de 36 entidades encaminhou nesta quinta-feira&hellip;<\/p>\n<p> <a class=\"more-link\" href=\"https:\/\/sertsc.org.br\/site\/mp-936-entidades-empresariais-entregam-carta-alcolumbre-e-pedem-derrubada-de-veto-desoneracao-da-folha\/\">Leia mais<\/a><\/p>\n","protected":false},"author":1,"featured_media":12887,"comment_status":"closed","ping_status":"open","sticky":false,"template":"","format":"standard","meta":{"footnotes":""},"categories":[3],"tags":[],"class_list":{"0":"post-12884","1":"post","2":"type-post","3":"status-publish","4":"format-standard","5":"has-post-thumbnail","7":"category-noticias"},"_links":{"self":[{"href":"https:\/\/sertsc.org.br\/site\/wp-json\/wp\/v2\/posts\/12884","targetHints":{"allow":["GET"]}}],"collection":[{"href":"https:\/\/sertsc.org.br\/site\/wp-json\/wp\/v2\/posts"}],"about":[{"href":"https:\/\/sertsc.org.br\/site\/wp-json\/wp\/v2\/types\/post"}],"author":[{"embeddable":true,"href":"https:\/\/sertsc.org.br\/site\/wp-json\/wp\/v2\/users\/1"}],"replies":[{"embeddable":true,"href":"https:\/\/sertsc.org.br\/site\/wp-json\/wp\/v2\/comments?post=12884"}],"version-history":[{"count":0,"href":"https:\/\/sertsc.org.br\/site\/wp-json\/wp\/v2\/posts\/12884\/revisions"}],"wp:featuredmedia":[{"embeddable":true,"href":"https:\/\/sertsc.org.br\/site\/wp-json\/"}],"wp:attachment":[{"href":"https:\/\/sertsc.org.br\/site\/wp-json\/wp\/v2\/media?parent=12884"}],"wp:term":[{"taxonomy":"category","embeddable":true,"href":"https:\/\/sertsc.org.br\/site\/wp-json\/wp\/v2\/categories?post=12884"},{"taxonomy":"post_tag","embeddable":true,"href":"https:\/\/sertsc.org.br\/site\/wp-json\/wp\/v2\/tags?post=12884"}],"curies":[{"name":"wp","href":"https:\/\/api.w.org\/{rel}","templated":true}]}}