{"id":12881,"date":"2020-07-10T10:52:52","date_gmt":"2020-07-10T13:52:52","guid":{"rendered":"http:\/\/www.sertsc.org.br\/site\/?p=12881"},"modified":"2020-07-10T10:52:52","modified_gmt":"2020-07-10T13:52:52","slug":"bolsonaro-veta-prorrogacao-da-desoneracao-da-folha-de-empresas-ao-sancionar-mp-que-permite-reduzir-jornada-e-salario","status":"publish","type":"post","link":"https:\/\/sertsc.org.br\/site\/bolsonaro-veta-prorrogacao-da-desoneracao-da-folha-de-empresas-ao-sancionar-mp-que-permite-reduzir-jornada-e-salario\/","title":{"rendered":"Bolsonaro veta prorroga\u00e7\u00e3o da desonera\u00e7\u00e3o da folha de empresas ao sancionar MP que permite reduzir jornada e sal\u00e1rio"},"content":{"rendered":"<p style=\"text-align: justify;\">O presidente\u00a0<a href=\"https:\/\/g1.globo.com\/politica\/politico\/jair-bolsonaro\/\">Jair Bolsonaro<\/a>\u00a0sancionou com vetos nesta segunda-feira (6) a medida provis\u00f3ria que permite a\u00a0<a href=\"https:\/\/g1.globo.com\/politica\/noticia\/2020\/06\/16\/senado-aprova-mp-que-permite-reducoes-de-jornada-e-salario-e-suspensao-de-contratos.ghtml\">redu\u00e7\u00e3o da jornada de trabalho e do sal\u00e1rio<\/a>\u00a0em raz\u00e3o da pandemia do novo coronav\u00edrus. Entre os pontos vetados, est\u00e1 a prorroga\u00e7\u00e3o at\u00e9 2021 da desonera\u00e7\u00e3o da folha de pagamento de empresas de 17 setores da economia.<\/p>\n<div class=\"mc-column content-text active-extra-styles \" style=\"text-align: justify;\" data-block-type=\"unstyled\" data-block-weight=\"61\" data-block-id=\"3\">\n<p class=\"content-text__container \" data-track-category=\"Link no Texto\" data-track-links=\"\">Ele anunciou a san\u00e7\u00e3o em mensagem em uma rede social. O texto foi\u00a0<a href=\"https:\/\/g1.globo.com\/politica\/noticia\/2020\/06\/16\/senado-aprova-mp-que-permite-reducoes-de-jornada-e-salario-e-suspensao-de-contratos.ghtml\">aprovado<\/a>\u00a0pelo\u00a0<a href=\"https:\/\/g1.globo.com\/tudo-sobre\/senado-federal\/\">Senado<\/a>\u00a0em 16 de junho. &#8220;Sancionada hoje a Lei que instituiu o Programa Emergencial de Manuten\u00e7\u00e3o do Emprego e da Renda (MP-936). Todos os benef\u00edcios ser\u00e3o custeados com recursos da Uni\u00e3o, operacionalizado e pago pelo @MinEconomia diretamente ao empregado&#8221;, publicou Bolsonaro.<\/p>\n<\/div>\n<div class=\"mc-column content-text active-extra-styles \" style=\"text-align: justify;\" data-block-type=\"unstyled\" data-block-weight=\"19\" data-block-id=\"4\">\n<p class=\"content-text__container \" data-track-category=\"Link no Texto\" data-track-links=\"\">O presidente vetou a prorroga\u00e7\u00e3o da desonera\u00e7\u00e3o da folha de pagamentos, que atualmente beneficia 17 setores da economia.<\/p>\n<\/div>\n<div class=\"mc-column content-text active-extra-styles \" style=\"text-align: justify;\" data-block-type=\"unstyled\" data-block-weight=\"54\" data-block-id=\"5\">\n<p class=\"content-text__container \" data-track-category=\"Link no Texto\" data-track-links=\"\">A prorroga\u00e7\u00e3o foi inclu\u00edda no texto pelo Congresso, que pode derrubar o veto \u2014 quando um presidente veta trechos de um projeto aprovado pelo Legislativo, os vetos s\u00e3o analisados por deputados e senadores. Para se derrubar um veto na C\u00e2mara, s\u00e3o necess\u00e1rios 257 votos. No Senado, 41; ou seja, maioria absoluta nas duas Casas.<\/p>\n<\/div>\n<div class=\"mc-column content-text active-extra-styles \" style=\"text-align: justify;\" data-block-type=\"unstyled\" data-block-weight=\"30\" data-block-id=\"6\">\n<p class=\"content-text__container \" data-track-category=\"Link no Texto\" data-track-links=\"\">A lei atual prev\u00ea que o benef\u00edcio da prorroga\u00e7\u00e3o ser\u00e1 concedido at\u00e9 o fim de 2020. Se os trechos fossem sancionados, a desonera\u00e7\u00e3o seria prorrogada at\u00e9 o fim de 2021.<\/p>\n<\/div>\n<div class=\"mc-column content-text active-extra-styles \" style=\"text-align: justify;\" data-block-type=\"unstyled\" data-block-weight=\"38\" data-block-id=\"8\">\n<p class=\"content-text__container \" data-track-category=\"Link no Texto\" data-track-links=\"\">Defensores da prorroga\u00e7\u00e3o da desonera\u00e7\u00e3o dizem que esses setores s\u00e3o os que mais empregam no pa\u00eds. Segundo o senador Vanderlan Cardoso, relator da MP no Senado, empresas dessas \u00e1reas d\u00e3o emprego a mais de 6 milh\u00f5es de pessoas.<\/p>\n<\/div>\n<div class=\"mc-column content-text active-extra-styles\" style=\"text-align: justify;\" data-block-type=\"raw\" data-block-weight=\"3\" data-block-id=\"9\">\n<div class=\"content-intertitle\">\n<p><strong>Sugest\u00e3o de Guedes<\/strong><\/p>\n<\/div>\n<\/div>\n<div class=\"mc-column content-text active-extra-styles \" style=\"text-align: justify;\" data-block-type=\"unstyled\" data-block-weight=\"52\" data-block-id=\"10\">\n<p class=\"content-text__container \" data-track-category=\"Link no Texto\" data-track-links=\"\">O veto foi uma sugest\u00e3o do ministro da Economia, Paulo Guedes, ao presidente. Ao tomar essa iniciativa, Guedes contrariou o discurso que sempre teve \u00e0 frente da pasta. Desde o in\u00edcio do governo, ele argumenta que a incid\u00eancia de tributos sobre a folha salarial vai na contram\u00e3o da necessidade de criar empregos.<\/p>\n<\/div>\n<div class=\"mc-column content-text active-extra-styles \" style=\"text-align: justify;\" data-block-type=\"unstyled\" data-block-weight=\"15\" data-block-id=\"11\">\n<p class=\"content-text__container \" data-track-category=\"Link no Texto\" data-track-links=\"\">Economistas apontam que o pa\u00eds levar\u00e1 anos para se recuperar da recess\u00e3o causada pela pandemia.<\/p>\n<\/div>\n<div class=\"mc-column content-text active-extra-styles\" style=\"text-align: justify;\" data-block-type=\"raw\" data-block-weight=\"3\" data-block-id=\"12\">\n<div class=\"content-intertitle\">\n<p><strong>Justificativa do governo<\/strong><\/p>\n<\/div>\n<\/div>\n<div class=\"mc-column content-text active-extra-styles \" style=\"text-align: justify;\" data-block-type=\"unstyled\" data-block-weight=\"44\" data-block-id=\"13\">\n<p class=\"content-text__container \" data-track-category=\"Link no Texto\" data-track-links=\"\">Ao vetar a prorroga\u00e7\u00e3o das desonera\u00e7\u00f5es, segundo a Secretaria-Geral da Presid\u00eancia, o governo afirmou que \u201ctais dispositivos acabavam por acarretar ren\u00fancia de receita, sem o cancelamento equivalente de outra despesa obrigat\u00f3ria e sem que esteja acompanhada de estimativa do seu impacto or\u00e7ament\u00e1rio e financeiro\u201d.<\/p>\n<\/div>\n<div class=\"mc-column content-text active-extra-styles \" data-block-type=\"unstyled\" data-block-weight=\"24\" data-block-id=\"14\">\n<p class=\"content-text__container \" style=\"text-align: justify;\" data-track-category=\"Link no Texto\" data-track-links=\"\">O governo afirmou que tal dispositivo, al\u00e9m de criar despesa obrigat\u00f3ria, daria tratamento distinto entre os diversos tipos de desempregados de forma injustificada.<\/p>\n<div class=\"mc-column content-text active-extra-styles\" style=\"text-align: justify;\" data-block-type=\"raw\" data-block-weight=\"2\" data-block-id=\"16\">\n<div class=\"content-intertitle\">\n<p><strong>Setores atingidos<\/strong><\/p>\n<\/div>\n<\/div>\n<div class=\"mc-column content-text active-extra-styles \" style=\"text-align: justify;\" data-block-type=\"unstyled\" data-block-weight=\"7\" data-block-id=\"17\">\n<p class=\"content-text__container \" data-track-category=\"Link no Texto\" data-track-links=\"\">O fim da desonera\u00e7\u00e3o atingir\u00e1 setores como:<\/p>\n<\/div>\n<div class=\"mc-column content-text active-extra-styles\" style=\"text-align: justify;\" data-block-type=\"raw\" data-block-weight=\"10\" data-block-id=\"18\">\n<ul class=\"content-unordered-list\">\n<li>Call center<\/li>\n<li>Comunica\u00e7\u00e3o<\/li>\n<li>Tecnologia da informa\u00e7\u00e3o<\/li>\n<li>Transporte<\/li>\n<li>Constru\u00e7\u00e3o civil<\/li>\n<li>T\u00eaxtil<\/li>\n<\/ul>\n<\/div>\n<div class=\"mc-column content-text active-extra-styles\" style=\"text-align: justify;\" data-block-type=\"raw\" data-block-weight=\"2\" data-block-id=\"19\">\n<div class=\"content-intertitle\">\n<p><strong>Outros vetos<\/strong><\/p>\n<\/div>\n<\/div>\n<div class=\"mc-column content-text active-extra-styles \" style=\"text-align: justify;\" data-block-type=\"unstyled\" data-block-weight=\"40\" data-block-id=\"21\">\n<p class=\"content-text__container \" data-track-category=\"Link no Texto\" data-track-links=\"\">Outro dos artigos vetados, de acordo com a Secretaria-Geral, previa que os empregados sem direito ao seguro-desemprego dispensados sem justa causa na pandemia teriam direito ao aux\u00edlio emergencial de R$ 600 por tr\u00eas meses contados da data da demiss\u00e3o.<\/p>\n<\/div>\n<div class=\"mc-column content-text active-extra-styles \" style=\"text-align: justify;\" data-block-type=\"unstyled\" data-block-weight=\"40\" data-block-id=\"22\">\n<p class=\"content-text__container \" data-track-category=\"Link no Texto\" data-track-links=\"\">Segundo a Secretaria-Geral, isso criaria despesa obrigat\u00f3ria para o poder p\u00fablico violando regra, prevista na Constitui\u00e7\u00e3o, que diz que uma proposi\u00e7\u00e3o legislativa que crie gasto obrigat\u00f3rio ou ren\u00fancia de receita deve ser acompanhada de estimativa de impacto or\u00e7ament\u00e1rio e financeiro.<\/p>\n<\/div>\n<div class=\"mc-column content-text active-extra-styles \" style=\"text-align: justify;\" data-block-type=\"unstyled\" data-block-weight=\"49\" data-block-id=\"23\">\n<p class=\"content-text__container \" data-track-category=\"Link no Texto\" data-track-links=\"\">Ainda com base no que foi informado pela secretaria, foi vetado trecho que dizia que o benefici\u00e1rio que tinha direito \u00e0 \u00faltima parcela do seguro-desemprego nos meses de mar\u00e7o ou abril de 2020 poderia receber o aux\u00edlio emergencial, no valor de R$ 600, pelo per\u00edodo de tr\u00eas meses.<\/p>\n<\/div>\n<div class=\"mc-column content-text active-extra-styles \" style=\"text-align: justify;\" data-block-type=\"unstyled\" data-block-weight=\"36\" data-block-id=\"24\">\n<p class=\"content-text__container \" data-track-category=\"Link no Texto\" data-track-links=\"\">Conforme a Secretaria-Geral da Presid\u00eancia, foi vetado artigo que dispensava empresas de exig\u00eancia de cumprimento de n\u00edvel m\u00ednimo de produ\u00e7\u00e3o para aproveitamento de benef\u00edcios fiscais concedidos por prazo certo e em fun\u00e7\u00e3o de determinadas condi\u00e7\u00f5es.<\/p>\n<\/div>\n<div class=\"mc-column content-text active-extra-styles\" style=\"text-align: justify;\" data-block-type=\"raw\" data-block-weight=\"3\" data-block-id=\"25\">\n<div class=\"content-intertitle\">\n<p><strong>A medida provis\u00f3ria<\/strong><\/p>\n<\/div>\n<\/div>\n<div class=\"mc-column content-text active-extra-styles \" style=\"text-align: justify;\" data-block-type=\"unstyled\" data-block-weight=\"27\" data-block-id=\"26\">\n<p class=\"content-text__container \" data-track-category=\"Link no Texto\" data-track-links=\"\">O objetivo da medida,\u00a0<a href=\"https:\/\/g1.globo.com\/economia\/noticia\/2020\/04\/01\/veja-detalhes-da-mp-que-autoriza-reducao-de-jornada-e-salario-em-ate-tres-meses.ghtml\">editada pelo governo federal em abril<\/a>, \u00e9 preservar empregos e renda neste per\u00edodo de pandemia, em que a crise econ\u00f4mica foi agravada.<\/p>\n<\/div>\n<div class=\"mc-column content-text active-extra-styles \" style=\"text-align: justify;\" data-block-type=\"unstyled\" data-block-weight=\"28\" data-block-id=\"27\">\n<p class=\"content-text__container \" data-track-category=\"Link no Texto\" data-track-links=\"\">O texto permitiu \u00e0s empresas reduzirem a jornada de trabalho com a diminui\u00e7\u00e3o proporcional de sal\u00e1rios. A MP tamb\u00e9m autorizou a suspens\u00e3o tempor\u00e1ria de contratos de trabalho.<\/p>\n<\/div>\n<div class=\"mc-column content-text active-extra-styles \" style=\"text-align: justify;\" data-block-type=\"unstyled\" data-block-weight=\"35\" data-block-id=\"28\">\n<p class=\"content-text__container \" data-track-category=\"Link no Texto\" data-track-links=\"\">Pela lei, a redu\u00e7\u00e3o de jornada e de sal\u00e1rios e a suspens\u00e3o dos contratos podem ocorrer enquanto durar o estado de calamidade p\u00fablica\u00a0<a href=\"https:\/\/g1.globo.com\/politica\/noticia\/2020\/03\/20\/coronavirus-senado-aprova-decreto-que-reconhece-estado-de-calamidade-publica.ghtml\">decretado at\u00e9 31 de dezembro de 2020\u00a0<\/a>em raz\u00e3o da pandemia.<\/p>\n<\/div>\n<div class=\"mc-column content-text active-extra-styles \" style=\"text-align: justify;\" data-block-type=\"unstyled\" data-block-weight=\"31\" data-block-id=\"29\">\n<p class=\"content-text__container \" data-track-category=\"Link no Texto\" data-track-links=\"\">As regras estavam em vig\u00eancia desde a edi\u00e7\u00e3o da medida. Com a aprova\u00e7\u00e3o da proposta pelo Congresso e com a san\u00e7\u00e3o presidencial, o texto da MP foi transformado em lei.<\/p>\n<\/div>\n<div class=\"mc-column content-text active-extra-styles \" style=\"text-align: justify;\" data-block-type=\"unstyled\" data-block-weight=\"35\" data-block-id=\"30\">\n<p class=\"content-text__container \" data-track-category=\"Link no Texto\" data-track-links=\"\">Segundo o Minist\u00e9rio da Economia, at\u00e9 o meados de junho, o chamado Programa Emergencial de Manuten\u00e7\u00e3o do Emprego e da Renda \u2013 criado pela MP \u2013 preservou mais de 10 milh\u00f5es de postos de trabalho.<\/p>\n<\/div>\n<div class=\"content-ads content-ads--reveal\" style=\"text-align: justify;\" data-block-type=\"ads\" data-block-id=\"31\"><\/div>\n<div class=\"block-podcast\">\u00a0Fonte: G1<\/div>\n<p class=\"content-text__container \" data-track-category=\"Link no Texto\" data-track-links=\"\">\n<\/div>\n","protected":false},"excerpt":{"rendered":"<p>O presidente\u00a0Jair Bolsonaro\u00a0sancionou com vetos nesta segunda-feira (6) a medida&hellip;<\/p>\n<p> <a class=\"more-link\" href=\"https:\/\/sertsc.org.br\/site\/bolsonaro-veta-prorrogacao-da-desoneracao-da-folha-de-empresas-ao-sancionar-mp-que-permite-reduzir-jornada-e-salario\/\">Leia mais<\/a><\/p>\n","protected":false},"author":1,"featured_media":12882,"comment_status":"closed","ping_status":"open","sticky":false,"template":"","format":"standard","meta":{"footnotes":""},"categories":[3],"tags":[],"class_list":{"0":"post-12881","1":"post","2":"type-post","3":"status-publish","4":"format-standard","5":"has-post-thumbnail","7":"category-noticias"},"_links":{"self":[{"href":"https:\/\/sertsc.org.br\/site\/wp-json\/wp\/v2\/posts\/12881","targetHints":{"allow":["GET"]}}],"collection":[{"href":"https:\/\/sertsc.org.br\/site\/wp-json\/wp\/v2\/posts"}],"about":[{"href":"https:\/\/sertsc.org.br\/site\/wp-json\/wp\/v2\/types\/post"}],"author":[{"embeddable":true,"href":"https:\/\/sertsc.org.br\/site\/wp-json\/wp\/v2\/users\/1"}],"replies":[{"embeddable":true,"href":"https:\/\/sertsc.org.br\/site\/wp-json\/wp\/v2\/comments?post=12881"}],"version-history":[{"count":0,"href":"https:\/\/sertsc.org.br\/site\/wp-json\/wp\/v2\/posts\/12881\/revisions"}],"wp:featuredmedia":[{"embeddable":true,"href":"https:\/\/sertsc.org.br\/site\/wp-json\/"}],"wp:attachment":[{"href":"https:\/\/sertsc.org.br\/site\/wp-json\/wp\/v2\/media?parent=12881"}],"wp:term":[{"taxonomy":"category","embeddable":true,"href":"https:\/\/sertsc.org.br\/site\/wp-json\/wp\/v2\/categories?post=12881"},{"taxonomy":"post_tag","embeddable":true,"href":"https:\/\/sertsc.org.br\/site\/wp-json\/wp\/v2\/tags?post=12881"}],"curies":[{"name":"wp","href":"https:\/\/api.w.org\/{rel}","templated":true}]}}