{"id":12876,"date":"2020-07-09T10:52:43","date_gmt":"2020-07-09T13:52:43","guid":{"rendered":"http:\/\/www.sertsc.org.br\/site\/?p=12876"},"modified":"2020-07-09T10:52:43","modified_gmt":"2020-07-09T13:52:43","slug":"com-deslocamentos-audiencia-de-radio-nos-eua-avanca-meio-observa-comportamento-do-abre-e-fecha","status":"publish","type":"post","link":"https:\/\/sertsc.org.br\/site\/com-deslocamentos-audiencia-de-radio-nos-eua-avanca-meio-observa-comportamento-do-abre-e-fecha\/","title":{"rendered":"Com deslocamentos, audi\u00eancia de r\u00e1dio nos EUA avan\u00e7a. Meio observa comportamento do &#8220;abre e fecha&#8221;"},"content":{"rendered":"<p style=\"text-align: justify;\">Diferente do que ocorre no Brasil, o r\u00e1dio dos Estados Unidos \u00e9 mais dependente das escutas feitas fora de casa, ou seja, precisa da circula\u00e7\u00e3o de pessoas, seja para os deslocamentos at\u00e9 o trabalho, estudos, compras ou lazer. Com uma quarentena mais restritiva a partir de abril, o volume de escutas das esta\u00e7\u00f5es ca\u00edram na compara\u00e7\u00e3o com mar\u00e7o, mas n\u00e3o de forma significativa. J\u00e1 em maio o meio come\u00e7ou a recuperar sua audi\u00eancia, ampliando novamente em junho segundo a Nielsen. Mercado internacional fica atento ao &#8220;abre e fecha&#8221; imposto pela covid-19.<\/p>\n<p style=\"text-align: justify;\">Os n\u00edveis de escutas em junho j\u00e1 est\u00e3o bem pr\u00f3ximos do que foi observado em mar\u00e7o, antes do pico da pandemia. Ou seja, a audi\u00eancia atual j\u00e1 representa 95% do valor registrado em mar\u00e7o pela Nielsen. E, conforme as escutas s\u00e3o ampliadas, a parcela originada fora de casa cresce, assim como h\u00e1 uma\u00a0<strong><a href=\"https:\/\/tudoradio.com\/noticias\/ver\/23625-tendencias-coronavirus-apos-queda-formatos-musicais-comecam-a-recuperar-a-audiencia-perdida-no-inicio-da-pandemia\">normaliza\u00e7\u00e3o do ranking de audi\u00eancia das esta\u00e7\u00f5es nos principais mercados<\/a><\/strong>.<\/p>\n<p style=\"text-align: justify;\">\n<figure id=\"attachment_12878\" aria-describedby=\"caption-attachment-12878\" style=\"width: 500px\" class=\"wp-caption aligncenter\"><img fetchpriority=\"high\" decoding=\"async\" class=\"wp-image-12878 size-full\" src=\"http:\/\/www.sertsc.org.br\/site\/wp-content\/uploads\/2020\/07\/5f0290aa824a2.png\" alt=\"N\u00edveis de escutas de r\u00e1dio nos Estados Unidos entre mar\u00e7o e junho \/ Nielsen \" width=\"500\" height=\"309\" \/><figcaption id=\"caption-attachment-12878\" class=\"wp-caption-text\">N\u00edveis de escutas de r\u00e1dio nos Estados Unidos entre mar\u00e7o e junho \/ Nielsen<\/figcaption><\/figure>\n<p style=\"text-align: justify;\">\n<p style=\"text-align: justify;\">Por\u00e9m, a queda observada em abril n\u00e3o foi o &#8220;fim do mundo&#8221;, longe disso. Segundo an\u00e1lises de diferentes portais especializados em m\u00eddia, como o r\u00e1dio norte-americano se beneficia demais dos deslocamentos, a quarentena poderia ter um efeito mais significativo nas escutas de r\u00e1dio. Por\u00e9m,\u00a0<strong><a href=\"https:\/\/tudoradio.com\/noticias\/ver\/23334-o-radio-hoje-radio-manteve-retencao-de-90-de-seu-publico-mesmo-com-a-crise-do-novo-coronavirus-nos-estados-unidos-audiencia-em-casa-avanca\">boa parte dessa audi\u00eancia migrou para escutas dentro de casa<\/a><\/strong>, mantendo suas rotinas em rela\u00e7\u00e3o \u00e0s suas esta\u00e7\u00f5es.<\/p>\n<p style=\"text-align: justify;\">O comportamento da audi\u00eancia de r\u00e1dio nos Estados Unidos \u00e9 importante para determinar uma s\u00e9rie de tend\u00eancias entre a popula\u00e7\u00e3o local. Conforme a parcela de audi\u00eancia fora de casa \u00e9 ampliada, \u00e9 poss\u00edvel identificar uma gradativa retomada as atividades que foram impactadas pela covid-19. Por\u00e9m as recupera\u00e7\u00f5es n\u00e3o s\u00e3o lineares entre os mercados, j\u00e1 que cada um foi atingido de uma forma diferente pela pandemia do novo coronav\u00edrus. O que tamb\u00e9m impacta na \u00e1rea comercial.<\/p>\n<p style=\"text-align: justify;\">\n<figure id=\"attachment_12877\" aria-describedby=\"caption-attachment-12877\" style=\"width: 500px\" class=\"wp-caption aligncenter\"><img decoding=\"async\" class=\"size-full wp-image-12877\" src=\"http:\/\/www.sertsc.org.br\/site\/wp-content\/uploads\/2020\/07\/5f0290aa83f50.png\" alt=\"Divis\u00e3o da audi\u00eancia de r\u00e1dio entre resid\u00eancias e fora de casa \/ Nielsen \" width=\"500\" height=\"299\" \/><figcaption id=\"caption-attachment-12877\" class=\"wp-caption-text\">Divis\u00e3o da audi\u00eancia de r\u00e1dio entre resid\u00eancias e fora de casa \/ Nielsen<\/figcaption><\/figure>\n<p>&nbsp;<\/p>\n<p style=\"text-align: justify;\"><strong>O abre e fecha. Mudan\u00e7as de comportamento<\/strong><\/p>\n<p style=\"text-align: justify;\">O que \u00e9 consenso entre os executivos de r\u00e1dio, seja no Brasil ou l\u00e1 fora, \u00e9 a necessidade se analisar m\u00eas ap\u00f3s m\u00eas, devido a din\u00e2mica de &#8220;abre e fecha&#8221; das atividades, o que modifica a rotina da popula\u00e7\u00e3o e tamb\u00e9m da \u00e1rea comercial. Por\u00e9m, alguns executivos da \u00e1rea comercial estimam que &#8220;o fundo do po\u00e7o j\u00e1 pode ter passado&#8221;, em rela\u00e7\u00e3o \u00e0 retra\u00e7\u00e3o comercial no Brasil.<\/p>\n<p style=\"text-align: justify;\">Com um r\u00e1dio mais forte nas resid\u00eancias,\u00a0<strong><a href=\"https:\/\/tudoradio.com\/noticias\/ver\/23645-o-radio-hoje-levantamento-do-kantar-ibope-media-revela-aumento-do-consumo-de-radio-durante-a-pandemia\">o mercado brasileiro experimentou uma consider\u00e1vel reten\u00e7\u00e3o da audi\u00eancia de r\u00e1dio no in\u00edcio da pandemia<\/a><\/strong>, com crescimento do meio nas plataformas digitais. Depois, o\u00a0<strong><a href=\"https:\/\/tudoradio.com\/noticias\/ver\/23316-o-radio-hoje-consumo-de-radio-no-brasil-avanca-no-offline-e-no-digital-grande-variacao-de-conteudo-beneficia-procura-pelo-meio\">alcance das esta\u00e7\u00f5es foi ampliado em v\u00e1rios mercados<\/a><\/strong>, assim como o tempo m\u00e9dio de escutas.<\/p>\n<p style=\"text-align: justify;\">Apenas alguns projetos espec\u00edficos de algumas FMs foram impactados negativamente com o isolamento, sendo aqueles que dependiam mais de deslocamentos dos ouvintes. Mas a situa\u00e7\u00e3o de escutas tamb\u00e9m parece se normalizar no decorrer da pandemia.<\/p>\n<p style=\"text-align: justify;\">Fonte: Tudor\u00e1dio<\/p>\n","protected":false},"excerpt":{"rendered":"<p>Diferente do que ocorre no Brasil, o r\u00e1dio dos Estados&hellip;<\/p>\n<p> <a class=\"more-link\" href=\"https:\/\/sertsc.org.br\/site\/com-deslocamentos-audiencia-de-radio-nos-eua-avanca-meio-observa-comportamento-do-abre-e-fecha\/\">Leia mais<\/a><\/p>\n","protected":false},"author":1,"featured_media":12879,"comment_status":"closed","ping_status":"open","sticky":false,"template":"","format":"standard","meta":{"footnotes":""},"categories":[3],"tags":[],"class_list":{"0":"post-12876","1":"post","2":"type-post","3":"status-publish","4":"format-standard","5":"has-post-thumbnail","7":"category-noticias"},"_links":{"self":[{"href":"https:\/\/sertsc.org.br\/site\/wp-json\/wp\/v2\/posts\/12876","targetHints":{"allow":["GET"]}}],"collection":[{"href":"https:\/\/sertsc.org.br\/site\/wp-json\/wp\/v2\/posts"}],"about":[{"href":"https:\/\/sertsc.org.br\/site\/wp-json\/wp\/v2\/types\/post"}],"author":[{"embeddable":true,"href":"https:\/\/sertsc.org.br\/site\/wp-json\/wp\/v2\/users\/1"}],"replies":[{"embeddable":true,"href":"https:\/\/sertsc.org.br\/site\/wp-json\/wp\/v2\/comments?post=12876"}],"version-history":[{"count":0,"href":"https:\/\/sertsc.org.br\/site\/wp-json\/wp\/v2\/posts\/12876\/revisions"}],"wp:featuredmedia":[{"embeddable":true,"href":"https:\/\/sertsc.org.br\/site\/wp-json\/"}],"wp:attachment":[{"href":"https:\/\/sertsc.org.br\/site\/wp-json\/wp\/v2\/media?parent=12876"}],"wp:term":[{"taxonomy":"category","embeddable":true,"href":"https:\/\/sertsc.org.br\/site\/wp-json\/wp\/v2\/categories?post=12876"},{"taxonomy":"post_tag","embeddable":true,"href":"https:\/\/sertsc.org.br\/site\/wp-json\/wp\/v2\/tags?post=12876"}],"curies":[{"name":"wp","href":"https:\/\/api.w.org\/{rel}","templated":true}]}}