{"id":12872,"date":"2020-07-09T08:48:52","date_gmt":"2020-07-09T11:48:52","guid":{"rendered":"http:\/\/www.sertsc.org.br\/site\/?p=12872"},"modified":"2020-07-09T08:48:52","modified_gmt":"2020-07-09T11:48:52","slug":"sertsc-live-sobre-lei-geral-de-protecao-de-dados-tem-repercussao-positiva","status":"publish","type":"post","link":"https:\/\/sertsc.org.br\/site\/sertsc-live-sobre-lei-geral-de-protecao-de-dados-tem-repercussao-positiva\/","title":{"rendered":"SERT\/SC Live sobre Lei Geral de Prote\u00e7\u00e3o de Dados tem repercuss\u00e3o positiva"},"content":{"rendered":"<p style=\"text-align: justify;\">Mais de 40 pessoas participaram do SERT\/SC Live promovido no dia 8 de julho. O advogado Felipe Palhares foi o palestrante convidado. Ele tratou da Lei Geral de Prote\u00e7\u00e3o de Dados (LGPD) e esclareceu diversas d\u00favidas dos radiodifusores filiados ao sindicato.<\/p>\n<p style=\"text-align: justify;\">Dentre os t\u00f3picos abordados por Palhares, est\u00e3o a aplica\u00e7\u00e3o da Lei nos mais diferentes portes de empresa \u2013 sejam elas micro, pequenas, m\u00e9dias ou grandes \u2013, o in\u00edcio da vig\u00eancia, as formas de capta\u00e7\u00e3o de dados, os termos de privacidade, o uso em promo\u00e7\u00f5es e eventos, os direitos dos titulares dos dados, o arquivamento e as mudan\u00e7as necess\u00e1rias em procedimentos internos.<\/p>\n<p style=\"text-align: justify;\">&#8220;Neste momento t\u00e3o desafiador, torna-se ainda mais importante e valiosa a troca de ideias com profissionais do n\u00edvel do Dr. Felipe Palhares, que \u00e9 uma das principais refer\u00eancias quando o assunto \u00e9 Lei Geral de Prote\u00e7\u00e3o de Dados. A repercuss\u00e3o positiva que tivemos nos serve de est\u00edmulo para continuarmos a oferecer informa\u00e7\u00f5es e servi\u00e7os de alto n\u00edvel aos filiados do SERT\/SC&#8221;, afirmou o Dr. Marcos Ant\u00f4nio Silveira, assessor jur\u00eddico do sindicato.<\/p>\n<p style=\"text-align: justify;\">Atrav\u00e9s da Internet, o SERT\/SC Live leva aos radiodifusores catarinenses uma s\u00e9rie de confer\u00eancias exclusivas com algumas das maiores refer\u00eancias do mercado brasileiro. &#8220;Apesar das dificuldades que a pandemia e a crise econ\u00f4mica nos imp\u00f5em, ampliamos ainda mais o trabalho realizado pelo sindicato. Al\u00e9m de refor\u00e7armos os servi\u00e7os que j\u00e1 prest\u00e1vamos no campo jur\u00eddico, democratizamos a oferta dos nossos cursos on-line e lan\u00e7amos a s\u00e9rie de lives. Os resultados alcan\u00e7ados s\u00e3o expressivos e mostram que estamos no caminho certo&#8221;, disse Ana Paula Melo, presidente do SERT\/SC. &#8220;Aproveito a oportunidade para agradecer a toda a diretoria e a todos os mais de 200 filiados do sindicato. Tenho certeza de que, juntos, venceremos qualquer adversidade&#8221;, concluiu Ana Paula.<\/p>\n","protected":false},"excerpt":{"rendered":"<p>Mais de 40 pessoas participaram do SERT\/SC Live promovido no&hellip;<\/p>\n<p> <a class=\"more-link\" href=\"https:\/\/sertsc.org.br\/site\/sertsc-live-sobre-lei-geral-de-protecao-de-dados-tem-repercussao-positiva\/\">Leia mais<\/a><\/p>\n","protected":false},"author":1,"featured_media":12873,"comment_status":"closed","ping_status":"open","sticky":false,"template":"","format":"standard","meta":{"footnotes":""},"categories":[33],"tags":[],"class_list":{"0":"post-12872","1":"post","2":"type-post","3":"status-publish","4":"format-standard","5":"has-post-thumbnail","7":"category-destaques"},"_links":{"self":[{"href":"https:\/\/sertsc.org.br\/site\/wp-json\/wp\/v2\/posts\/12872","targetHints":{"allow":["GET"]}}],"collection":[{"href":"https:\/\/sertsc.org.br\/site\/wp-json\/wp\/v2\/posts"}],"about":[{"href":"https:\/\/sertsc.org.br\/site\/wp-json\/wp\/v2\/types\/post"}],"author":[{"embeddable":true,"href":"https:\/\/sertsc.org.br\/site\/wp-json\/wp\/v2\/users\/1"}],"replies":[{"embeddable":true,"href":"https:\/\/sertsc.org.br\/site\/wp-json\/wp\/v2\/comments?post=12872"}],"version-history":[{"count":0,"href":"https:\/\/sertsc.org.br\/site\/wp-json\/wp\/v2\/posts\/12872\/revisions"}],"wp:featuredmedia":[{"embeddable":true,"href":"https:\/\/sertsc.org.br\/site\/wp-json\/"}],"wp:attachment":[{"href":"https:\/\/sertsc.org.br\/site\/wp-json\/wp\/v2\/media?parent=12872"}],"wp:term":[{"taxonomy":"category","embeddable":true,"href":"https:\/\/sertsc.org.br\/site\/wp-json\/wp\/v2\/categories?post=12872"},{"taxonomy":"post_tag","embeddable":true,"href":"https:\/\/sertsc.org.br\/site\/wp-json\/wp\/v2\/tags?post=12872"}],"curies":[{"name":"wp","href":"https:\/\/api.w.org\/{rel}","templated":true}]}}