{"id":12869,"date":"2020-07-09T08:40:23","date_gmt":"2020-07-09T11:40:23","guid":{"rendered":"http:\/\/www.sertsc.org.br\/site\/?p=12869"},"modified":"2020-07-09T08:40:23","modified_gmt":"2020-07-09T11:40:23","slug":"estudo-mostra-brasil-como-o-pais-onde-producao-de-podcasts-mais-cresceu-durante-pandemia","status":"publish","type":"post","link":"https:\/\/sertsc.org.br\/site\/estudo-mostra-brasil-como-o-pais-onde-producao-de-podcasts-mais-cresceu-durante-pandemia\/","title":{"rendered":"Estudo mostra Brasil como o pa\u00eds onde a produ\u00e7\u00e3o de podcasts mais cresceu durante a pandemia"},"content":{"rendered":"<p style=\"text-align: justify;\">Um relat\u00f3rio publicado pela Voxnest apontou o Brasil como o pa\u00eds onde a produ\u00e7\u00e3o de podcasts mais cresceu durante a pandemia do novo coronav\u00edrus. O estudo, que leva em conta os dados sobre cria\u00e7\u00e3o e consumo do conte\u00fado durante o primeiro semestre deste ano, tamb\u00e9m mostra que os podcasts em l\u00edngua portuguesa foram os que apresentaram o maior \u00edndice crescimento. O r\u00e1dio tem contribu\u00eddo com esse avan\u00e7o atrav\u00e9s da maior produ\u00e7\u00e3o de conte\u00fado em formato podcast nas emissoras. E o consumo tamb\u00e9m cresceu.<\/p>\n<p style=\"text-align: justify;\">Uma vers\u00e3o compacta do relat\u00f3rio State of the Podcast Universe, publicado pela Voxnest, revelou que o Brasil lidera o ranking de pa\u00edses onde a produ\u00e7\u00e3o de podcasts mais cresceu desde o in\u00edcio de 2020, sucedendo o Reino Unido e o Canad\u00e1, pa\u00edses que figuram respectivamente o segundo e terceiro lugar. Mesmo tendo sido um dos pa\u00edses mais afetados pela Covid-19, o mercado brasileiro segue se destacando pela produ\u00e7\u00e3o crescente do conte\u00fado on-demand. O crescimento j\u00e1 vinha sendo demonstrado no relat\u00f3rio de 2019 da empresa americana, o qual j\u00e1 havia mostrado o Brasil despontando na segunda posi\u00e7\u00e3o do ranking de cria\u00e7\u00e3o, atr\u00e1s apenas da Argentina<\/p>\n<p style=\"text-align: justify;\">Em dezembro pr\u00f3ximo est\u00e1 prevista a publica\u00e7\u00e3o da vers\u00e3o completa do State of the Podcast Universe, com dados mais aprofundados do podcast no Brasil e em outros pa\u00edses. Apesar deste \u00faltimo ser mais compacto, o relat\u00f3rio mostrou ainda que os podcasts em l\u00edngua portuguesa saltaram 103%, estando entre os que apresentaram o maior \u00edndice crescimento e ficando atr\u00e1s os podcasts em l\u00edngua espanhola.<\/p>\n<p style=\"text-align: justify;\">Tonia Maffeo, que \u00e9 diretora de marketing da Voxnest, confirma que nem sempre o h\u00e1bito de consumo acompanha a produ\u00e7\u00e3o. &#8220;O consumo de podcasts est\u00e1 muito atrelado ao comportamento cultural do local. Podcast \u00e9 uma m\u00eddia muito individual e, em muitos mercados, como \u00e9 o caso do Brasil, ele est\u00e1 altamente relacionado com os deslocamentos e as idas \u00e0 academia. Quando se corta isso, \u00e9 normal haver uma queda no n\u00famero de oportunidades que o usu\u00e1rio tem para consumir essa m\u00eddia&#8221;, explica.<\/p>\n<p style=\"text-align: justify;\">A redu\u00e7\u00e3o da mobilidade mencionada pela gestora foi bem evidente quando analisados os dispositivos para reprodu\u00e7\u00e3o de podcasts. Computadores tiveram um crescimento de 58%, contra 32% dos smartphones e tablets em n\u00edvel internacional.<\/p>\n<p style=\"text-align: justify;\"><strong>Produ\u00e7\u00e3o de podcasts por r\u00e1dios avan\u00e7a em consumo<\/strong><\/p>\n<p style=\"text-align: justify;\"><strong><a href=\"https:\/\/tudoradio.com\/noticias\/ver\/23741-cbn-e-jovem-pan-continuam-entre-os-podcasts-mais-consumidos-da-america-latina-no-ambiente-auditado-pela-triton-digital\">Na \u00faltima semana o portaltudoradio.com divulgou dados atualizados do ranking &#8220;Podcast Triton Digital LATAM&#8221;<\/a><\/strong>. O relat\u00f3rio mostrou a posi\u00e7\u00e3o de podcasts auditados pela Triton Digital e apontou que produ\u00e7\u00f5es de r\u00e1dios CBN, Jovem Pan FM \u00a0e Jovem Pan News seguem entre os vinte podcasts mais consumidos da Am\u00e9rica Latina no ambiente auditado pela empresa. Entre os podcasts brasileiros mais consumidos est\u00e3o o do programa P\u00e2nico e o Academia CBN.<\/p>\n<p style=\"text-align: justify;\">A medi\u00e7\u00e3o da Triton Digital abrange um per\u00edodo que conta com a pandemia do novo coronav\u00edrus (11\/05 a 07\/06) e conta com outras produ\u00e7\u00f5es das duas r\u00e1dios entre os 100 podcasts de maior consumo na Am\u00e9rica Latina.<\/p>\n<p style=\"text-align: justify;\"><em>Com informa\u00e7\u00f5es da Voxnest<\/em><\/p>\n<p style=\"text-align: justify;\">\n<p style=\"text-align: justify;\">Fonte: Tudor\u00e1dio<\/p>\n","protected":false},"excerpt":{"rendered":"<p>Um relat\u00f3rio publicado pela Voxnest apontou o Brasil como o&hellip;<\/p>\n<p> <a class=\"more-link\" href=\"https:\/\/sertsc.org.br\/site\/estudo-mostra-brasil-como-o-pais-onde-producao-de-podcasts-mais-cresceu-durante-pandemia\/\">Leia mais<\/a><\/p>\n","protected":false},"author":1,"featured_media":12870,"comment_status":"closed","ping_status":"open","sticky":false,"template":"","format":"standard","meta":{"footnotes":""},"categories":[3],"tags":[],"class_list":{"0":"post-12869","1":"post","2":"type-post","3":"status-publish","4":"format-standard","5":"has-post-thumbnail","7":"category-noticias"},"_links":{"self":[{"href":"https:\/\/sertsc.org.br\/site\/wp-json\/wp\/v2\/posts\/12869","targetHints":{"allow":["GET"]}}],"collection":[{"href":"https:\/\/sertsc.org.br\/site\/wp-json\/wp\/v2\/posts"}],"about":[{"href":"https:\/\/sertsc.org.br\/site\/wp-json\/wp\/v2\/types\/post"}],"author":[{"embeddable":true,"href":"https:\/\/sertsc.org.br\/site\/wp-json\/wp\/v2\/users\/1"}],"replies":[{"embeddable":true,"href":"https:\/\/sertsc.org.br\/site\/wp-json\/wp\/v2\/comments?post=12869"}],"version-history":[{"count":0,"href":"https:\/\/sertsc.org.br\/site\/wp-json\/wp\/v2\/posts\/12869\/revisions"}],"wp:featuredmedia":[{"embeddable":true,"href":"https:\/\/sertsc.org.br\/site\/wp-json\/"}],"wp:attachment":[{"href":"https:\/\/sertsc.org.br\/site\/wp-json\/wp\/v2\/media?parent=12869"}],"wp:term":[{"taxonomy":"category","embeddable":true,"href":"https:\/\/sertsc.org.br\/site\/wp-json\/wp\/v2\/categories?post=12869"},{"taxonomy":"post_tag","embeddable":true,"href":"https:\/\/sertsc.org.br\/site\/wp-json\/wp\/v2\/tags?post=12869"}],"curies":[{"name":"wp","href":"https:\/\/api.w.org\/{rel}","templated":true}]}}